{"id":73510,"date":"2022-10-24T11:36:39","date_gmt":"2022-10-24T15:36:39","guid":{"rendered":"https:\/\/www.ludwig-van.com\/montreal\/?p=73510"},"modified":"2022-10-26T18:55:09","modified_gmt":"2022-10-26T22:55:09","slug":"choix-de-la-redaction-les-concerts-de-musique-classique-ne-pas-manquer-du-24-au-30-octobre","status":"publish","type":"post","link":"https:\/\/www.ludwig-van.com\/montreal\/2022\/10\/24\/choix-de-la-redaction-les-concerts-de-musique-classique-ne-pas-manquer-du-24-au-30-octobre\/","title":{"rendered":"CHOIX DE LA R\u00c9DACTION | Les concerts de musique classique \u00e0 ne pas manquer du 24 au 30 octobre"},"content":{"rendered":"<figure id=\"attachment_73515\" aria-describedby=\"caption-attachment-73515\" style=\"width: 1200px\" class=\"wp-caption alignnone\"><img decoding=\"async\" loading=\"lazy\" class=\"size-full wp-image-73515\" src=\"https:\/\/www.ludwig-van.com\/montreal\/wp-content\/uploads\/sites\/3\/2022\/10\/Copie-de-CONCERTS-34.jpg\" alt=\"Pascal G. Berardi, Lorraine Vaillancourt, Andr\u00e9 Laplante (Photo Peter Schaff)\" width=\"1200\" height=\"628\" \/><figcaption id=\"caption-attachment-73515\" class=\"wp-caption-text\">Pascal G. Berardi (Photo: courtoisie) Lorraine Vaillancourt (Photo: Bernard Pr\u00e9fontaine) Andr\u00e9 Laplante (Photo Peter Schaff)<\/figcaption><\/figure>\n<h3>Alors que l\u2019Halloween approche, la semaine de concerts s\u2019av\u00e8re riche en contrastes. Voici nos Choix de la r\u00e9daction du 24 au 30 octobre 2022.<\/h3>\n<p>&nbsp;<\/p>\n<figure id=\"attachment_54935\" aria-describedby=\"caption-attachment-54935\" style=\"width: 1024px\" class=\"wp-caption aligncenter\"><img decoding=\"async\" loading=\"lazy\" class=\"wp-image-54935 size-full\" src=\"https:\/\/www.ludwig-van.com\/montreal\/wp-content\/uploads\/sites\/3\/2018\/06\/NEM_Lorraine_Vaillancourt_CREDIT_Bernard-Pre\u0301fontaine-refaite.jpg\" alt=\"Lorraine Vaillancourt. (Cr\u00e9dit: Bernard Pr\u00e9fontaine).\" width=\"1024\" height=\"683\" srcset=\"https:\/\/www.ludwig-van.com\/montreal\/wp-content\/uploads\/sites\/3\/2018\/06\/NEM_Lorraine_Vaillancourt_CREDIT_Bernard-Pre\u0301fontaine-refaite.jpg 1024w, https:\/\/www.ludwig-van.com\/montreal\/wp-content\/uploads\/sites\/3\/2018\/06\/NEM_Lorraine_Vaillancourt_CREDIT_Bernard-Pre\u0301fontaine-refaite-300x200.jpg 300w, https:\/\/www.ludwig-van.com\/montreal\/wp-content\/uploads\/sites\/3\/2018\/06\/NEM_Lorraine_Vaillancourt_CREDIT_Bernard-Pre\u0301fontaine-refaite-768x512.jpg 768w\" sizes=\"(max-width: 1024px) 100vw, 1024px\" \/><figcaption id=\"caption-attachment-54935\" class=\"wp-caption-text\">Lorraine Vaillancourt. (Cr\u00e9dit: Bernard Pr\u00e9fontaine).<\/figcaption><\/figure>\n<h3><strong>Nouvel Ensemble Moderne: Faire face \u00e0 la musique<\/strong><\/h3>\n<h3>Le 25 octobre, 19h30, Salle Bourgie \u2013 <a href=\"https:\/\/www.mbam.qc.ca\/fr\/activites\/nouvel-ensemble-moderne-nem-faire-face-a-la-musique-1\/\" target=\"_blank\" rel=\"noopener\">D\u00c9TAILS ET BILLETS<\/a><\/h3>\n<p>Les po\u00e8mes de Paul Auster et de Jos\u00e9phine Bacon seront \u00e0 l\u2019honneur dans ce concert. C\u2019est la cheffe <strong>Lorraine Vaillancourt<\/strong> qui dirigera les \u0153uvres des compositeurs <strong>Tim Brady<\/strong> et <strong>Simon Bertrand.<\/strong><\/p>\n<p>&nbsp;<\/p>\n<figure id=\"attachment_62025\" aria-describedby=\"caption-attachment-62025\" style=\"width: 800px\" class=\"wp-caption aligncenter\"><img decoding=\"async\" loading=\"lazy\" class=\"wp-image-62025 size-full\" src=\"https:\/\/www.ludwig-van.com\/montreal\/wp-content\/uploads\/sites\/3\/2017\/09\/Trinity-college.jpg\" alt=\"Choir of Trinity Wall Street (Photo : Mark Dolejs)\" width=\"800\" height=\"400\" srcset=\"https:\/\/www.ludwig-van.com\/montreal\/wp-content\/uploads\/sites\/3\/2017\/09\/Trinity-college.jpg 800w, https:\/\/www.ludwig-van.com\/montreal\/wp-content\/uploads\/sites\/3\/2017\/09\/Trinity-college-300x150.jpg 300w, https:\/\/www.ludwig-van.com\/montreal\/wp-content\/uploads\/sites\/3\/2017\/09\/Trinity-college-768x384.jpg 768w\" sizes=\"(max-width: 800px) 100vw, 800px\" \/><figcaption id=\"caption-attachment-62025\" class=\"wp-caption-text\">Choir of Trinity Wall Street (Photo : Mark Dolejs)<\/figcaption><\/figure>\n<h3><strong>Cantates de Bach avec Le Trinity Baroque Orchestre et le Ch\u0153ur de Trinity Wall Street<\/strong><\/h3>\n<h3>Le 30 octobre, 14h30, Salle Bourgie &#8211; <a href=\"https:\/\/www.mbam.qc.ca\/fr\/activites\/le-trinity-baroque-orchestra-et-le-chur-de-trinity-wall-street-new-york---integrale-des-cantates-de-j-s-bach---an-8-1\/\" target=\"_blank\" rel=\"noopener\">D\u00c9TAILS ET BILLETS<\/a><\/h3>\n<p>Il y a plus de huit ans, le Trinity Baroque Orchestra et le Ch\u0153ur de Trinity Wall Street commen\u00e7aient leur tourn\u00e9e musicale. Pour la derni\u00e8re ann\u00e9e de leur p\u00e9riple, ils interpr\u00e9teront quatre cantates de Bach. Le public sera invit\u00e9 \u00e0 chanter le choral final de la derni\u00e8re cantate BWX 80.<\/p>\n<p>&nbsp;<\/p>\n<figure id=\"attachment_67088\" aria-describedby=\"caption-attachment-67088\" style=\"width: 1200px\" class=\"wp-caption alignnone\"><img decoding=\"async\" loading=\"lazy\" class=\"size-full wp-image-67088\" src=\"https:\/\/www.ludwig-van.com\/montreal\/wp-content\/uploads\/sites\/3\/2021\/06\/Pascal-Germain-Berardi-chef-et-Pierre-Luc-Senecal-fondateur-et-chef-du-Growlers-Choir.jpg\" alt=\"\" width=\"1200\" height=\"800\" \/><figcaption id=\"caption-attachment-67088\" class=\"wp-caption-text\">Pascal G. Berardi et Pierre-Luc Sen\u00e9cal. (Photo: Elias Touil)<\/figcaption><\/figure>\n<h3><strong>Temps fort | Extr\u00eames Vocaux <\/strong><\/h3>\n<h3>Le 27 octobre, 19h30, \u00c9glise Sacr\u00e9-C\u0153ur-de-J\u00e9sus \u2013 <a href=\"https:\/\/lepointdevente.com\/billets\/extremes-vocaux-2\" target=\"_blank\" rel=\"noopener\">D\u00c9TAILS ET BILLETS<\/a><\/h3>\n<p>Une r\u00e9union rare aura lieu lors de ce concert. Chorale classique et chorale de <em>growlers<\/em> s\u2019unissent une seconde fois, sous la direction de <strong>Pascal Germain-Berardi<\/strong>, afin de cr\u00e9er un univers sonore des plus singulier. Une exp\u00e9rience que notre r\u00e9dactrice en chef a qualifi\u00e9e de \u00ab\u00a0renversante\u00a0\u00bb!<\/p>\n<p><a href=\"https:\/\/www.ludwig-van.com\/montreal\/2021\/06\/20\/critique-portrait-extremes-vocaux-experience-renversante\/\" target=\"_blank\" rel=\"noopener\">LIRE NOTRE CRITIQUE DE CE SPECTACLE<\/a><\/p>\n<p>&nbsp;<\/p>\n<figure id=\"attachment_48001\" aria-describedby=\"caption-attachment-48001\" style=\"width: 1024px\" class=\"wp-caption aligncenter\"><img decoding=\"async\" loading=\"lazy\" class=\"wp-image-48001 size-full\" src=\"https:\/\/www.ludwig-van.com\/montreal\/wp-content\/uploads\/sites\/3\/2017\/09\/ChapelleBonPasteur_01-Olivier-ruel.jpg\" alt=\"Chapelle historique du Bon-Pasteur. (Cr\u00e9dit: Olivier Ruel)\" width=\"1024\" height=\"576\" srcset=\"https:\/\/www.ludwig-van.com\/montreal\/wp-content\/uploads\/sites\/3\/2017\/09\/ChapelleBonPasteur_01-Olivier-ruel.jpg 1024w, https:\/\/www.ludwig-van.com\/montreal\/wp-content\/uploads\/sites\/3\/2017\/09\/ChapelleBonPasteur_01-Olivier-ruel-300x169.jpg 300w, https:\/\/www.ludwig-van.com\/montreal\/wp-content\/uploads\/sites\/3\/2017\/09\/ChapelleBonPasteur_01-Olivier-ruel-768x432.jpg 768w\" sizes=\"(max-width: 1024px) 100vw, 1024px\" \/><figcaption id=\"caption-attachment-48001\" class=\"wp-caption-text\">Chapelle historique du Bon-Pasteur. (Cr\u00e9dit: Olivier Ruel)<\/figcaption><\/figure>\n<h2>Chapelle historique du Bon-Pasteur<\/h2>\n<h3><strong>Andr\u00e9 Laplante et le Quatuor Arthur Leblanc\u00a0<\/strong><\/h3>\n<h3>Le 27 octobre, Chapelle historique du Bon-Pasteur \u2013 <a href=\"http:\/\/lepointdevente.com\/billets\/dwv221027001\" target=\"_blank\" rel=\"noopener\">D\u00c9TAILS ET BILLETS<\/a><\/h3>\n<p>Le <strong>Quatuor Arthur-Leblanc<\/strong> et le pianiste <strong>Andr\u00e9 Laplante<\/strong> pr\u00e9senteront deux compositions majeures dans l\u2019\u0153uvre de Robert Schumann\u00a0: son quintette pour piano et cordes, ainsi que le quatuor n\u00b03.<\/p>\n<h3><strong>Clara et Robert Schumann par Louis-Philippe Marsolais et David Jalbert<\/strong><\/h3>\n<h3>Le 30 octobre, Chapelle historique du Bon-Pasteur \u2013 <a href=\"http:\/\/lepointdevente.com\/billets\/dwv221030001\" target=\"_blank\" rel=\"noopener\">D\u00c9TAILS ET BILLETS<\/a><\/h3>\n<p>David Jalbert, pianiste et Louis-Philippe Marsolais, corniste, pr\u00e9senteront des \u0153uvres de Robert et Clara Wieck-Schumann \u00e0 la Chapelle Historique du Bon-Pasteur.<\/p>\n<p>&nbsp;<\/p>\n<p style=\"text-align: center;\"><img decoding=\"async\" loading=\"lazy\" class=\"alignnone size-full wp-image-73534\" src=\"https:\/\/www.ludwig-van.com\/montreal\/wp-content\/uploads\/sites\/3\/2022\/10\/Profs-de-lUdeM.jpg\" alt=\"\" width=\"1005\" height=\"528\" \/><\/p>\n<h3><strong>Universit\u00e9 de Montr\u00e9al | Les profs de l\u2019UdeM<\/strong><\/h3>\n<h3>Le 28 octobre, 19h30, Salle Serge-Garant \u2013 <a href=\"https:\/\/www.calendrier.umontreal.ca\/detail\/886345-les-profs-de-ludem\" target=\"_blank\" rel=\"noopener\">D\u00c9TAILS ET BILLETS<\/a><\/h3>\n<p><strong>Yukari Cousineau<\/strong>, violon, <strong>Louis-Philippe Marsolais<\/strong>, cor, <strong>Jimmy Bri\u00e8re<\/strong>, piano<\/p>\n<p><strong>Quatuor Andara<\/strong>, ensemble junior en r\u00e9sidence \u00e0 la Facult\u00e9 de musique :\u00a0Marie-Claire Vaillancourt (violon), Jeanne C\u00f4t\u00e9 (violon), Vincent Delorme (alto) et Dominique Beaus\u00e9jour-Ostiguy (violoncelle)<\/p>\n<p><strong>Programme<\/strong><\/p>\n<p><strong>Wolfgang Amadeus Mozart<\/strong>,\u00a0<em>Duo pour violon et alto no\u00a01 en sol majeur<\/em>, K.\u00a0423<\/p>\n<p><strong>Walter Courvoisier,<\/strong>\u00a0<em>Suite pour violon seul op. 31 no 4<\/em><\/p>\n<p><strong>Alexandr Scriabine<\/strong>,\u00a0<em>Romance pour cor et piano<\/em><\/p>\n<p><strong>Robert Schumann<\/strong><em>, Quintette pour piano et cordes en mi b\u00e9mol majeur<\/em>, op.\u00a044<\/p>\n<p>Autres pi\u00e8ces pour violon seul<\/p>\n<p>&nbsp;<\/p>\n<p style=\"text-align: center;\"><img decoding=\"async\" loading=\"lazy\" class=\"alignnone size-full wp-image-72992\" src=\"https:\/\/www.ludwig-van.com\/montreal\/wp-content\/uploads\/sites\/3\/2022\/09\/Idees_Heureuses_La_foret_enchantee.png\" alt=\"\" width=\"992\" height=\"631\" \/><\/p>\n<h3><strong>Une For\u00eat enchant\u00e9e pour Halloween<\/strong><\/h3>\n<h3>Le 28 octobre, 20h, Salle Pierre-Mercure &#8211; <a href=\"https:\/\/ideesheureuses.ca\/events\/laforestenchantee\/\" target=\"_blank\" rel=\"noopener\">D\u00c9TAILS ET BILLETS<\/a><\/h3>\n<p>Construit sur le th\u00e8me d\u2019Halloween, ce spectacle sera compos\u00e9 de musique baroque, de d\u00e9cors, de costumes et de danse. Ce sont les \u0153uvres du compositeur italien Francesco Geminiani qui seront interpr\u00e9t\u00e9es par des artistes d\u00e9sireux et d\u00e9sireuses de faire connaitre ce r\u00e9pertoire m\u00e9connu.<\/p>\n<h2><em>Inscrivez-vous \u00e0 notre infolettre! La musique classique et l&rsquo;op\u00e9ra en 5 minutes, chaque jour<\/em> \u00a0<span style=\"color: #ff0000;\"><a style=\"color: #ff0000;\" href=\"https:\/\/ludwig-van.us9.list-manage.com\/subscribe?u=4f785cb3f9058f2393ccad035&amp;id=b9b160c032\" target=\"_blank\" rel=\"noopener noreferrer\">ICI<\/a><\/span><\/h2>\n","protected":false},"excerpt":{"rendered":"<p>Alors que l\u2019Halloween approche, la semaine de concerts s\u2019av\u00e8re riche en contrastes. Voici nos Choix de la r\u00e9daction du 24 au 30 octobre 2022.<\/p>\n","protected":false},"author":105,"featured_media":73515,"comment_status":"open","ping_status":"open","sticky":false,"template":"","format":"standard","meta":{"om_disable_all_campaigns":false,"jetpack_post_was_ever_published":false},"categories":[42010,10956,10994],"tags":[42007,10985,11137],"yst_prominent_words":[26860,22180,31965,9806,9792,21883,26052,9799,28482,18296,19885,21568,31964,35967],"acf":[],"jetpack_featured_media_url":"https:\/\/www.ludwig-van.com\/montreal\/wp-content\/uploads\/sites\/3\/2022\/10\/Copie-de-CONCERTS-34.jpg","jetpack_sharing_enabled":true,"jetpack_shortlink":"https:\/\/wp.me\/p9bdYt-j7E","amp_enabled":true,"_links":{"self":[{"href":"https:\/\/www.ludwig-van.com\/montreal\/wp-json\/wp\/v2\/posts\/73510"}],"collection":[{"href":"https:\/\/www.ludwig-van.com\/montreal\/wp-json\/wp\/v2\/posts"}],"about":[{"href":"https:\/\/www.ludwig-van.com\/montreal\/wp-json\/wp\/v2\/types\/post"}],"author":[{"embeddable":true,"href":"https:\/\/www.ludwig-van.com\/montreal\/wp-json\/wp\/v2\/users\/105"}],"replies":[{"embeddable":true,"href":"https:\/\/www.ludwig-van.com\/montreal\/wp-json\/wp\/v2\/comments?post=73510"}],"version-history":[{"count":9,"href":"https:\/\/www.ludwig-van.com\/montreal\/wp-json\/wp\/v2\/posts\/73510\/revisions"}],"predecessor-version":[{"id":73573,"href":"https:\/\/www.ludwig-van.com\/montreal\/wp-json\/wp\/v2\/posts\/73510\/revisions\/73573"}],"wp:featuredmedia":[{"embeddable":true,"href":"https:\/\/www.ludwig-van.com\/montreal\/wp-json\/wp\/v2\/media\/73515"}],"wp:attachment":[{"href":"https:\/\/www.ludwig-van.com\/montreal\/wp-json\/wp\/v2\/media?parent=73510"}],"wp:term":[{"taxonomy":"category","embeddable":true,"href":"https:\/\/www.ludwig-van.com\/montreal\/wp-json\/wp\/v2\/categories?post=73510"},{"taxonomy":"post_tag","embeddable":true,"href":"https:\/\/www.ludwig-van.com\/montreal\/wp-json\/wp\/v2\/tags?post=73510"},{"taxonomy":"yst_prominent_words","embeddable":true,"href":"https:\/\/www.ludwig-van.com\/montreal\/wp-json\/wp\/v2\/yst_prominent_words?post=73510"}],"curies":[{"name":"wp","href":"https:\/\/api.w.org\/{rel}","templated":true}]}}