{"id":73479,"date":"2022-10-19T13:31:01","date_gmt":"2022-10-19T17:31:01","guid":{"rendered":"https:\/\/www.ludwig-van.com\/montreal\/?p=73479"},"modified":"2022-10-19T13:31:01","modified_gmt":"2022-10-19T17:31:01","slug":"communaute-en-avant-lart-vivant-aux-jeunesses-musicales-canada","status":"publish","type":"post","link":"https:\/\/www.ludwig-van.com\/montreal\/2022\/10\/19\/communaute-en-avant-lart-vivant-aux-jeunesses-musicales-canada\/","title":{"rendered":"COMMUNAUT\u00c9 | En avant l&rsquo;art vivant! aux Jeunesses Musicales Canada"},"content":{"rendered":"<p>&nbsp;<\/p>\n<figure id=\"attachment_73481\" aria-describedby=\"caption-attachment-73481\" style=\"width: 1200px\" class=\"wp-caption alignnone\"><img decoding=\"async\" loading=\"lazy\" class=\"size-full wp-image-73481\" src=\"https:\/\/www.ludwig-van.com\/montreal\/wp-content\/uploads\/sites\/3\/2022\/10\/Barbada-cover.jpg\" alt=\"Barbada (Photo: Martine Poulin)\" width=\"1200\" height=\"628\" \/><figcaption id=\"caption-attachment-73481\" class=\"wp-caption-text\">Barbada (Photo: Martine Poulin)<\/figcaption><\/figure>\n<h1 style=\"text-align: center;\"><del>Un message des Jeunesses Musicales Canada<\/del><\/h1>\n<p>&nbsp;<\/p>\n<h2 style=\"text-align: center;\"><strong><em>En avant l\u2019art vivant\u2009!<\/em><\/strong><\/h2>\n<h2 style=\"text-align: center;\"><strong><br \/>\n<\/strong><strong>La salle Joseph-Rouleau au rythme des variations musicales<\/strong><\/h2>\n<p>&nbsp;<\/p>\n<p>Montr\u00e9al, le 19 octobre 2022 &#8211; Les <strong>Jeunesses Musicales Canada<\/strong> (JM Canada) d\u00e9marrent leur saison sur les chapeaux de roue, du 19 au 23 octobre 2022 avec l\u2019\u00e9v\u00e9nement <em>En avant l\u2019art vivant\u2009!<\/em>, \u00e0 la salle Joseph-Rouleau de la Maison Andr\u00e9-Bourbeau. Au menu\u00a0: Classe de ma\u00eetre, heure du conte musical, atelier, bal et concerts hors-s\u00e9rie le tout anim\u00e9 par la Drag-Queen Barbada, accompagn\u00e9e par le violoncelliste St\u00e9phane T\u00e9treault.<\/p>\n<p>\u00ab\u2009Assister aux concerts des JM Canada est une occasion unique de rencontrer les musiciens professionnels de la rel\u00e8ve qui sont appel\u00e9s \u00e0 des carri\u00e8res prometteuses. Le t\u00e9nor Marc Hervieux, la contralto Marie-Nicole Lemieux, et plus r\u00e9cemment, le pianiste Charles Richard-Hamelin, le violoncelliste St\u00e9phane T\u00e9treault, le pianiste Philippe Prud\u2019homme et le duo Stick &amp; Bow sont tous des artistes qui ont fait des tourn\u00e9es avec les JM Canada en d\u00e9but de carri\u00e8re\u2009\u00bb, a d\u00e9clar\u00e9 Dani\u00e8le LeBlanc, directrice g\u00e9n\u00e9rale et artistique.<\/p>\n<p>Les JM Canada souhaitent aussi faire d\u00e9couvrir leur salle, un tr\u00e9sor bien cach\u00e9, \u00e0 la communaut\u00e9 montr\u00e9alaise. Facilement accessible en m\u00e9tro (station Mont-Royal), la salle Joseph-Rouleau offre une acoustique exceptionnelle dans une atmosph\u00e8re feutr\u00e9e et intime.<\/p>\n<p>&nbsp;<\/p>\n<h3><strong>Programmation d\u2019<em>En avant l\u2019art vivant<\/em>!<\/strong><\/h3>\n<p><strong>Cours de ma\u00eetre avec St\u00e9phane T\u00e9treault<\/strong><\/p>\n<p>Le public est invit\u00e9 \u00e0 d\u00e9couvrir et encourager les jeunes artistes canadiens de demain dans une formule intime. Gr\u00e2ce \u00e0 un cours de ma\u00eetre avec le violoncelliste de renom <strong>St\u00e9phane T\u00e9treault<\/strong>, les \u00e9tudiants du Conservatoire de musique de Montr\u00e9al ont l\u2019occasion unique d\u2019\u00e9changer avec un artiste \u00e9tabli tout en perfectionnant leurs connaissances du r\u00e9pertoire et de l\u2019instrument.<\/p>\n<p>Gratuit\u00a0: 19 octobre 2022 \u00e0 10 h &#8211; Activit\u00e9 rel\u00e8ve &#8211; Places limit\u00e9es ouvertes au public (sur r\u00e9servation).<\/p>\n<p><strong>L\u2019heure du conte musical avec Barbada<\/strong><\/p>\n<p>Pour cette heure du conte bien sp\u00e9ciale, Barbada sera accompagn\u00e9 du pianiste Xavier Rousseau. Les enfants sont invit\u00e9s \u00e0 une activit\u00e9 ludique et sympathique qui vise \u00e0 les amener \u00e0 s\u2019ouvrir \u00e0 l\u2019inclusion, \u00e0 d\u00e9velopper l\u2019amour de la lecture et de la musique. Ils auront aussi la joie de d\u00e9couvrir bri\u00e8vement l\u2019univers color\u00e9 des Drag-Queens\u2009!<\/p>\n<p>Gratuit\u00a0: 21 octobre 2022 \u00e0 9 h 30 et \u00e0 10 h 45 &#8211; Activit\u00e9 scolaire 3-6 ans &#8211; Places limit\u00e9es ouvertes au public (sur r\u00e9servation).<\/p>\n<p><strong>Atelier Musique au corps, encore\u2009!<\/strong><\/p>\n<p>Dans cette initiation au rythme, les jeunes d\u00e9couvrent et observent diff\u00e9rentes cultures musicales qui utilisent le corps comme un instrument de percussion. En groupe, ils sont invit\u00e9s \u00e0 relever des d\u00e9fis rythmiques et \u00e0 cr\u00e9er un orchestre de percussion corporelle.<\/p>\n<p>Gratuit\u00a0: 21 octobre 2022 \u00e0 13 h &#8211; Activit\u00e9 scolaire 7-12 ans &#8211; Places limit\u00e9es ouvertes au public (sur r\u00e9servation).<\/p>\n<p>&nbsp;<\/p>\n<p style=\"text-align: center;\"><img decoding=\"async\" loading=\"lazy\" class=\"alignnone size-full wp-image-73444\" src=\"https:\/\/www.ludwig-van.com\/montreal\/wp-content\/uploads\/sites\/3\/2022\/10\/JMCanada_Barbada_Globetrotteurs.png\" alt=\"\" width=\"300\" height=\"300\" \/><\/p>\n<p><strong>Barbada et le bal des globetrotteurs<\/strong><\/p>\n<p>Barbada et cinq artistes passionn\u00e9s de musique entra\u00eenent les enfants dans une aventure dansante et festive. De l\u2019Am\u00e9rique du Sud \u00e0 l\u2019Europe en passant par l\u2019Inde, petits et grands d\u00e9couvrent diff\u00e9rentes traditions musicales et prennent conscience que la diversit\u00e9 culturelle est un tr\u00e9sor de richesse\u2009!<\/p>\n<p>Gratuit\u00a0: 22 octobre \u00e0 10 h et \u00e0 11 h 30 &#8211; Activit\u00e9 grand public &#8211; 6-10 ans (sur r\u00e9servation)<\/p>\n<p>&nbsp;<\/p>\n<figure id=\"attachment_73452\" aria-describedby=\"caption-attachment-73452\" style=\"width: 300px\" class=\"wp-caption aligncenter\"><img decoding=\"async\" loading=\"lazy\" class=\"size-full wp-image-73452\" src=\"https:\/\/www.ludwig-van.com\/montreal\/wp-content\/uploads\/sites\/3\/2022\/10\/JMCanada_Barbada_STetreault.png\" alt=\"\" width=\"300\" height=\"300\" \/><figcaption id=\"caption-attachment-73452\" class=\"wp-caption-text\">Barbada<br \/>St\u00e9phane T\u00e9treault<\/figcaption><\/figure>\n<p><strong>Carte blanche \u00e0 Barbada et St\u00e9phane T\u00e9treault<\/strong><\/p>\n<p>Cette soir\u00e9e \u00e9clat\u00e9e est pr\u00e9sent\u00e9e par le violoncelliste St\u00e9phane T\u00e9treault et la Drag-Queen Barbada. Voil\u00e0 un concert in\u00e9dit, o\u00f9 musique, humour, tendresse et l\u00e9g\u00e8ret\u00e9 sont \u00e0 l\u2019honneur\u2009! Le public peut \u00e9couter des \u0153uvres pour violoncelle, alors que Barbada, St\u00e9phane et leurs invit\u00e9s-surprises d\u00e9boulonnent les mythes de la musique classique et attirent dans un univers o\u00f9 les styles fusionnent et s\u2019entrem\u00ealent\u2026<\/p>\n<p>Gratuit\u00a0: 22 octobre 2022 \u00e0 19 h &#8211; Activit\u00e9 grand public &#8211; Un ap\u00e9ro est offert d\u00e8s 18\u00a0h (sur r\u00e9servation)<\/p>\n<h3><strong>La saison se poursuit<\/strong><\/h3>\n<p>Apr\u00e8s ce bel \u00e9v\u00e9nement de la rentr\u00e9e, les JM Canada invitent le public \u00e0 un voyage musical riche et color\u00e9 avec ses concerts pour petits et grands dans le cadre des Concerts ap\u00e9ro et des Concertinos famille.<\/p>\n<h3><strong>S\u00e9rie Concert ap\u00e9ro<\/strong><\/h3>\n<p>Cinq jeudis dans la saison, les meilleurs musiciens et musiciennes de la rel\u00e8ve jouent un programme comment\u00e9 de soixante \u00e0 soixante-quinze minutes sans entracte.<\/p>\n<p>L\u2019artiste en r\u00e9sidence pour cet automne, la pianiste Meagan Milatz, invite le public \u00e0 voyager avec elle et ses complices avec trois concerts uniques.<\/p>\n<ul>\n<li><strong>Les voix d\u2019Europe de l\u2019Est\u00a0:<\/strong> le 20 octobre 2022, avec la violoniste Isabella D\u2019\u00c9loize, explore les sonorit\u00e9s de l\u2019Europe de l\u2019Est.<\/li>\n<li><strong>Mosa\u00efques hongroises\u00a0:<\/strong> le 17 novembre 2022, avec le violoniste Andrew Wan et le clarinettiste Todd Cope, invite l\u2019auditoire \u00e0 d\u00e9couvrir le paysage musical de la Hongrie;<\/li>\n<li><strong>Le piano romantique\u00a0: <\/strong>le 1<sup>er<\/sup> d\u00e9cembre 2022, propose une exploration de la musique \u00e9crite pour piano solo au XIX<sup>e<\/sup> si\u00e8cle.<\/li>\n<\/ul>\n<p>&nbsp;<\/p>\n<p>Le 26 janvier 2023, le violoncelliste <strong>Dominique Beaus\u00e9jour-Ostiguy<\/strong> et le guitariste <strong>Christ Habib<\/strong> soulignent le 100<sup>e<\/sup> anniversaire d\u2019Astor Piazzolla, ce grand compositeur aux sons de ses plus grandes inspirations, avec le concert <strong>Hommage \u00e0 Piazzolla<\/strong>.<\/p>\n<p>Puis le 23 f\u00e9vrier 2023, c\u2019est une ode \u00e0 la nature avec <strong>Entre Ciel et Terre <\/strong>que propose le clarinettiste <strong>Louis-Beno\u00eet Caron<\/strong>, accompagn\u00e9 du pianiste <strong>Julien Leblanc.<\/strong><\/p>\n<p>Pour les Concerts ap\u00e9ro, le public est attendu d\u00e8s 18\u00a0h pour d\u00e9guster gratuitement un verre de vin s\u00e9lectionn\u00e9 et offert par notre partenaire r\u00e9Zin, avant chaque concert, qui lui, d\u00e9bute \u00e0 19\u00a0h.<\/p>\n<p>&nbsp;<\/p>\n<p style=\"text-align: center;\"><img decoding=\"async\" loading=\"lazy\" class=\"alignnone size-full wp-image-73459\" src=\"https:\/\/www.ludwig-van.com\/montreal\/wp-content\/uploads\/sites\/3\/2022\/10\/JMCanada_Hansel_Gretel.png\" alt=\"\" width=\"300\" height=\"300\" \/><\/p>\n<h3><strong>S\u00e9rie Concertinos famille<\/strong><\/h3>\n<p>D\u00e8s l\u2019\u00e2ge de 3 ans, les jeunes m\u00e9lomanes se laissent s\u00e9duire par les Concertinos familles avec six concerts th\u00e9\u00e2traux et \u00e9ducatifs qui leur donnent la possibilit\u00e9 de s\u2019initier \u00e0 l\u2019op\u00e9ra, \u00e0 la fl\u00fbte, au luth, \u00e0 la clarinette et \u00e0 la musique \u00e9lectroacoustique. Une belle vari\u00e9t\u00e9 pour explorer les possibilit\u00e9s de la musique. Ces concerts sont pr\u00e9sent\u00e9s les dimanches \u00e0 10\u00a0h et \u00e0 11\u00a0h\u00a030.<\/p>\n<ul>\n<li>Les 23 et 30 octobre 2022, juste \u00e0 temps pour l\u2019Halloween, le concert <strong>Op\u00e9ra-Bonbon\u00a0: l\u2019aventure gourmande d\u2019Hansel et Gretel<\/strong> propose une initiation \u00e0 l\u2019op\u00e9ra et \u00e0 la voix lyrique qui se savoure comme un bonbon\u2009!<\/li>\n<li>Les 4 et 11 d\u00e9cembre 2022, <strong>Le<\/strong> <strong>grand bal de No\u00ebl<\/strong> avec ses pingouins moqueurs et ses chansons de No\u00ebl met assur\u00e9ment petits et grands dans l\u2019esprit des F\u00eates.<\/li>\n<li><strong>La r\u00e9cr\u00e9ation de Mozart<\/strong>, le 12 f\u00e9vrier 2023, vient ensuite mettre un peu de fantaisie avec un jeune Mozart indisciplin\u00e9.<\/li>\n<li>Le concert <strong>Les Athl\u00e8tes de la fl\u00fbte \u00e0 bec <\/strong>\u00e9tonne le public le 19 mars 2023 avec leur adresse olympique et leur panoplie de fl\u00fbtes \u00e0 bec.<\/li>\n<li>Le 16 avril 2023, le concert<strong> Le luth, l\u2019ami des rois <\/strong>transporte les enfants \u00e0 la cour de France, d\u2019Angleterre et du Danemark pour leur faire d\u00e9couvrir un instrument aux allures de bijou oriental.<\/li>\n<li>Le 14 mai 2023, \u00e0 10\u00a0h seulement, <strong>Zoom-Boum-Boum <\/strong>offre aux tout-petits une initiation \u00e0 la musique \u00e9lectroacoustique \u00e0 travers le monde imaginaire de Sam o\u00f9 tout devient musique.<\/li>\n<\/ul>\n<p><strong>\u00a0<\/strong><\/p>\n<h2><strong>D\u00e9tails et billets\u00a0: <\/strong><a href=\"https:\/\/www.jmcanada.ca\/fr\/\"><strong>jmcanada.ca<\/strong><\/a><\/h2>\n<p>&nbsp;<\/p>\n<p><em>La publication de communiqu\u00e9s tels que celui-ci est r\u00e9serv\u00e9e aux membres de la Communaut\u00e9 musicale de Ludwig van Montr\u00e9al. Pour savoir comment devenir membre, \u00e9crivez-nous \u00e0 caroline@ludwig-van.com<\/em><\/p>\n<h2><em>Inscrivez-vous \u00e0 notre infolettre! La musique classique et l&rsquo;op\u00e9ra en 5 minutes, chaque jour<\/em> \u00a0<span style=\"color: #ff0000;\"><a style=\"color: #ff0000;\" href=\"https:\/\/ludwig-van.us9.list-manage.com\/subscribe?u=4f785cb3f9058f2393ccad035&amp;id=b9b160c032\" target=\"_blank\" rel=\"noopener noreferrer\">ICI<\/a><\/span><\/h2>\n","protected":false},"excerpt":{"rendered":"<p>Les Jeunesses Musicales Canada (JM Canada) d\u00e9marrent leur saison sur les chapeaux de roue, du 19 au 23 octobre 2022 avec l\u2019\u00e9v\u00e9nement En avant l\u2019art vivant\u2009!, \u00e0 la salle Joseph-Rouleau de la Maison Andr\u00e9-Bourbeau.<\/p>\n","protected":false},"author":1,"featured_media":73481,"comment_status":"open","ping_status":"open","sticky":false,"template":"","format":"standard","meta":{"om_disable_all_campaigns":false,"jetpack_post_was_ever_published":false},"categories":[42010,10956,13504],"tags":[42007,21771],"yst_prominent_words":[14144,10306,34646,11713],"acf":[],"jetpack_featured_media_url":"https:\/\/www.ludwig-van.com\/montreal\/wp-content\/uploads\/sites\/3\/2022\/10\/Barbada-cover.jpg","jetpack_sharing_enabled":true,"jetpack_shortlink":"https:\/\/wp.me\/p9bdYt-j79","amp_enabled":true,"_links":{"self":[{"href":"https:\/\/www.ludwig-van.com\/montreal\/wp-json\/wp\/v2\/posts\/73479"}],"collection":[{"href":"https:\/\/www.ludwig-van.com\/montreal\/wp-json\/wp\/v2\/posts"}],"about":[{"href":"https:\/\/www.ludwig-van.com\/montreal\/wp-json\/wp\/v2\/types\/post"}],"author":[{"embeddable":true,"href":"https:\/\/www.ludwig-van.com\/montreal\/wp-json\/wp\/v2\/users\/1"}],"replies":[{"embeddable":true,"href":"https:\/\/www.ludwig-van.com\/montreal\/wp-json\/wp\/v2\/comments?post=73479"}],"version-history":[{"count":3,"href":"https:\/\/www.ludwig-van.com\/montreal\/wp-json\/wp\/v2\/posts\/73479\/revisions"}],"predecessor-version":[{"id":73483,"href":"https:\/\/www.ludwig-van.com\/montreal\/wp-json\/wp\/v2\/posts\/73479\/revisions\/73483"}],"wp:featuredmedia":[{"embeddable":true,"href":"https:\/\/www.ludwig-van.com\/montreal\/wp-json\/wp\/v2\/media\/73481"}],"wp:attachment":[{"href":"https:\/\/www.ludwig-van.com\/montreal\/wp-json\/wp\/v2\/media?parent=73479"}],"wp:term":[{"taxonomy":"category","embeddable":true,"href":"https:\/\/www.ludwig-van.com\/montreal\/wp-json\/wp\/v2\/categories?post=73479"},{"taxonomy":"post_tag","embeddable":true,"href":"https:\/\/www.ludwig-van.com\/montreal\/wp-json\/wp\/v2\/tags?post=73479"},{"taxonomy":"yst_prominent_words","embeddable":true,"href":"https:\/\/www.ludwig-van.com\/montreal\/wp-json\/wp\/v2\/yst_prominent_words?post=73479"}],"curies":[{"name":"wp","href":"https:\/\/api.w.org\/{rel}","templated":true}]}}