{"id":73466,"date":"2022-10-19T11:42:20","date_gmt":"2022-10-19T15:42:20","guid":{"rendered":"https:\/\/www.ludwig-van.com\/montreal\/?p=73466"},"modified":"2022-10-19T11:42:20","modified_gmt":"2022-10-19T15:42:20","slug":"actualites-cinq-nouvelles-en-musique-classique-a-connaitre-cette-semaine-2","status":"publish","type":"post","link":"https:\/\/www.ludwig-van.com\/montreal\/2022\/10\/19\/actualites-cinq-nouvelles-en-musique-classique-a-connaitre-cette-semaine-2\/","title":{"rendered":"ACTUALIT\u00c9S | Cinq nouvelles en musique classique \u00e0 conna\u00eetre cette semaine"},"content":{"rendered":"<figure id=\"attachment_73476\" aria-describedby=\"caption-attachment-73476\" style=\"width: 1200px\" class=\"wp-caption alignnone\"><img decoding=\"async\" loading=\"lazy\" class=\"size-full wp-image-73476\" src=\"https:\/\/www.ludwig-van.com\/montreal\/wp-content\/uploads\/sites\/3\/2022\/10\/ACTUALITES-19-NOVEMBRE.jpg\" alt=\"Jordi Savall (Photo: Herv\u00e9 Pouyfourcat), Yannick N\u00e9zet-S\u00e9guin devant sa murale (Photo: Olivier Bousquet) et Mika Putterman avec Aleks Sch\u00fcrmer (photo: courtoisie)\" width=\"1200\" height=\"628\" \/><figcaption id=\"caption-attachment-73476\" class=\"wp-caption-text\">Jordi Savall (Photo: Herv\u00e9 Pouyfourcat), Yannick N\u00e9zet-S\u00e9guin devant sa murale (Photo: Olivier Bousquet) et Mika Putterman avec Aleks Sch\u00fcrmer (photo: courtoisie)<\/figcaption><\/figure>\n<h3 style=\"text-align: left;\"><span style=\"color: #808080;\">La musique classique d\u00e9borde toujours de projets et d&rsquo;initiative, gr\u00e2ce \u00e0 l&rsquo;imagination de nos artistes. Voici les principales nouvelles en musique classique pour le Qu\u00e9bec cette semaine.\u00a0<\/span><\/h3>\n<p>&nbsp;<\/p>\n<figure id=\"attachment_73468\" aria-describedby=\"caption-attachment-73468\" style=\"width: 1920px\" class=\"wp-caption alignnone\"><img decoding=\"async\" loading=\"lazy\" class=\"size-full wp-image-73468\" src=\"https:\/\/www.ludwig-van.com\/montreal\/wp-content\/uploads\/sites\/3\/2022\/10\/visuel-tournees-osm.png\" alt=\"\" width=\"1920\" height=\"1080\" \/><figcaption id=\"caption-attachment-73468\" class=\"wp-caption-text\">Visuel fourni par l&rsquo;OSM.<\/figcaption><\/figure>\n<h3>Orchestre symphonique de Montr\u00e9al: c&rsquo;est parti pour la tourn\u00e9e!<\/h3>\n<p><strong>L\u2019Orchestre symphonique de Montr\u00e9al<\/strong> s\u2019est envol\u00e9 hier pour une premi\u00e8re tourn\u00e9e europ\u00e9enne avec son directeur musical, <strong>Rafael Payare<\/strong>, pour des concerts dans cinq salles. Ils joueront \u00e0 Zagreb (Croatie), \u00e0 Budapest (Hongrie), deux fois \u00e0 Vienne (Autriche), ainsi qu&rsquo;\u00e0 Londres. Du 21 au 28 octobre, les 97 musicien.ne.s seront accompagn\u00e9s pour l\u2019occasion par trois solistes de renomm\u00e9e internationale, soit les pianistes <strong>V\u00edkingur \u00d3lafsson<\/strong> et <strong>Bruce Liu<\/strong>, laur\u00e9at du concours OSM 2012 et du Concours international de piano Chopin en 2021, ainsi que du violoniste <strong>Augustin Hadelich<\/strong>. Quatre programmes distincts seront pr\u00e9sent\u00e9s durant la tourn\u00e9e, qui n\u00e9cessite \u00e9norm\u00e9ment de pr\u00e9paratifs et d&rsquo;efforts logistiques, comme en fait foi le visuel ci-dessus.<\/p>\n<p>&nbsp;<\/p>\n<figure id=\"attachment_73469\" aria-describedby=\"caption-attachment-73469\" style=\"width: 1500px\" class=\"wp-caption alignnone\"><img decoding=\"async\" loading=\"lazy\" class=\"size-full wp-image-73469\" src=\"https:\/\/www.ludwig-van.com\/montreal\/wp-content\/uploads\/sites\/3\/2022\/10\/Murale-YNS-cr-Olivier-Bousquet.jpg\" alt=\"La murale en hommage \u00e0 Yannick N\u00e9zet-S\u00e9guin est situ\u00e9 rue Berri, dans Ahuntsic-Cartierville. (Photo: Olivier Bousquet)\" width=\"1500\" height=\"1000\" \/><figcaption id=\"caption-attachment-73469\" class=\"wp-caption-text\">La murale en hommage \u00e0 Yannick N\u00e9zet-S\u00e9guin est situ\u00e9 rue Berri, dans Ahuntsic-Cartierville. (Photo: Olivier Bousquet)<\/figcaption><\/figure>\n<h3>Yannick N\u00e9zet-S\u00e9guin: une murale dans Ahuntsic-Cartierville<\/h3>\n<p><strong>Yannick N\u00e9zet-S\u00e9guin<\/strong> a d\u00e9sormais une murale dans le quartier o\u00f9 il a grandi, Ahuntsic-Cartierville, inaugur\u00e9e le 15 octobre. Il s&rsquo;agit de l&rsquo;\u0153uvre de l&rsquo;artiste <strong>MC Baldassari<\/strong>, et d&rsquo;une collaboration entre l&rsquo;<strong>Orchestre M\u00e9tropolitain<\/strong>, l&rsquo;arrondissement d&rsquo;Ahuntsic-Cartierville et l&rsquo;organisme <strong>MU,<\/strong> sp\u00e9cialis\u00e9 dans les murales, dans le cadre d&rsquo;une s\u00e9rie intitul\u00e9e \u00ab\u00a0Les b\u00e2tisseurs culturels montr\u00e9alais.\u00a0\u00bb La murale est situ\u00e9e au 10421, rue Berri, Montr\u00e9al.<\/p>\n<p>&nbsp;<\/p>\n<p style=\"text-align: center;\"><img decoding=\"async\" loading=\"lazy\" class=\"alignnone size-full wp-image-73473\" src=\"https:\/\/www.ludwig-van.com\/montreal\/wp-content\/uploads\/sites\/3\/2022\/10\/Jordi-Savall-cr-Herve-Pouyfourcat.jpg\" alt=\"\" width=\"1200\" height=\"800\" \/><\/p>\n<h3>Jordi Savall en mini-tourn\u00e9e canadienne<\/h3>\n<p>L&rsquo;\u00e9miment <strong>Jordi Savall<\/strong> revient au Canada cet automne pour trois concerts, cette fois avec son ensemble de consort de violes <strong>Hesp\u00e8rion XXI. <\/strong>Ils seront \u00e0 Montr\u00e9al (7 novembre), Qu\u00e9bec (6 novembre) et Ottawa (8 novembre) avec un programme europ\u00e9en intitul\u00e9 \u00ab <strong>Fantaisies, batailles et danses \u2014 L&rsquo; \u00e2ge d\u2019or de la musique pour consort (1500 \u2013 1750)<\/strong> \u00bb, une collection d&rsquo;\u0153uvres de 15 compositeurs importants de la Renaissance et de la p\u00e9riode baroque, dont Jean-S\u00e9bastien Bach, John Dowland, Henry Purcell et plusieurs autres.<\/p>\n<p>&nbsp;<\/p>\n<figure id=\"attachment_73474\" aria-describedby=\"caption-attachment-73474\" style=\"width: 1200px\" class=\"wp-caption alignnone\"><img decoding=\"async\" loading=\"lazy\" class=\"size-full wp-image-73474\" src=\"https:\/\/www.ludwig-van.com\/montreal\/wp-content\/uploads\/sites\/3\/2022\/10\/Mika-Putterman-Aleks-Schurmer-1200.jpg\" alt=\"Mika Putterman et Aleks Sch\u00fcrmer. (Photo: courtoisie)\" width=\"1200\" height=\"800\" \/><figcaption id=\"caption-attachment-73474\" class=\"wp-caption-text\">Mika Putterman et Aleks Sch\u00fcrmer. (Photo: courtoisie)<\/figcaption><\/figure>\n<h3>Autour de la fl\u00fbte lance \u00ab\u00a0MusicAtHome\u00a0\u00bb<\/h3>\n<p>L&rsquo;organisme <strong>Autour de la fl\u00fbte<\/strong> vient de lancer une s\u00e9rie de capsules vid\u00e9os intitul\u00e9e \u201c<strong>MusicAtHome<\/strong>\u201d (musicathome.tv), une initiative des fl\u00fbtises <strong>Mika Putterman<\/strong> et <strong>Aleks Sch\u00fcrmer<\/strong>. Il s&rsquo;agit de 8 capsules vari\u00e9es allant du baroque au contemporain, mettant la fl\u00fbte en vedette (incluant une flute japonaise, une flute contrebasse ainsi que des flutes baroques et classiques). Cette premi\u00e8re saison pr\u00e9sente 18 musiciens jouant de la musique baroque, classique, romantique, contemporaine, jazz et japonaise, sur des instruments historiques et modernes. <a href=\"https:\/\/vimeo.com\/ondemand\/musicathomeseason1\" target=\"_blank\" rel=\"noopener\">D\u00c9TAILS<\/a><\/p>\n<p>&nbsp;<\/p>\n<p>&nbsp;<\/p>\n<figure id=\"attachment_71022\" aria-describedby=\"caption-attachment-71022\" style=\"width: 834px\" class=\"wp-caption alignnone\"><img decoding=\"async\" loading=\"lazy\" class=\"size-full wp-image-71022\" src=\"https:\/\/www.ludwig-van.com\/montreal\/wp-content\/uploads\/sites\/3\/2022\/05\/transfiguration.jpg\" alt=\"St\u00e9phane T\u00e9treault, Val\u00e9rie Milot. (Photo: courtoisie)\" width=\"834\" height=\"667\" \/><figcaption id=\"caption-attachment-71022\" class=\"wp-caption-text\">St\u00e9phane T\u00e9treault, Val\u00e9rie Milot. (Photo: courtoisie)<\/figcaption><\/figure>\n<h3>Le spectacle Transfiguration de retour \u00e0 Montr\u00e9al<\/h3>\n<p>Le spectacle <strong><em>Transfiguration<\/em><\/strong>, cr\u00e9\u00e9 par la harpiste <strong>Val\u00e9rie Milot<\/strong> et le violoncelliste <strong>St\u00e9phane T\u00e9treault<\/strong>, sera de retour \u00e0 Montr\u00e9al en novembre dans le cadre d&rsquo;une tourn\u00e9e que les deux musiciens ont amorc\u00e9e en septembre. La repr\u00e9sentation montr\u00e9alaise aura lieu le 10 novembre au Th\u00e9\u00e2tre Maisonneuve. Je recommande ce concert multim\u00e9dia auquel j&rsquo;ai eu le plaisir d&rsquo;assister lors de sa premi\u00e8re \u00e0 la salle Bourgie, en mai. D&rsquo;autres repr\u00e9sentations sont pr\u00e9vues \u00e0 Trois-Rivi\u00e8res, Saguenay, Repentigny, Pointe-aux-Trembles et Sherbrooke. <a href=\"https:\/\/placedesarts.com\/fr\/evenement\/transfiguration\" target=\"_blank\" rel=\"noopener\">D\u00c9TAILS ET BILLETS<\/a><\/p>\n<p><a href=\"https:\/\/www.ludwig-van.com\/montreal\/2022\/05\/24\/rencontre-transfiguration-un-projet-a-limage-dune-grande-amitie\/\" target=\"_blank\" rel=\"noopener\">LIRE NOTRE ENTREVUE AVEC LES ARTISTES<\/a><\/p>\n<h2><em>Inscrivez-vous \u00e0 notre infolettre! La musique classique et l&rsquo;op\u00e9ra en 5 minutes, chaque jour<\/em> \u00a0<span style=\"color: #ff0000;\"><a style=\"color: #ff0000;\" href=\"https:\/\/ludwig-van.us9.list-manage.com\/subscribe?u=4f785cb3f9058f2393ccad035&amp;id=b9b160c032\" target=\"_blank\" rel=\"noopener noreferrer\">ICI\u00a0<\/a><\/span><\/h2>\n","protected":false},"excerpt":{"rendered":"<p>La musique classique d\u00e9borde toujours de projets et de nouvelles. Voici les principales actualit\u00e9s en musique classique pour le Qu\u00e9bec cette semaine.\u00a0<\/p>\n","protected":false},"author":51,"featured_media":73476,"comment_status":"open","ping_status":"open","sticky":false,"template":"","format":"standard","meta":{"om_disable_all_campaigns":false,"jetpack_post_was_ever_published":false},"categories":[42010,10956,10992],"tags":[42007,2521,4485],"yst_prominent_words":[30676,11441,30678,10167,14774,11713,9870,13396,9848],"acf":[],"jetpack_featured_media_url":"https:\/\/www.ludwig-van.com\/montreal\/wp-content\/uploads\/sites\/3\/2022\/10\/ACTUALITES-19-NOVEMBRE.jpg","jetpack_sharing_enabled":true,"jetpack_shortlink":"https:\/\/wp.me\/p9bdYt-j6W","amp_enabled":true,"_links":{"self":[{"href":"https:\/\/www.ludwig-van.com\/montreal\/wp-json\/wp\/v2\/posts\/73466"}],"collection":[{"href":"https:\/\/www.ludwig-van.com\/montreal\/wp-json\/wp\/v2\/posts"}],"about":[{"href":"https:\/\/www.ludwig-van.com\/montreal\/wp-json\/wp\/v2\/types\/post"}],"author":[{"embeddable":true,"href":"https:\/\/www.ludwig-van.com\/montreal\/wp-json\/wp\/v2\/users\/51"}],"replies":[{"embeddable":true,"href":"https:\/\/www.ludwig-van.com\/montreal\/wp-json\/wp\/v2\/comments?post=73466"}],"version-history":[{"count":7,"href":"https:\/\/www.ludwig-van.com\/montreal\/wp-json\/wp\/v2\/posts\/73466\/revisions"}],"predecessor-version":[{"id":73478,"href":"https:\/\/www.ludwig-van.com\/montreal\/wp-json\/wp\/v2\/posts\/73466\/revisions\/73478"}],"wp:featuredmedia":[{"embeddable":true,"href":"https:\/\/www.ludwig-van.com\/montreal\/wp-json\/wp\/v2\/media\/73476"}],"wp:attachment":[{"href":"https:\/\/www.ludwig-van.com\/montreal\/wp-json\/wp\/v2\/media?parent=73466"}],"wp:term":[{"taxonomy":"category","embeddable":true,"href":"https:\/\/www.ludwig-van.com\/montreal\/wp-json\/wp\/v2\/categories?post=73466"},{"taxonomy":"post_tag","embeddable":true,"href":"https:\/\/www.ludwig-van.com\/montreal\/wp-json\/wp\/v2\/tags?post=73466"},{"taxonomy":"yst_prominent_words","embeddable":true,"href":"https:\/\/www.ludwig-van.com\/montreal\/wp-json\/wp\/v2\/yst_prominent_words?post=73466"}],"curies":[{"name":"wp","href":"https:\/\/api.w.org\/{rel}","templated":true}]}}