{"id":73399,"date":"2022-10-15T10:03:30","date_gmt":"2022-10-15T14:03:30","guid":{"rendered":"https:\/\/www.ludwig-van.com\/montreal\/?p=73399"},"modified":"2022-10-15T10:06:08","modified_gmt":"2022-10-15T14:06:08","slug":"nouvelle-lorchestre-metropolitain-et-la-faculte-de-musique-de-luniversite-de-montreal-signent-une-entente-de-collaboration","status":"publish","type":"post","link":"https:\/\/www.ludwig-van.com\/montreal\/2022\/10\/15\/nouvelle-lorchestre-metropolitain-et-la-faculte-de-musique-de-luniversite-de-montreal-signent-une-entente-de-collaboration\/","title":{"rendered":"NOUVELLE | L&rsquo;Orchestre M\u00e9tropolitain et la Facult\u00e9 de musique de l&rsquo;Universit\u00e9 de Montr\u00e9al signent une entente de collaboration"},"content":{"rendered":"<h3><span style=\"color: #808080;\">Nouvelle entente entre l&rsquo;OM et la Facult\u00e9 de musique de l&rsquo;Universit\u00e9 de Montr\u00e9al<\/span><\/h3>\n<figure id=\"attachment_73400\" aria-describedby=\"caption-attachment-73400\" style=\"width: 1200px\" class=\"wp-caption alignnone\"><img decoding=\"async\" loading=\"lazy\" class=\"size-full wp-image-73400\" src=\"https:\/\/www.ludwig-van.com\/montreal\/wp-content\/uploads\/sites\/3\/2022\/10\/Faculte-de-musique-cr-Amelie-Philibert.jpg\" alt=\"De gauche \u00e0 droite, Jean R. Dupr\u00e9, pr\u00e9sident-directeur g\u00e9n\u00e9ral de l\u2019OM; Jean-Fran\u00e7ois Rivest, professeur titulaire et directeur artistique de l\u2019OUM; Yannick N\u00e9zet-S\u00e9guin, directeur artistique et chef principal de l\u2019OM; Jacques Marchand, grand ami de l\u2019OM et de la Facult\u00e9 de musique; et Nathalie Fernando, doyenne de la Facult\u00e9 de musique. Photo : Am\u00e9lie Philibert\" width=\"1200\" height=\"628\" \/><figcaption id=\"caption-attachment-73400\" class=\"wp-caption-text\">De gauche \u00e0 droite, Jean R. Dupr\u00e9, pr\u00e9sident-directeur g\u00e9n\u00e9ral de l\u2019OM; Jean-Fran\u00e7ois Rivest, professeur titulaire et directeur artistique de l\u2019OUM; Yannick N\u00e9zet-S\u00e9guin, directeur artistique et chef principal de l\u2019OM; Jacques Marchand, grand ami de l\u2019OM et de la Facult\u00e9 de musique; et Nathalie Fernando, doyenne de la Facult\u00e9 de musique. Photo : Am\u00e9lie Philibert<\/figcaption><\/figure>\n<h3><span style=\"color: #808080;\">L\u2019Orchestre M\u00e9tropolitain (OM) et la Facult\u00e9 de musique de l\u2019Universit\u00e9 de Montr\u00e9al ont annoncent la signature d\u2019une entente de collaboration de trois ans.\u00a0<\/span><\/h3>\n<p>L\u2019annonce a eu lieu hier \u00e0 la salle Claude-Champagne apr\u00e8s une r\u00e9p\u00e9tition de l\u2019<strong>Orchestre de l\u2019Universit\u00e9 de Montr\u00e9al (OUM)<\/strong> o\u00f9 les \u00e9tudiants ont \u00e9t\u00e9 dirig\u00e9s par <strong>Yannick N\u00e9zet-S\u00e9guin<\/strong>, directeur artistique et chef principal de l\u2019<strong>Orchestre M\u00e9tropolitain<\/strong>.<\/p>\n<p>Avec cette entente, l&rsquo;<strong>OM<\/strong> et la <strong>Facult\u00e9 de musique<\/strong> souhaitent offrir aux \u00e9tudiants des exp\u00e9riences de niveau professionnel en leur permettant de rencontrer r\u00e9guli\u00e8rement des musiciens ou des chefs li\u00e9s \u00e0 la programmation de l&rsquo;OM. Les deux institutions collaboreront \u00e0 divers projets pour soutenir la rel\u00e8ve en composition, en direction d&rsquo;orchestre, en m\u00e9diation de la musique et en interpr\u00e9tation.<\/p>\n<p>&nbsp;<\/p>\n<figure id=\"attachment_73402\" aria-describedby=\"caption-attachment-73402\" style=\"width: 2048px\" class=\"wp-caption alignnone\"><img decoding=\"async\" loading=\"lazy\" class=\"size-full wp-image-73402\" src=\"https:\/\/www.ludwig-van.com\/montreal\/wp-content\/uploads\/sites\/3\/2022\/10\/Yannick-OUM.jpg\" alt=\"Yannick N\u00e9zet-S\u00e9guin a dirig\u00e9 l'Orchestre de l'Universit\u00e9 de Montr\u00e9al, le 14 octobre. (Photo: courtoisie de l'OM)\" width=\"2048\" height=\"1367\" \/><figcaption id=\"caption-attachment-73402\" class=\"wp-caption-text\">Yannick N\u00e9zet-S\u00e9guin a dirig\u00e9 l&rsquo;Orchestre de l&rsquo;Universit\u00e9 de Montr\u00e9al, le 14 octobre. (Photo: courtoisie de l&rsquo;OM)<\/figcaption><\/figure>\n<p>\u00ab <em>La transmission de notre passion pour la musique classique et de nos pratiques aupr\u00e8s des jeunes g\u00e9n\u00e9rations de musiciens et de musiciennes est ancr\u00e9e dans la mission de l\u2019OM et de ses valeurs depuis ses tout d\u00e9buts. Je suis extr\u00eamement fier des initiatives \u00e9ducatives que l\u2019Orchestre a d\u00e9velopp\u00e9es au fil des ans. Ce nouveau partenariat s\u2019inscrit dans cette d\u00e9marche et promet des projets stimulants entre nos deux organisations.<\/em> \u00bb, a soulign\u00e9 Yannick N\u00e9zet-S\u00e9guin par voie de communiqu\u00e9.<\/p>\n<h2><em>Inscrivez-vous \u00e0 notre infolettre! La musique classique et l&rsquo;op\u00e9ra en 5 minutes, chaque jour<\/em> \u00a0<span style=\"color: #ff0000;\"><a style=\"color: #ff0000;\" href=\"https:\/\/ludwig-van.us9.list-manage.com\/subscribe?u=4f785cb3f9058f2393ccad035&amp;id=b9b160c032\" target=\"_blank\" rel=\"noopener noreferrer\">ICI\u00a0<\/a><\/span><\/h2>\n","protected":false},"excerpt":{"rendered":"<p>L\u2019Orchestre M\u00e9tropolitain (OM) et la Facult\u00e9 de musique de l\u2019Universit\u00e9 de Montr\u00e9al annoncent la signature d\u2019une entente de collaboration de trois ans.\u00a0<\/p>\n","protected":false},"author":51,"featured_media":73400,"comment_status":"open","ping_status":"open","sticky":false,"template":"","format":"standard","meta":{"om_disable_all_campaigns":false,"jetpack_post_was_ever_published":false},"categories":[42010,10956,10992],"tags":[42007,35505,2521],"yst_prominent_words":[10288,19554,9850,9851,10285,19553,9797,9784,10207,9811,10167,9796,10574,9848],"acf":[],"jetpack_featured_media_url":"https:\/\/www.ludwig-van.com\/montreal\/wp-content\/uploads\/sites\/3\/2022\/10\/Faculte-de-musique-cr-Amelie-Philibert.jpg","jetpack_sharing_enabled":true,"jetpack_shortlink":"https:\/\/wp.me\/p9bdYt-j5R","amp_enabled":true,"_links":{"self":[{"href":"https:\/\/www.ludwig-van.com\/montreal\/wp-json\/wp\/v2\/posts\/73399"}],"collection":[{"href":"https:\/\/www.ludwig-van.com\/montreal\/wp-json\/wp\/v2\/posts"}],"about":[{"href":"https:\/\/www.ludwig-van.com\/montreal\/wp-json\/wp\/v2\/types\/post"}],"author":[{"embeddable":true,"href":"https:\/\/www.ludwig-van.com\/montreal\/wp-json\/wp\/v2\/users\/51"}],"replies":[{"embeddable":true,"href":"https:\/\/www.ludwig-van.com\/montreal\/wp-json\/wp\/v2\/comments?post=73399"}],"version-history":[{"count":3,"href":"https:\/\/www.ludwig-van.com\/montreal\/wp-json\/wp\/v2\/posts\/73399\/revisions"}],"predecessor-version":[{"id":73404,"href":"https:\/\/www.ludwig-van.com\/montreal\/wp-json\/wp\/v2\/posts\/73399\/revisions\/73404"}],"wp:featuredmedia":[{"embeddable":true,"href":"https:\/\/www.ludwig-van.com\/montreal\/wp-json\/wp\/v2\/media\/73400"}],"wp:attachment":[{"href":"https:\/\/www.ludwig-van.com\/montreal\/wp-json\/wp\/v2\/media?parent=73399"}],"wp:term":[{"taxonomy":"category","embeddable":true,"href":"https:\/\/www.ludwig-van.com\/montreal\/wp-json\/wp\/v2\/categories?post=73399"},{"taxonomy":"post_tag","embeddable":true,"href":"https:\/\/www.ludwig-van.com\/montreal\/wp-json\/wp\/v2\/tags?post=73399"},{"taxonomy":"yst_prominent_words","embeddable":true,"href":"https:\/\/www.ludwig-van.com\/montreal\/wp-json\/wp\/v2\/yst_prominent_words?post=73399"}],"curies":[{"name":"wp","href":"https:\/\/api.w.org\/{rel}","templated":true}]}}