{"id":73381,"date":"2022-10-13T06:25:22","date_gmt":"2022-10-13T10:25:22","guid":{"rendered":"https:\/\/www.ludwig-van.com\/montreal\/?p=73381"},"modified":"2022-10-13T06:25:22","modified_gmt":"2022-10-13T10:25:22","slug":"nouvelle-une-nouvelle-pdg-a-la-tete-de-lorchestre-metropolitain","status":"publish","type":"post","link":"https:\/\/www.ludwig-van.com\/montreal\/2022\/10\/13\/nouvelle-une-nouvelle-pdg-a-la-tete-de-lorchestre-metropolitain\/","title":{"rendered":"NOUVELLE | Une nouvelle PDG \u00e0 la t\u00eate de l&rsquo;Orchestre M\u00e9tropolitain"},"content":{"rendered":"<figure id=\"attachment_73384\" aria-describedby=\"caption-attachment-73384\" style=\"width: 1200px\" class=\"wp-caption alignnone\"><img decoding=\"async\" loading=\"lazy\" class=\"size-full wp-image-73384\" src=\"https:\/\/www.ludwig-van.com\/montreal\/wp-content\/uploads\/sites\/3\/2022\/10\/Fabienne-Voisin-cr-Jean-Baptiste-Millot.jpg\" alt=\"Fabienne Voisin, nouvelle PDG de l'Orchestre M\u00e9tropolitain. (Photo: Jean-Baptiste Millot)\" width=\"1200\" height=\"628\" \/><figcaption id=\"caption-attachment-73384\" class=\"wp-caption-text\">Fabienne Voisin, nouvelle PDG de l&rsquo;Orchestre M\u00e9tropolitain. (Photo: Jean-Baptiste Millot)<\/figcaption><\/figure>\n<h3><span style=\"color: #808080;\">L&rsquo;Orchestre M\u00e9tropolitain vient d&rsquo;annoncer que sa nouvelle pr\u00e9sidente-directrice g\u00e9n\u00e9rale, qui succ\u00e9dera \u00e0 Jean R. Dupr\u00e9, sera la Fran\u00e7aise Fabienne Voisin.<\/span><\/h3>\n<p><strong>Jean. R. Dupr\u00e9<\/strong>, en poste depuis dix ans, prend sa retraite. Mme Voisin entrera en poste \u00e0 l&rsquo;OM le 1er d\u00e9cembre. <strong>Fabienne Voisin<\/strong> \u00e9tait depuis 11 ans \u00e0 la t\u00eate de l&rsquo;<strong>Orchestre national d&rsquo;\u00cele-de-France<\/strong> (ONDIF), d\u00e9crit dans le communiqu\u00e9 de presse comme \u00e9tant \u00ab\u00a0l\u2019un des 20 orchestres au monde les plus investis dans l\u2019action \u00e9ducative et culturelle.\u00a0\u00bb Elle poss\u00e8de une double formation en musique et en gestion.<\/p>\n<p style=\"font-weight: 400;\">\u00ab\u00a0<em>Apr\u00e8s ces onze formidables ann\u00e9es, riches et denses pass\u00e9es \u00e0 la direction de l\u2019Orchestre national d\u2019\u00cele-de-France,<\/em>\u00a0<em>je suis honor\u00e9e et enthousiaste de rejoindre l\u2019aventure OM aupr\u00e8s de Yannick N\u00e9zet-S\u00e9guin, des musiciens et musiciennes, ainsi que de toute l\u2019\u00e9quipe. La relation de proximit\u00e9 que l\u2019Orchestre entretient avec les Montr\u00e9alais, la volont\u00e9 d\u2019accueillir et de toucher un public le plus vaste possible, de partager avec lui toute la richesse du r\u00e9pertoire et de dessiner par sa programmation une soci\u00e9t\u00e9 plus juste et harmonieuse; autant de valeurs qui me tiennent \u00e0 c\u0153ur, d\u2019actes g\u00e9n\u00e9reux et engag\u00e9s qui portent haut l\u2019ambition de l\u2019Orchestre et la conscience de sa place dans la soci\u00e9t\u00e9. Je suis impatiente de contribuer \u00e0 \u00e9crire son futur, <\/em>\u00a0\u00bb a d\u00e9clar\u00e9 <strong>Fabienne Voisin, <\/strong>par voie de communiqu\u00e9.<\/p>\n<p><strong>Yannick N\u00e9zet-S\u00e9guin<\/strong>, pour sa part, d\u00e9clare:<\/p>\n<p><em>\u00ab Je suis emball\u00e9 d\u2019accueillir Fabienne Voisin, une femme d\u2019exception, au sein de l\u2019\u00e9quipe pour succ\u00e9der au travail remarquable de Jean R. Dupr\u00e9. Fabienne partage mes valeurs et celles de l\u2019OM, quant \u00e0 la mission de l\u2019Orchestre. Elle pourra jeter un \u00e9clairage international \u00e0 cette mission et \u00e0 la poursuite de nos ambitions. <\/em><em>\u00bb<\/em><\/p>\n<h3>Son parcours<\/h3>\n<p><strong>L&rsquo;Orchestre M\u00e9tropolitain<\/strong> d\u00e9crit le parcours de <strong>Fabienne Voisin<\/strong> comme suit:<\/p>\n<p>\u00ab\u00a0<em>Apr\u00e8s avoir suivi ses \u00e9tudes musicales dans les Conservatoires de Lyon et Boulogne-Billancourt, Fabienne Voisin entreprend des \u00e9tudes de commerce, afin de ma\u00eetriser tous les aspects li\u00e9s \u00e0 l\u2019organisation de concerts; elle y a approfondi ses connaissances en culture g\u00e9n\u00e9rale, en sciences politiques et fiscalit\u00e9. Elle int\u00e8gre d\u00e8s la fin de ses \u00e9tudes une soci\u00e9t\u00e9 de production qui g\u00e8re l\u2019organisation de deux festivals et plus de 200 concerts par an avant de rejoindre l\u2019Orchestre national d\u2019\u00cele-de-France \u00e0 la production et \u00e0 la diffusion des concerts. Apr\u00e8s cinq ann\u00e9es pass\u00e9es en Afrique de l\u2019Ouest o\u00f9 elle portera des projets musicaux qui toucheront pr\u00e8s de 3 000 enfants, elle retrouvera, en 2011, la formation Francilienne au poste de directrice g\u00e9n\u00e9rale.<\/em>\u00a0\u00bb<\/p>\n<p style=\"font-weight: 400;\"><strong>Jean R. Dupr\u00e9<\/strong> se joint \u00e0 la liste de plus en plus longue de gestionnaires et de dirigeants d&rsquo;organismes culturels \u00e0 avoir pass\u00e9 le flambeau au cours des derni\u00e8res ann\u00e9es. <b>\u00c9rik J. Ryan, <\/b>pr\u00e9sident du conseil d\u2019administration, de l&rsquo;<b>Orchestre M\u00e9tropolitain, <\/b>d\u00e9crit sa contribution \u00e0 l&rsquo;<strong>OM<\/strong> en ces termes:<\/p>\n<p><i>\u00ab\u00a0Fin gestionnaire, Jean a largement contribu\u00e9 \u00e0 la croissance et aux succ\u00e8s de l\u2019OM, qui occupe d\u00e9sormais une place des plus enviables au sein de l\u2019\u00e9cosyst\u00e8me culturel, local et international. Il a su redresser et pr\u00e9server la sant\u00e9 financi\u00e8re de l\u2019Orchestre, tout en assurant sa notori\u00e9t\u00e9 et la reconnaissance qu\u2019on attribue \u00e0 ses talentueux musiciens et musiciennes.\u00a0\u00bb<\/i><\/p>\n<p>On souhaite une excellente retraite \u00e0 <strong>Jean R. Dupr\u00e9<\/strong> qui prendra un repos bien m\u00e9rit\u00e9 apr\u00e8s avoir notamment encadr\u00e9 l&rsquo;<strong>Orchestre M\u00e9tropolitain<\/strong> \u00e0 travers deux tourn\u00e9es internationales et une pand\u00e9mie.<\/p>\n<h2><em>Inscrivez-vous \u00e0 notre infolettre! La musique classique et l&rsquo;op\u00e9ra en 5 minutes, chaque jour<\/em> \u00a0<span style=\"color: #ff0000;\"><a style=\"color: #ff0000;\" href=\"https:\/\/ludwig-van.us9.list-manage.com\/subscribe?u=4f785cb3f9058f2393ccad035&amp;id=b9b160c032\" target=\"_blank\" rel=\"noopener noreferrer\">ICI\u00a0<\/a><\/span><\/h2>\n","protected":false},"excerpt":{"rendered":"<p>L&rsquo;Orchestre M\u00e9tropolitain vient d&rsquo;annoncer que sa nouvelle pr\u00e9sidente-directrice g\u00e9n\u00e9rale, qui succ\u00e9dera \u00e0 Jean R. Dupr\u00e9, sera la Fran\u00e7aise Fabienne Voisin.\u00a0<\/p>\n","protected":false},"author":51,"featured_media":73384,"comment_status":"open","ping_status":"open","sticky":false,"template":"","format":"standard","meta":{"om_disable_all_campaigns":false,"jetpack_post_was_ever_published":false},"categories":[42010,10956,10992],"tags":[42007,42060,2521],"yst_prominent_words":[35638,11224,25951,11708,9813,9836,10292,9837,13996,10001,11452,20220,9848],"acf":[],"jetpack_featured_media_url":"https:\/\/www.ludwig-van.com\/montreal\/wp-content\/uploads\/sites\/3\/2022\/10\/Fabienne-Voisin-cr-Jean-Baptiste-Millot.jpg","jetpack_sharing_enabled":true,"jetpack_shortlink":"https:\/\/wp.me\/p9bdYt-j5z","amp_enabled":true,"_links":{"self":[{"href":"https:\/\/www.ludwig-van.com\/montreal\/wp-json\/wp\/v2\/posts\/73381"}],"collection":[{"href":"https:\/\/www.ludwig-van.com\/montreal\/wp-json\/wp\/v2\/posts"}],"about":[{"href":"https:\/\/www.ludwig-van.com\/montreal\/wp-json\/wp\/v2\/types\/post"}],"author":[{"embeddable":true,"href":"https:\/\/www.ludwig-van.com\/montreal\/wp-json\/wp\/v2\/users\/51"}],"replies":[{"embeddable":true,"href":"https:\/\/www.ludwig-van.com\/montreal\/wp-json\/wp\/v2\/comments?post=73381"}],"version-history":[{"count":4,"href":"https:\/\/www.ludwig-van.com\/montreal\/wp-json\/wp\/v2\/posts\/73381\/revisions"}],"predecessor-version":[{"id":73386,"href":"https:\/\/www.ludwig-van.com\/montreal\/wp-json\/wp\/v2\/posts\/73381\/revisions\/73386"}],"wp:featuredmedia":[{"embeddable":true,"href":"https:\/\/www.ludwig-van.com\/montreal\/wp-json\/wp\/v2\/media\/73384"}],"wp:attachment":[{"href":"https:\/\/www.ludwig-van.com\/montreal\/wp-json\/wp\/v2\/media?parent=73381"}],"wp:term":[{"taxonomy":"category","embeddable":true,"href":"https:\/\/www.ludwig-van.com\/montreal\/wp-json\/wp\/v2\/categories?post=73381"},{"taxonomy":"post_tag","embeddable":true,"href":"https:\/\/www.ludwig-van.com\/montreal\/wp-json\/wp\/v2\/tags?post=73381"},{"taxonomy":"yst_prominent_words","embeddable":true,"href":"https:\/\/www.ludwig-van.com\/montreal\/wp-json\/wp\/v2\/yst_prominent_words?post=73381"}],"curies":[{"name":"wp","href":"https:\/\/api.w.org\/{rel}","templated":true}]}}