{"id":73179,"date":"2022-10-02T20:57:02","date_gmt":"2022-10-03T00:57:02","guid":{"rendered":"https:\/\/www.ludwig-van.com\/montreal\/?p=73179"},"modified":"2022-10-02T20:57:02","modified_gmt":"2022-10-03T00:57:02","slug":"communaute-locm-presente-boris-sa-vie-en-musique","status":"publish","type":"post","link":"https:\/\/www.ludwig-van.com\/montreal\/2022\/10\/02\/communaute-locm-presente-boris-sa-vie-en-musique\/","title":{"rendered":"COMMUNAUT\u00c9 | L&rsquo;OCM pr\u00e9sente le concert Boris: sa vie en musique"},"content":{"rendered":"<figure id=\"attachment_73181\" aria-describedby=\"caption-attachment-73181\" style=\"width: 1200px\" class=\"wp-caption alignnone\"><img decoding=\"async\" loading=\"lazy\" class=\"size-full wp-image-73181\" src=\"https:\/\/www.ludwig-van.com\/montreal\/wp-content\/uploads\/sites\/3\/2022\/10\/Boris-Brott-Genevieve-Leclair.jpg\" alt=\"\u00c0 gauche: Boris Brott. \u00c0 droite: Genevi\u00e8ve Leclair, cheffe d'orchestre, dirigera le concert de l'OCM en hommage \u00e0 Boris Brott, le 18 octobre 2022 \u00e0 la salle Pierre-Mercure. (Photos: courtoisie)\" width=\"1200\" height=\"628\" \/><figcaption id=\"caption-attachment-73181\" class=\"wp-caption-text\">\u00c0 gauche: Boris Brott. \u00c0 droite: Genevi\u00e8ve Leclair, cheffe d&rsquo;orchestre, dirigera le concert de l&rsquo;OCM en hommage \u00e0 Boris Brott, le 18 octobre 2022 \u00e0 la salle Pierre-Mercure. (Photos: courtoisie)<\/figcaption><\/figure>\n<h1 style=\"text-align: center;\"><del>Un message de l&rsquo;Orchestre classique de Montr\u00e9al<\/del><\/h1>\n<p>&nbsp;<\/p>\n<h3 style=\"text-align: center;\">BORIS : SA VIE EN MUSIQUE<br \/>\nUn programme \u00e0 l\u2019image de Boris Brott pour lancer la 83e saison !<\/h3>\n<p><strong>Montr\u00e9al, le lundi 3 octobre 2022 \u2013 <\/strong>Pour d\u00e9marrer sa 83<sup>e<\/sup> saison, l\u2019Orchestre classique de Montr\u00e9al (OCM) rend <strong>hommage <\/strong>\u00e0 son directeur artistique bien-aim\u00e9, <strong>Boris Brott<\/strong>. L\u2019OCM propose un programme \u00e0 l\u2019image du grand maestro qui mettra en lumi\u00e8re plusieurs \u0153uvres \u00e9voquant des moments significatifs de sa vie. Dirig\u00e9 par la cheffe <strong>Genevi\u00e8ve Leclair<\/strong>, une prot\u00e9g\u00e9e de maestro Brott, cette rentr\u00e9e de saison aura lieu le <strong>mardi 18 octobre<\/strong>, d\u00e8s <strong>19 h 30<\/strong>, \u00e0 la <strong>Salle Pierre-Mercure<\/strong> du Centre Pierre-P\u00e9ladeau. Nouveaut\u00e9 cette saison\u00a0: <strong>l\u2019achat d\u2019un billet pour adulte<\/strong> donnera droit \u00e0 un <strong>acc\u00e8s gratuit pour un enfant de 12 ans et moins.<\/strong><\/p>\n<p>Le concert sera anim\u00e9 par <strong>Sylvia L\u2019\u00c9cuyer<\/strong>, nouvelle retrait\u00e9e de Radio-Canada, grande m\u00e9lomane et amie de Boris. La soir\u00e9e d\u00e9butera avec <strong><em>Kol Nidrei<\/em><\/strong> de Bruch, une pri\u00e8re juive qui \u00e9voque les racines de Boris dont il \u00e9tait tr\u00e8s fier. Le soliste sera le grand violoncelliste <strong>St\u00e9phane T\u00e9treault<\/strong> que maestro Brott \u00e0 d\u00e9couvert \u00e0 l\u2019\u00e2ge de 12 ans.<\/p>\n<p>Ensuite, les chansons de <strong>Tomson\u00a0Highway<\/strong> repr\u00e9sentent la passion que Boris avait pour les peuples autochtones. Ces chansons de la com\u00e9die musicale \u00ab\u00a0<em>The (Post) Mistress<\/em>\u00a0\u00bb ont \u00e9t\u00e9 arrang\u00e9es pour l&rsquo;OCM \u00e0 l\u2019occasion d\u2019un enregistrement diffus\u00e9 sur Radio Canada en novembre dernier pour comm\u00e9morer le 70e anniversaire du compositeur. Elles seront\u00a0pr\u00e9sent\u00e9es pour la premi\u00e8re fois devant un public avec la soprano <strong>Elizabeth Polese<\/strong>.<\/p>\n<p>Le <strong><em>Concierto del sur<\/em><\/strong> de Manuel Ponce, rappelle le d\u00e9but de carri\u00e8re de Boris alors qu\u2019il \u00e9tudiait au Mexique aupr\u00e8s d\u2019Igor Markevitch, en 1958. Il a toujours r\u00e9serv\u00e9 une place de choix au r\u00e9pertoire latino-am\u00e9ricain et \u00e0 la guitare \u00e0 travers sa vie. <strong>Tariq Harb<\/strong>, Canadien d&rsquo;origine jordanienne aux racines palestiniennes interpr\u00e9tera le solo de guitare.<\/p>\n<p>La pr\u00e9sentation de l&rsquo;\u0153uvre <strong><em>Astral Visions<\/em><\/strong>, de son p\u00e8re Alexander, va de soi car Boris \u00e9tait un grand d\u00e9fendeur des \u0153uvres de son p\u00e8re et de la musique contemporaine en g\u00e9n\u00e9ral.<\/p>\n<p>Enfin, les extraits de <strong><em>West Side Story<\/em><\/strong> de Leonard Bernstein t\u00e9moignent de son passage comme assistant au grand chef, en 1968 et 1969, au New York Philharmonic. La soprano <strong>Elizabeth Polese<\/strong> et le t\u00e9nor <strong>Antonio Figueroa<\/strong> interpr\u00e9teront les meilleurs airs et duos de cette com\u00e9die musicale de renomm\u00e9e mondiale.<\/p>\n<p>L\u2019Orchestre classique de Montr\u00e9al tient \u00e0 souligner le retour de BMO en tant que pr\u00e9sentateur de saison. Le concert du 18 octobre est g\u00e9n\u00e9reusement pr\u00e9sent\u00e9 par Power Corporation du Canada.<\/p>\n<p>\u00c0 la suite du concert, il y aura une r\u00e9ception sur sc\u00e8ne avec vins et quelques bouch\u00e9es de <strong>Snowdon Deli<\/strong> pour c\u00e9l\u00e9brer la vie de Boris. Cet \u00e9v\u00e9nement b\u00e9n\u00e9fice est gracieusement pr\u00e9sent\u00e9 par le Conseil d\u2019administration de l\u2019OCM.<\/p>\n<p>Les<a href=\"https:\/\/orchestre.tuxedobillet.com\/main\/boris-sa-vie-en-musique\/20221018193000\" target=\"_blank\" rel=\"noopener\"> billets pour le concert<\/a> vont de 25 $ \u00e0 69 $, et les billets incluant la r\u00e9ception varient entre 189 $ et 219 $ selon le choix de si\u00e8ge. Un re\u00e7u de don de 100 $ sera \u00e9mis \u00e0 l\u2019achat d\u2019un billet incluant la r\u00e9ception.<\/p>\n<h3><strong><em>Boris\u00a0: sa vie en musique<\/em><\/strong><\/h3>\n<p><strong>Mardi 18 octobre \u00e0 19 h 30 \u2013 Salle Pierre-Mercure\u00a0<\/strong><\/p>\n<p><a href=\"https:\/\/orchestre.tuxedobillet.com\/main\/boris-sa-vie-en-musique\/20221018193000\" target=\"_blank\" rel=\"noopener\">ACHETER DES BILLETS<\/a><\/p>\n<h3>Artistes<\/h3>\n<p><strong>Tariq Harb<\/strong>, guitare<\/p>\n<p><strong>St\u00e9phane T\u00e9treault<\/strong>, violoncelle<\/p>\n<p><strong>Antonio Figueroa<\/strong>, t\u00e9nor<\/p>\n<p><strong>Elizabeth Polese<\/strong>, soprano<\/p>\n<p><strong>Genevi\u00e8ve Leclair<\/strong>, cheffe<\/p>\n<p><strong>Orchestre classique de Montr\u00e9al<\/strong><\/p>\n<p>&nbsp;<\/p>\n<h3><strong>Programme<\/strong><\/h3>\n<p><em>Kol Nidrei<\/em><strong>\u00a0<\/strong>de <strong>M. Bruch<\/strong><\/p>\n<ul>\n<li>Extraits de <em>The (Post) Mistress<\/em> de <strong>Tomson Highway<\/strong> (arrangements de Fran\u00e7ois Valli\u00e8res) :<br \/>\n<em>On dit que la rose<\/em> &#8211; <em>Quand je danse<\/em> &#8211; <em>T\u2019ai-je dit ?<\/em><\/li>\n<li><em>\u00a0<\/em><em>Concierto del Sur,<\/em>\u00a0concerto pour guitare de <strong>Manuel Ponce<\/strong><\/li>\n<li><em>\u00a0<\/em><em>Astral Visions,<\/em>\u00a03e mouvement de <strong>A. Brott<\/strong><\/li>\n<li>Extraits de\u00a0<em>West Side Story<\/em>\u00a0de <strong>L. Bernstein :<\/strong><br \/>\n<em>Tonight \u2013 Maria \u2013 Mambo \u2013 One hand,\u00a0One\u00a0Heart \u2013 Somewhere<\/em><\/li>\n<\/ul>\n<p><strong>\u00a0<\/strong><\/p>\n<p><strong>Billets concert seulement\u00a0: 25\u00a0$ &#8211; 69$<\/strong><\/p>\n<p><strong>Billets incluant la r\u00e9ception\u00a0: 189 $ &#8211; 219 $<\/strong><\/p>\n<p><strong>En vente sur <\/strong><a href=\"https:\/\/orchestre.ca\/boris-sa-vie-en-musique\/\">orchestre.ca<\/a><\/p>\n<p><em>Ce communiqu\u00e9 de presse est publi\u00e9 dans le cadre de nos services aux membres de Ludwig van Montr\u00e9al. Pour savoir comment devenir membre, \u00e9crivez-nous \u00e0 <a href=\"mailto:caroline@ludwig-van.com\">caroline@ludwig-van.com\u00a0<\/a><\/em><\/p>\n<h2><em>Inscrivez-vous \u00e0 notre infolettre! La musique classique et l&rsquo;op\u00e9ra en 5 minutes, chaque jour<\/em> \u00a0<span style=\"color: #ff0000;\"><a style=\"color: #ff0000;\" href=\"https:\/\/ludwig-van.us9.list-manage.com\/subscribe?u=4f785cb3f9058f2393ccad035&amp;id=b9b160c032\" target=\"_blank\" rel=\"noopener noreferrer\">ICI\u00a0<\/a><\/span><\/h2>\n","protected":false},"excerpt":{"rendered":"<p>Pour d\u00e9marrer sa 83e saison, l\u2019Orchestre classique de Montr\u00e9al (OCM) rend hommage \u00e0 son directeur artistique bien-aim\u00e9, Boris Brott.<\/p>\n","protected":false},"author":1,"featured_media":73181,"comment_status":"open","ping_status":"open","sticky":false,"template":"","format":"standard","meta":{"om_disable_all_campaigns":false,"jetpack_post_was_ever_published":false},"categories":[42010,10956,13504],"tags":[42007,38749],"yst_prominent_words":[34110,9863,22857,10334,16932,29230,31194,31193,12537,24515],"acf":[],"jetpack_featured_media_url":"https:\/\/www.ludwig-van.com\/montreal\/wp-content\/uploads\/sites\/3\/2022\/10\/Boris-Brott-Genevieve-Leclair.jpg","jetpack_sharing_enabled":true,"jetpack_shortlink":"https:\/\/wp.me\/p9bdYt-j2j","amp_enabled":true,"_links":{"self":[{"href":"https:\/\/www.ludwig-van.com\/montreal\/wp-json\/wp\/v2\/posts\/73179"}],"collection":[{"href":"https:\/\/www.ludwig-van.com\/montreal\/wp-json\/wp\/v2\/posts"}],"about":[{"href":"https:\/\/www.ludwig-van.com\/montreal\/wp-json\/wp\/v2\/types\/post"}],"author":[{"embeddable":true,"href":"https:\/\/www.ludwig-van.com\/montreal\/wp-json\/wp\/v2\/users\/1"}],"replies":[{"embeddable":true,"href":"https:\/\/www.ludwig-van.com\/montreal\/wp-json\/wp\/v2\/comments?post=73179"}],"version-history":[{"count":3,"href":"https:\/\/www.ludwig-van.com\/montreal\/wp-json\/wp\/v2\/posts\/73179\/revisions"}],"predecessor-version":[{"id":73183,"href":"https:\/\/www.ludwig-van.com\/montreal\/wp-json\/wp\/v2\/posts\/73179\/revisions\/73183"}],"wp:featuredmedia":[{"embeddable":true,"href":"https:\/\/www.ludwig-van.com\/montreal\/wp-json\/wp\/v2\/media\/73181"}],"wp:attachment":[{"href":"https:\/\/www.ludwig-van.com\/montreal\/wp-json\/wp\/v2\/media?parent=73179"}],"wp:term":[{"taxonomy":"category","embeddable":true,"href":"https:\/\/www.ludwig-van.com\/montreal\/wp-json\/wp\/v2\/categories?post=73179"},{"taxonomy":"post_tag","embeddable":true,"href":"https:\/\/www.ludwig-van.com\/montreal\/wp-json\/wp\/v2\/tags?post=73179"},{"taxonomy":"yst_prominent_words","embeddable":true,"href":"https:\/\/www.ludwig-van.com\/montreal\/wp-json\/wp\/v2\/yst_prominent_words?post=73179"}],"curies":[{"name":"wp","href":"https:\/\/api.w.org\/{rel}","templated":true}]}}