{"id":73170,"date":"2022-10-02T17:51:50","date_gmt":"2022-10-02T21:51:50","guid":{"rendered":"https:\/\/www.ludwig-van.com\/montreal\/?p=73170"},"modified":"2022-10-03T10:36:02","modified_gmt":"2022-10-03T14:36:02","slug":"choix-de-la-redaction-musique-classique-les-concerts-a-ne-pas-manquer-du-3-au-9-octobre","status":"publish","type":"post","link":"https:\/\/www.ludwig-van.com\/montreal\/2022\/10\/02\/choix-de-la-redaction-musique-classique-les-concerts-a-ne-pas-manquer-du-3-au-9-octobre\/","title":{"rendered":"CHOIX DE LA R\u00c9DACTION | Musique classique: les concerts \u00e0 ne pas manquer du 3 au 9 octobre"},"content":{"rendered":"<p style=\"text-align: center;\"><img decoding=\"async\" loading=\"lazy\" class=\"alignnone size-full wp-image-73177\" src=\"https:\/\/www.ludwig-van.com\/montreal\/wp-content\/uploads\/sites\/3\/2022\/10\/CHOIX-3-octobre-2022.jpg\" alt=\"\" width=\"1200\" height=\"628\" \/><\/p>\n<h3><span style=\"color: #808080;\">Cette semaine, la sc\u00e8ne musicale montr\u00e9alaise fait un grand voyage entre les \u00e9poques. Entre musique de la Renaissance, musique romantique ou encore musique contemporaine, une chose est s\u00fbre, il y en a pour tous les go\u00fbts. Voici nos Choix de la r\u00e9daction du 3 au 9 octobre 2022.<\/span><\/h3>\n<p>Pour d\u00e9couvrir plus de concerts, consultez notre\u00a0<a href=\"https:\/\/www.ludwig-van.com\/montreal\/events\/\" target=\"_blank\" rel=\"noopener\">calendrier d\u2019\u00e9v\u00e9nements<\/a>\u00a0et abonnez-vous \u00e0 notre\u00a0<a href=\"https:\/\/ludwig-van.us9.list-manage.com\/subscribe?u=4f785cb3f9058f2393ccad035&amp;id=b9b160c032\" target=\"_blank\" rel=\"noopener\">infolettre gratuite<\/a>\u00a0pour ne rien rater!<\/p>\n<p>&nbsp;<\/p>\n<figure id=\"attachment_71310\" aria-describedby=\"caption-attachment-71310\" style=\"width: 1200px\" class=\"wp-caption alignnone\"><img decoding=\"async\" loading=\"lazy\" class=\"size-full wp-image-71310\" src=\"https:\/\/www.ludwig-van.com\/montreal\/wp-content\/uploads\/sites\/3\/2019\/01\/EMERSON_QUARTET_2_pc_Ju\u0308rgen-Frank.jpg\" alt=\"Quatuor Emerson (Photo: J\u00fcrgen Frank)\" width=\"1200\" height=\"900\" \/><figcaption id=\"caption-attachment-71310\" class=\"wp-caption-text\">Quatuor Emerson (Photo: J\u00fcrgen Frank)<\/figcaption><\/figure>\n<h3>Le Club musical de Qu\u00e9bec pr\u00e9sente le Quatuor Emerson<\/h3>\n<h3>Le 3 octobre, 19 h 30, Palais Montcalm <a href=\"https:\/\/www.clubmusicaldequebec.com\/cmq\/index.php\/programmation\/saison-2022-2023\/quatuor-emerson\" target=\"_blank\" rel=\"noopener\">D\u00c9TAILS ET BILLETS<\/a><\/h3>\n<p>\u00c0 l\u2019occasion de sa derni\u00e8re saison, le<strong> Quatuor Emerson<\/strong> se produira au Palais Montcalm dans des \u0153uvres qui ont marqu\u00e9s leur carri\u00e8re. Des quatuors de Mendelssohn, Brahms, Webern et Ravel seront au rendez-vous.<\/p>\n<p>&nbsp;<\/p>\n<h2>SALLE BOURGIE<\/h2>\n<figure id=\"attachment_54944\" aria-describedby=\"caption-attachment-54944\" style=\"width: 1024px\" class=\"wp-caption alignnone\"><img decoding=\"async\" loading=\"lazy\" class=\"wp-image-54944 size-full\" src=\"https:\/\/www.ludwig-van.com\/montreal\/wp-content\/uploads\/sites\/3\/2018\/06\/PhilippeSly_Adam-Scotti_CAMI-refaite.jpg\" alt=\"Philippe Sly, baryton-basse. (Photo: Adam Scotti)\" width=\"1024\" height=\"683\" srcset=\"https:\/\/www.ludwig-van.com\/montreal\/wp-content\/uploads\/sites\/3\/2018\/06\/PhilippeSly_Adam-Scotti_CAMI-refaite.jpg 1024w, https:\/\/www.ludwig-van.com\/montreal\/wp-content\/uploads\/sites\/3\/2018\/06\/PhilippeSly_Adam-Scotti_CAMI-refaite-300x200.jpg 300w, https:\/\/www.ludwig-van.com\/montreal\/wp-content\/uploads\/sites\/3\/2018\/06\/PhilippeSly_Adam-Scotti_CAMI-refaite-768x512.jpg 768w\" sizes=\"(max-width: 1024px) 100vw, 1024px\" \/><figcaption id=\"caption-attachment-54944\" class=\"wp-caption-text\">Philippe Sly, baryton-basse. (Photo: Adam Scotti)<\/figcaption><\/figure>\n<h3><strong>Compl\u00e8tement Schumann <\/strong><\/h3>\n<h3>Le 5 octobre, 19 h 30, Salle Bourgie <a href=\"https:\/\/www.mbam.qc.ca\/fr\/activites\/schumann-musicien-et-poete\/\" target=\"_blank\" rel=\"noopener\">D\u00c9TAILS ET BILLETS<\/a><\/h3>\n<p>Dans une soir\u00e9e d\u00e9di\u00e9e \u00e0 R. Schumann, <strong>Jana Miller<\/strong> (piano), <strong>Jean Marchand<\/strong> (piano) et <strong>Philippe Sly<\/strong> (baryton-basse) interpr\u00e9teront tour \u00e0 tour trois \u0153uvres embl\u00e9matiques du compositeur\u00a0: les <em>Kinderszenen <\/em>[Sc\u00e8nes d\u2019enfants] les cycles de lieder <em>Frauenliebe und Leben<\/em> [L\u2019amour et la vie d\u2019une femme] et <em>Dichterliebe<\/em> [Les amours du po\u00e8te].<\/p>\n<p>&nbsp;<\/p>\n<figure id=\"attachment_71839\" aria-describedby=\"caption-attachment-71839\" style=\"width: 827px\" class=\"wp-caption alignnone\"><img decoding=\"async\" loading=\"lazy\" class=\"size-full wp-image-71839\" src=\"https:\/\/www.ludwig-van.com\/montreal\/wp-content\/uploads\/sites\/3\/2022\/08\/Hopkinson-Smith.jpg\" alt=\"Hopkinson Smith\" width=\"827\" height=\"569\" \/><figcaption id=\"caption-attachment-71839\" class=\"wp-caption-text\">Hopkinson Smith, luthiste (Photo: Courtoisie)<\/figcaption><\/figure>\n<h3><strong>Hopkinson Smith et le luth<\/strong><\/h3>\n<h3>Le 6 octobre, 19 h 30, Salle Bourgie <a href=\"https:\/\/www.mbam.qc.ca\/fr\/activites\/hopkinson-smith-luth-bright-and-early\/\" target=\"_blank\" rel=\"noopener\">D\u00c9TAILS ET BILLETS<\/a><\/h3>\n<p><strong>Hopkinson Smith<\/strong>, consid\u00e9r\u00e9 comme un des plus grands ma\u00eetre du luth, animera la Salle Bourgie le 6 octobre avec un r\u00e9pertoire fran\u00e7ais et italien de la Renaissance. Des \u0153uvres de Spinacino et Dalza seront perform\u00e9es.<\/p>\n<p>&nbsp;<\/p>\n<p style=\"text-align: center;\"><img decoding=\"async\" loading=\"lazy\" class=\"alignnone size-full wp-image-73142\" src=\"https:\/\/www.ludwig-van.com\/montreal\/wp-content\/uploads\/sites\/3\/2022\/09\/SMAM_royalesharmonies.jpg\" alt=\"\" width=\"562\" height=\"629\" \/><\/p>\n<h3><strong>Arion et le Studio de musique ancienne de Montr\u00e9al <\/strong><\/h3>\n<h3>7 octobre, 19h30, 8 octobre, 16h, 9 octobre, 14h30, Salle Bourgie <a href=\"https:\/\/smamontreal.ca\/royales-harmonies\/\" target=\"_blank\" rel=\"noopener\">D\u00c9TAILS ET BILLETS<\/a><\/h3>\n<p><strong>Arion<\/strong> <strong>orchestre baroque<\/strong> et le <strong>Studio de musique ancienne de Montr\u00e9al<\/strong> se r\u00e9unissent \u00e0 la Salle Bourgie autour d\u2019\u0153uvres vocales de Purcell, Boyce et Hayes. Les solistes <strong>Paulina Francisco, Nicholas Burns, Michiel Schrey<\/strong> et <strong>Jonathon Adams<\/strong> seront pr\u00e9sents.<\/p>\n<p>&nbsp;<\/p>\n<figure id=\"attachment_58070\" aria-describedby=\"caption-attachment-58070\" style=\"width: 1024px\" class=\"wp-caption aligncenter\"><img decoding=\"async\" loading=\"lazy\" class=\"wp-image-58070 size-full\" src=\"https:\/\/www.ludwig-van.com\/montreal\/wp-content\/uploads\/sites\/3\/2018\/12\/Dina-Gilbert-cr-Nadia-Zheng-WEB.jpg\" alt=\"\" width=\"1024\" height=\"682\" srcset=\"https:\/\/www.ludwig-van.com\/montreal\/wp-content\/uploads\/sites\/3\/2018\/12\/Dina-Gilbert-cr-Nadia-Zheng-WEB.jpg 1024w, https:\/\/www.ludwig-van.com\/montreal\/wp-content\/uploads\/sites\/3\/2018\/12\/Dina-Gilbert-cr-Nadia-Zheng-WEB-300x200.jpg 300w, https:\/\/www.ludwig-van.com\/montreal\/wp-content\/uploads\/sites\/3\/2018\/12\/Dina-Gilbert-cr-Nadia-Zheng-WEB-768x512.jpg 768w\" sizes=\"(max-width: 1024px) 100vw, 1024px\" \/><figcaption id=\"caption-attachment-58070\" class=\"wp-caption-text\">Encore cette ann\u00e9e, Dina Gilbert dirige l&rsquo;Orchestre des Grands Ballets pour les repr\u00e9sentations de Casse-Noisette. (Cr\u00e9dit: Nadia Zheng).<\/figcaption><\/figure>\n<h3>Harmonium symphonique &#8211; Histoire sans paroles<\/h3>\n<h3>Les 6, 7 et 8 octobre, 19 h 30, salle Wilfrid-Pelletier, suppl\u00e9mentaire le 8 octobre \u00e0 14 h 30. <a href=\"https:\/\/www.osm.ca\/fr\/concerts\/harmonium-symphonique-la-creation-originale\/\" target=\"_blank\" rel=\"noopener\">D\u00c9TAILS ET BILLETS<\/a><\/h3>\n<p>\u00c0 quelques semaines de sa tourn\u00e9e europ\u00e9enne, l<strong>&lsquo;Orchestre symphonique de Montr\u00e9al<\/strong>, sous la direction de<strong> Dina Gilbert<\/strong>, pr\u00e9sente le spectacle <em><strong>Histoires sans paroles \u2013 Harmonium symphonique<\/strong><\/em> pour la premi\u00e8re fois \u00e0 Montr\u00e9al. Avec <strong>Sylvain Quesnel,<\/strong> guitariste, <strong>Kim Richardson,\u00a0<\/strong>chanteuse, <strong>Luce Dufault,\u00a0<\/strong>chanteuse, et le <strong>Ch\u0153ur des jeunes de Laval <\/strong>dans une orchestration de <strong>Simon Leclerc.\u00a0<\/strong><\/p>\n<p>&nbsp;<\/p>\n<figure id=\"attachment_73184\" aria-describedby=\"caption-attachment-73184\" style=\"width: 1024px\" class=\"wp-caption alignnone\"><img decoding=\"async\" loading=\"lazy\" class=\"size-full wp-image-73184\" src=\"https:\/\/www.ludwig-van.com\/montreal\/wp-content\/uploads\/sites\/3\/2022\/10\/Andras-Schiff-cr-Festival-Bach.jpg\" alt=\"Sir Andr\u00e1s Schiff (Photo: courtoisie du Festival Bach de Montr\u00e9al)\" width=\"1024\" height=\"819\" \/><figcaption id=\"caption-attachment-73184\" class=\"wp-caption-text\">Sir Andr\u00e1s Schiff (Photo: courtoisie du Festival Bach de Montr\u00e9al)<\/figcaption><\/figure>\n<h3><strong>Sir Andr\u00e1s Schiff dans Les Variations Goldberg<\/strong><\/h3>\n<h3>Le 5 octobre, 19h30, Maison Symphonique <a href=\"https:\/\/festivalbachmontreal.com\/concerts\/andras-schiff\/\" target=\"_blank\" rel=\"noopener\">D\u00c9TAILS ET BILLETS<\/a><\/h3>\n<p>Dans le cadre du <strong>Festival Bach de Montr\u00e9al<\/strong>, l\u2019incontournable interpr\u00e8te de J.S Bach, <strong>Sir Andr\u00e1s Schiff<\/strong> se produira \u00e0 la Maison Symphonique dans le <em>Concerto dans le go\u00fbt italien en\u00a0fa\u00a0majeur<\/em>, <em>l\u2019Ouverture de la Suite fran\u00e7aise en\u00a0si\u00a0mineur<\/em>, et dans <em>Les Variations Goldberg<\/em>.<\/p>\n<p>&nbsp;<\/p>\n<figure id=\"attachment_48002\" aria-describedby=\"caption-attachment-48002\" style=\"width: 1024px\" class=\"wp-caption aligncenter\"><img decoding=\"async\" loading=\"lazy\" class=\"wp-image-48002 size-full\" src=\"https:\/\/www.ludwig-van.com\/montreal\/wp-content\/uploads\/sites\/3\/2017\/09\/ChapelleBonPasteur_01-Olivier-ruel-1.jpg\" alt=\"Chapelle historique du Bon-Pasteur. (Cr\u00e9ditL Olivier Ruel)\" width=\"1024\" height=\"576\" srcset=\"https:\/\/www.ludwig-van.com\/montreal\/wp-content\/uploads\/sites\/3\/2017\/09\/ChapelleBonPasteur_01-Olivier-ruel-1.jpg 1024w, https:\/\/www.ludwig-van.com\/montreal\/wp-content\/uploads\/sites\/3\/2017\/09\/ChapelleBonPasteur_01-Olivier-ruel-1-300x169.jpg 300w, https:\/\/www.ludwig-van.com\/montreal\/wp-content\/uploads\/sites\/3\/2017\/09\/ChapelleBonPasteur_01-Olivier-ruel-1-768x432.jpg 768w\" sizes=\"(max-width: 1024px) 100vw, 1024px\" \/><figcaption id=\"caption-attachment-48002\" class=\"wp-caption-text\">Chapelle historique du Bon-Pasteur. (Cr\u00e9ditL Olivier Ruel)<\/figcaption><\/figure>\n<h2>Chapelle historique du Bon-Pasteur<\/h2>\n<p>Deux r\u00e9citals auront lieu cette semaine \u00e0 la Chapelle historique.<\/p>\n<h3>Deux pianos, cor et violoncelles<\/h3>\n<h3>Le 6 octobre, 19 h 30, Chapelle historique du Bon-Pasteur. <a href=\"https:\/\/www.facebook.com\/events\/440535327900290\" target=\"_blank\" rel=\"noopener\">D\u00c9TAILS<\/a><\/h3>\n<p>R\u00e9cital avec Louis-Philippe Marsolais (cor), St\u00e9phane T\u00e9treault et Cameron Crozman (violoncelle), David Jalbert et Philippe Chiu (piano). On entendra l&rsquo;Andante avec variations, de Schumann, et la cr\u00e9ation d&rsquo;une pi\u00e8ce du compositeur Simon Bourget.<\/p>\n<h3>L&rsquo;Univers Schumann IV<\/h3>\n<h3>Le 9 octobre, 15 h, Chapelle historique du Bon-Pasteur. <a href=\"https:\/\/www.facebook.com\/events\/472233961205883\" target=\"_blank\" rel=\"noopener\">D\u00c9TAILS<\/a><\/h3>\n<p>Jeanne Ami\u00e8le (piano) et Alicia Choi (violon) pr\u00e9sentent leur 4e r\u00e9cital portant sur le parcours cr\u00e9ateur de Robert et Clara Schumann.<\/p>\n<p>&nbsp;<\/p>\n<p style=\"text-align: center;\"><img decoding=\"async\" loading=\"lazy\" class=\"alignnone wp-image-72896\" src=\"https:\/\/www.ludwig-van.com\/montreal\/wp-content\/uploads\/sites\/3\/2022\/09\/OUM_Emergence.jpg\" alt=\"\" width=\"700\" height=\"468\" \/><\/p>\n<h3><strong>L\u2019Orchestre de l\u2019Universit\u00e9 de Montr\u00e9al \u2013 \u00c9mergence <\/strong><\/h3>\n<h3>Le 7 octobre, 19 h 30, Salle Serge-Garant <a href=\"https:\/\/www.calendrier.umontreal.ca\/detail\/886342-emergence\" target=\"_blank\" rel=\"noopener\">D\u00c9TAILS ET BILLETS<\/a><\/h3>\n<p>Les \u00e9tudiantes et \u00e9tudiants de la Facult\u00e9 de Musique de l\u2019Universit\u00e9 de Montr\u00e9al se r\u00e9unissent pour offrir un concert gratuit \u00e0 la Salle Serge-Garant. En premi\u00e8re partie, Le public pourra assister \u00e0 une performance audiovisuelle de J\u00e9r\u00e9mie Martineau suivi des <em>Variations Goldberg<\/em> de J.S Bach par<strong> Karl-Fr\u00e9d\u00e9ric Bolte<\/strong> au clavecin.<\/p>\n<p>&nbsp;<\/p>\n<figure id=\"attachment_47988\" aria-describedby=\"caption-attachment-47988\" style=\"width: 700px\" class=\"wp-caption aligncenter\"><img decoding=\"async\" loading=\"lazy\" class=\"wp-image-47988 size-full\" src=\"https:\/\/www.ludwig-van.com\/montreal\/wp-content\/uploads\/sites\/3\/2017\/09\/EnsembleMusiqueContemporaineUdeM_27mars18.jpg\" alt=\"L'Ensemble de musique contemporaine\u00a0sous la direction de Jean-Micha\u00ebl Lavoie\" width=\"700\" height=\"467\" srcset=\"https:\/\/www.ludwig-van.com\/montreal\/wp-content\/uploads\/sites\/3\/2017\/09\/EnsembleMusiqueContemporaineUdeM_27mars18.jpg 700w, https:\/\/www.ludwig-van.com\/montreal\/wp-content\/uploads\/sites\/3\/2017\/09\/EnsembleMusiqueContemporaineUdeM_27mars18-300x200.jpg 300w\" sizes=\"(max-width: 700px) 100vw, 700px\" \/><figcaption id=\"caption-attachment-47988\" class=\"wp-caption-text\">L&rsquo;Ensemble de musique contemporaine\u00a0sous la direction de Jean-Micha\u00ebl Lavoie.<\/figcaption><\/figure>\n<h3><strong>L\u2019Ensemble de Musique Contemporaine et la Kammersymphonie de Schoenberg <\/strong><\/h3>\n<h3>Le 8 octobre, 19 h 30, Salle Claude-Champagne <a href=\"https:\/\/www.calendrier.umontreal.ca\/detail\/886343-lremc-et-la-kammersymphonie-de-schoenberg\" target=\"_blank\" rel=\"noopener\">D\u00c9TAILS ET BILLETS<\/a><\/h3>\n<p><strong>L\u2019Ensemble de Musique Contemporaine<\/strong> de l\u2019Universit\u00e9 de Montr\u00e9al propose un concert gratuit avec des \u0153uvres de Misato Mochizuki, Aleksandra Gryka, Sofia Gouba\u00efdoulina et A. Schoenberg pour clore l\u2019\u00e9v\u00e9nement. Chef d\u2019orchestre: <strong>Jean-Micha\u00ebl Lavoie<\/strong>; <strong>Darko Dimitrijevic<\/strong> \u00e0 l\u2019accord\u00e9on.<\/p>\n<p>&nbsp;<\/p>\n<figure id=\"attachment_72536\" aria-describedby=\"caption-attachment-72536\" style=\"width: 885px\" class=\"wp-caption alignnone\"><img decoding=\"async\" loading=\"lazy\" class=\"size-full wp-image-72536\" src=\"https:\/\/www.ludwig-van.com\/montreal\/wp-content\/uploads\/sites\/3\/2022\/09\/Mark-Fewer.jpg\" alt=\"\" width=\"885\" height=\"445\" \/><figcaption id=\"caption-attachment-72536\" class=\"wp-caption-text\">Mark Fewer &amp; Daniel Janke<\/figcaption><\/figure>\n<h3><strong>Pr\u00e9sentation de l\u2019album <em>Celestial Blue<\/em> <\/strong><\/h3>\n<h3>Le 8 octobre, 19 h 30, Salle de r\u00e9cital du Conservatoire de Musique de Montr\u00e9al. <a href=\"https:\/\/levivier.ca\/fr\/concert\/saison-2022-23\/celestial-blue\" target=\"_blank\" rel=\"noopener\">D\u00c9TAILS ET BILLETS<\/a><\/h3>\n<p>Entre la composition et l\u2019improvisation, le gospel et le folklore, le violoniste Mark Fewer et le pianiste-compositeur Daniel Janke pr\u00e9senteront leur album <em>Celestial Blue<\/em> \u00e0 la Salle de r\u00e9cital du Conservatoire de Musique de Montr\u00e9al.<\/p>\n<p>&nbsp;<\/p>\n<p style=\"text-align: center;\"><img decoding=\"async\" loading=\"lazy\" class=\"alignnone size-full wp-image-72540\" src=\"https:\/\/www.ludwig-van.com\/montreal\/wp-content\/uploads\/sites\/3\/2022\/09\/Le-vivier.jpg\" alt=\"\" width=\"884\" height=\"440\" \/><\/p>\n<h3><strong>Exp\u00e9rience immersive avec <em>Inside your ears<\/em> <\/strong><\/h3>\n<h3>Le 9 octobre, 19 h 30, Edifice Wilder <a href=\"https:\/\/levivier.ca\/fr\/concert\/saison-2022-23\/inside-your-ears\" target=\"_blank\" rel=\"noopener\">D\u00c9TAILS ET BILLETS<\/a><\/h3>\n<p><strong>Le Vivier<\/strong> et <strong>Totem contemporain<\/strong> invitent le public \u00e0 vivre une exp\u00e9rience immersive \u00e0 l\u2019\u00c9difice Wilder. Trois \u0153uvres mettront en sc\u00e8ne un orgue de sir\u00e8nes de camion, instrument con\u00e7u par <strong>Jean-Fran\u00e7ois Laporte.<\/strong><\/p>\n<p>&nbsp;<\/p>\n<h2><em>Inscrivez-vous \u00e0 notre infolettre! La musique classique et l&rsquo;op\u00e9ra en 5 minutes, chaque jour<\/em> \u00a0<span style=\"color: #ff0000;\"><a style=\"color: #ff0000;\" href=\"https:\/\/ludwig-van.us9.list-manage.com\/subscribe?u=4f785cb3f9058f2393ccad035&amp;id=b9b160c032\" target=\"_blank\" rel=\"noopener noreferrer\">ICI\u00a0<\/a><\/span><\/h2>\n","protected":false},"excerpt":{"rendered":"<p>Cette semaine, la sc\u00e8ne musicale montr\u00e9alaise fait un grand voyage entre les \u00e9poques. Entre musique de la Renaissance, musique romantique ou encore musique contemporaine, une chose est s\u00fbre, il y en a pour tous les go\u00fbts. Voici nos Choix de la r\u00e9daction du 3 au 9 octobre 2022.<\/p>\n","protected":false},"author":105,"featured_media":73177,"comment_status":"open","ping_status":"open","sticky":false,"template":"","format":"standard","meta":{"om_disable_all_campaigns":false,"jetpack_post_was_ever_published":false},"categories":[42010,10956,10994],"tags":[42007,29791,35505,2542,11137,4459],"yst_prominent_words":[9878,9863,13120,13117,31965,9792,21883,26052,9877,13123,33503,10598,11700,11696,13116,13118,31964],"acf":[],"jetpack_featured_media_url":"https:\/\/www.ludwig-van.com\/montreal\/wp-content\/uploads\/sites\/3\/2022\/10\/CHOIX-3-octobre-2022.jpg","jetpack_sharing_enabled":true,"jetpack_shortlink":"https:\/\/wp.me\/p9bdYt-j2a","amp_enabled":true,"_links":{"self":[{"href":"https:\/\/www.ludwig-van.com\/montreal\/wp-json\/wp\/v2\/posts\/73170"}],"collection":[{"href":"https:\/\/www.ludwig-van.com\/montreal\/wp-json\/wp\/v2\/posts"}],"about":[{"href":"https:\/\/www.ludwig-van.com\/montreal\/wp-json\/wp\/v2\/types\/post"}],"author":[{"embeddable":true,"href":"https:\/\/www.ludwig-van.com\/montreal\/wp-json\/wp\/v2\/users\/105"}],"replies":[{"embeddable":true,"href":"https:\/\/www.ludwig-van.com\/montreal\/wp-json\/wp\/v2\/comments?post=73170"}],"version-history":[{"count":7,"href":"https:\/\/www.ludwig-van.com\/montreal\/wp-json\/wp\/v2\/posts\/73170\/revisions"}],"predecessor-version":[{"id":73223,"href":"https:\/\/www.ludwig-van.com\/montreal\/wp-json\/wp\/v2\/posts\/73170\/revisions\/73223"}],"wp:featuredmedia":[{"embeddable":true,"href":"https:\/\/www.ludwig-van.com\/montreal\/wp-json\/wp\/v2\/media\/73177"}],"wp:attachment":[{"href":"https:\/\/www.ludwig-van.com\/montreal\/wp-json\/wp\/v2\/media?parent=73170"}],"wp:term":[{"taxonomy":"category","embeddable":true,"href":"https:\/\/www.ludwig-van.com\/montreal\/wp-json\/wp\/v2\/categories?post=73170"},{"taxonomy":"post_tag","embeddable":true,"href":"https:\/\/www.ludwig-van.com\/montreal\/wp-json\/wp\/v2\/tags?post=73170"},{"taxonomy":"yst_prominent_words","embeddable":true,"href":"https:\/\/www.ludwig-van.com\/montreal\/wp-json\/wp\/v2\/yst_prominent_words?post=73170"}],"curies":[{"name":"wp","href":"https:\/\/api.w.org\/{rel}","templated":true}]}}