{"id":73153,"date":"2022-09-29T12:11:53","date_gmt":"2022-09-29T16:11:53","guid":{"rendered":"https:\/\/www.ludwig-van.com\/montreal\/?p=73153"},"modified":"2022-09-29T12:11:53","modified_gmt":"2022-09-29T16:11:53","slug":"nouvelle-demi-finalistes-concours-osm-2022-devoiles","status":"publish","type":"post","link":"https:\/\/www.ludwig-van.com\/montreal\/2022\/09\/29\/nouvelle-demi-finalistes-concours-osm-2022-devoiles\/","title":{"rendered":"NOUVELLE | Les 10 demi-finalistes du Concours OSM 2022 d\u00e9voil\u00e9s"},"content":{"rendered":"<figure id=\"attachment_73160\" aria-describedby=\"caption-attachment-73160\" style=\"width: 1200px\" class=\"wp-caption alignnone\"><img decoding=\"async\" loading=\"lazy\" class=\"size-full wp-image-73160\" src=\"https:\/\/www.ludwig-van.com\/montreal\/wp-content\/uploads\/sites\/3\/2022\/09\/Concours-OSM-2022.jpg\" alt=\"Linda Ruan, Jean-Christophe M\u00e9lan\u00e7on et Joshua Wong sont parmi les demi-finalistes du Concours OSM 2022, qui sera consacr\u00e9 au piano. (Photos: courtoisie)\" width=\"1200\" height=\"628\" \/><figcaption id=\"caption-attachment-73160\" class=\"wp-caption-text\">Linda Ruan, Jean-Christophe M\u00e9lan\u00e7on et Joshua Wong sont parmi les demi-finalistes du Concours OSM 2022, qui sera consacr\u00e9 au piano. (Photos: courtoisie)<\/figcaption><\/figure>\n<h3><span style=\"color: #808080;\">L&rsquo;Orchestre symphonique de Montr\u00e9al a r\u00e9cemment d\u00e9voil\u00e9 les demi-finalistes de la 83e \u00e9dition du Concours OSM, qui se tiendra du 8 au 12 novembre prochains. Cette ann\u00e9e, le concours est d\u00e9di\u00e9 au piano.<\/span><\/h3>\n<p>Rappelons que le <strong>Concours OSM<\/strong> r\u00e9unit chaque ann\u00e9e des candidats canadiens, \u00e2g\u00e9s de 16 \u00e0 25 ans, et offre \u00e0 ses laur\u00e9ats des prix totalisant 100 000 $. Cette ann\u00e9e, deux des demi-finalistes proviennent du Qu\u00e9bec: il s&rsquo;agit de Jean-Christophe M\u00e9lan\u00e7on, dipl\u00f4m\u00e9 du Conservatoire de musique de Montr\u00e9al, et de Joshua Wong, \u00e9tudiant \u00e0 McGill.<\/p>\n<p>Nouveaut\u00e9 cette ann\u00e9e: l&rsquo;OSM accompagnera les finalistes lors de l&rsquo;\u00e9preuve finale, sous la direction de Jacques Lacombe.<\/p>\n<p><strong>Pour 2022, les dix demi-finalistes du CONCOURS OSM sont:<\/strong><\/p>\n<ul>\n<li><strong>Linda Ruan<\/strong>, 25 ans de la Colombie-Britannique. Dipl\u00f4m\u00e9e de la Glenn Gould School et de Juilliard. <a href=\"https:\/\/www.concoursosm.ca\/portfolios\/linda-ruan\/\" target=\"_blank\" rel=\"noopener\">PLUS DE D\u00c9TAILS<\/a><\/li>\n<li><strong>Nicole Wu,<\/strong> 18 ans, de l&rsquo;Ontario. Elle est actuellement \u00e9tudiante de premi\u00e8re ann\u00e9e en piano \u00e0 l&rsquo;\u00c9cole de musique Schulich de McGill avec Ilya Poletaev. <a href=\"https:\/\/www.concoursosm.ca\/portfolios\/nicole-wu\/\" target=\"_blank\" rel=\"noopener\">PLUS DE D\u00c9TAILS<\/a><\/li>\n<li><strong>Jessica Yuma<\/strong>, 19 ans, de l&rsquo;Alberta. Elle \u00e9tudie au New England Conservatory, \u00e0 Boston. <a href=\"https:\/\/www.concoursosm.ca\/portfolios\/jessica-yuma\/\" target=\"_blank\" rel=\"noopener\">PLUS DE D\u00c9TAILS<\/a><\/li>\n<li><strong>Godwin Friesen<\/strong>, 24 ans, de l&rsquo;Ontario. Il poursuit pr\u00e9sentement une ma\u00eetrise \u00e0 l&rsquo;Universit\u00e9 de Montr\u00e9al avec Henry Kramer. <a href=\"https:\/\/www.concoursosm.ca\/portfolios\/godwin-friesen\/\" target=\"_blank\" rel=\"noopener\">PLUS DE D\u00c9TAILS<\/a><\/li>\n<li><strong>Vincent Vu<\/strong>, 23 ans, de l&rsquo;Ontario. Ancien \u00e9tudiant de <strong>Dang Thai Son<\/strong> \u00e0 l&rsquo;Universit\u00e9 de Montr\u00e9al, il \u00e9tudie pr\u00e9sentement \u00e0 la Glenn Gould School avec John O&rsquo;Conor. <a href=\"https:\/\/www.concoursosm.ca\/portfolios\/vincent-vu\/\" target=\"_blank\" rel=\"noopener\">PLUS DE D\u00c9TAILS<\/a><\/li>\n<li><strong>Jean-Christophe M\u00e9lan\u00e7on<\/strong>, 24 ans, Qu\u00e9bec. Il vient d&rsquo;obtenir sa ma\u00eetrise au Conservatoire de musique de Montr\u00e9al o\u00f9 il a \u00e9tudi\u00e9 avec Richard Raymond. <a href=\"https:\/\/www.concoursosm.ca\/portfolios\/jean-christophe-melancon\/\" target=\"_blank\" rel=\"noopener\">PLUS DE D\u00c9TAILS<\/a><\/li>\n<li><strong>Hamilton Lau<\/strong>, 19 ans, Colombie-Britannique. Il \u00e9tudie pr\u00e9sentement avec Corey Hamm \u00e0 l&rsquo;Universit\u00e9 de la Colombie-Britannique.<a href=\"https:\/\/www.concoursosm.ca\/portfolios\/hamilton-lau\/\" target=\"_blank\" rel=\"noopener\"> PLUS DE D\u00c9TAILS<\/a><\/li>\n<li><strong>Joshua Wong<\/strong>, 19 ans, Qu\u00e9bec. \u00c9l\u00e8ve d&rsquo;Ilya Poletaev \u00e0 l&rsquo;\u00c9cole de musique Schulich de McGill. <a href=\"https:\/\/www.concoursosm.ca\/portfolios\/joshua-wong\/\" target=\"_blank\" rel=\"noopener\">PLUS DE D\u00c9TAILS<\/a><\/li>\n<li><strong>Jaeden Izik-Dzurko,<\/strong> 23 ans, Colombie-Britannique. \u00c9l\u00e8ve de Corey Hamm \u00e0 l&rsquo;Universit\u00e9 de la Colombie-Britannique.<a href=\"https:\/\/www.concoursosm.ca\/portfolios\/jaeden-izik-dzurko\/\" target=\"_blank\" rel=\"noopener\"> PLUS DE D\u00c9TAILS<\/a><\/li>\n<li><strong>Victoria Wong<\/strong>, 25 ans, Ontario. R\u00e9cemment dipl\u00f4m\u00e9e en ma\u00eetrise \u00e0 la Juilliard School. Elle a aussi particip\u00e9 au Concours Chopin en 2021. <a href=\"https:\/\/www.concoursosm.ca\/portfolios\/victoria-wong\/\" target=\"_blank\" rel=\"noopener\">PLUS DE D\u00c9TAILS<\/a><\/li>\n<\/ul>\n<p>Le <a href=\"https:\/\/www.concoursosm.ca\/le-jury-preliminaire\/\" target=\"_blank\" rel=\"noopener\">jury pr\u00e9liminaire<\/a> de cette \u00e9dition \u00e9tait form\u00e9 des pianistes Philip Chiu, Katherine Chi et James Agnanoson. Le<a href=\"https:\/\/www.concoursosm.ca\/jury-international\/\" target=\"_blank\" rel=\"noopener\"> jury international<\/a> est form\u00e9 de Gillian More, Mari Kodama, Rico Gulda, Angela Hewitt et Isolde Lagac\u00e9.<\/p>\n<p>Par ailleurs, notons que trois anciens laur\u00e9ats du <strong>Concours OSM<\/strong> (<strong>Blake Pouliot<\/strong>, violon, 2016, <strong>Bryan Cheng<\/strong>, violoncelle, 2019, et <strong>Angela Hewitt<\/strong>, piano, 1975) se produiront avec l&rsquo;OSM sous la direction de la cheffe <strong>Laurence Equilbey<\/strong> les 9 et 10 novembre \u00e0 la Maison symphonique. <a href=\"https:\/\/www.osm.ca\/fr\/concerts\/le-triple-concerto-de-beethoven-aux-couleurs-de-losm\/\" target=\"_blank\" rel=\"noopener\">D\u00c9TAILS<\/a><\/p>\n<h3>Demi-Finale: les 8 et 9 novembre 2022<\/h3>\n<p>\u00c9preuve de demi-finale \u00e0 la salle Tanna Schulich de l\u2019Universit\u00e9 McGill et annonce des 3 finalistes.<br \/>\nAdmission gratuite. Aucune r\u00e9servation requise.<\/p>\n<h3>Grande finale: 12 novembre 2022, Maison symphonique.<\/h3>\n<p><a href=\"https:\/\/www.osm.ca\/fr\/concerts\/les-pianos-valsent-en-finale-du-concours-osm\/\" target=\"_blank\" rel=\"noopener\">D\u00c9TAILS ET BILLETS<\/a><\/p>\n<p>&nbsp;<\/p>\n<h2><em>Inscrivez-vous \u00e0 notre infolettre! La musique classique et l&rsquo;op\u00e9ra en 5 minutes, chaque jour<\/em> \u00a0<span style=\"color: #ff0000;\"><a style=\"color: #ff0000;\" href=\"https:\/\/ludwig-van.us9.list-manage.com\/subscribe?u=4f785cb3f9058f2393ccad035&amp;id=b9b160c032\" target=\"_blank\" rel=\"noopener noreferrer\">ICI\u00a0<\/a><\/span><\/h2>\n","protected":false},"excerpt":{"rendered":"<p>L&rsquo;Orchestre symphonique de Montr\u00e9al a r\u00e9cemment d\u00e9voil\u00e9 les demi-finalistes de la 83e \u00e9dition du Concours OSM, qui se tiendra du 8 au 12 novembre prochains. Cette ann\u00e9e, le concours est d\u00e9di\u00e9 au piano.<\/p>\n","protected":false},"author":51,"featured_media":73160,"comment_status":"open","ping_status":"open","sticky":false,"template":"","format":"standard","meta":{"om_disable_all_campaigns":false,"jetpack_post_was_ever_published":false},"categories":[42010,10956,10992],"tags":[36906,2542],"yst_prominent_words":[21869,12798,13618,10289,12243,14167,9057,10386,10376,10207,12245,15220],"acf":[],"jetpack_featured_media_url":"https:\/\/www.ludwig-van.com\/montreal\/wp-content\/uploads\/sites\/3\/2022\/09\/Concours-OSM-2022.jpg","jetpack_sharing_enabled":true,"jetpack_shortlink":"https:\/\/wp.me\/p9bdYt-j1T","amp_enabled":true,"_links":{"self":[{"href":"https:\/\/www.ludwig-van.com\/montreal\/wp-json\/wp\/v2\/posts\/73153"}],"collection":[{"href":"https:\/\/www.ludwig-van.com\/montreal\/wp-json\/wp\/v2\/posts"}],"about":[{"href":"https:\/\/www.ludwig-van.com\/montreal\/wp-json\/wp\/v2\/types\/post"}],"author":[{"embeddable":true,"href":"https:\/\/www.ludwig-van.com\/montreal\/wp-json\/wp\/v2\/users\/51"}],"replies":[{"embeddable":true,"href":"https:\/\/www.ludwig-van.com\/montreal\/wp-json\/wp\/v2\/comments?post=73153"}],"version-history":[{"count":6,"href":"https:\/\/www.ludwig-van.com\/montreal\/wp-json\/wp\/v2\/posts\/73153\/revisions"}],"predecessor-version":[{"id":73163,"href":"https:\/\/www.ludwig-van.com\/montreal\/wp-json\/wp\/v2\/posts\/73153\/revisions\/73163"}],"wp:featuredmedia":[{"embeddable":true,"href":"https:\/\/www.ludwig-van.com\/montreal\/wp-json\/wp\/v2\/media\/73160"}],"wp:attachment":[{"href":"https:\/\/www.ludwig-van.com\/montreal\/wp-json\/wp\/v2\/media?parent=73153"}],"wp:term":[{"taxonomy":"category","embeddable":true,"href":"https:\/\/www.ludwig-van.com\/montreal\/wp-json\/wp\/v2\/categories?post=73153"},{"taxonomy":"post_tag","embeddable":true,"href":"https:\/\/www.ludwig-van.com\/montreal\/wp-json\/wp\/v2\/tags?post=73153"},{"taxonomy":"yst_prominent_words","embeddable":true,"href":"https:\/\/www.ludwig-van.com\/montreal\/wp-json\/wp\/v2\/yst_prominent_words?post=73153"}],"curies":[{"name":"wp","href":"https:\/\/api.w.org\/{rel}","templated":true}]}}