{"id":73098,"date":"2022-09-27T15:27:02","date_gmt":"2022-09-27T19:27:02","guid":{"rendered":"https:\/\/www.ludwig-van.com\/montreal\/?p=73098"},"modified":"2022-09-27T15:27:02","modified_gmt":"2022-09-27T19:27:02","slug":"entrevue-herve-niquet-voyage-au-quebec-avec-marc-antoine-charpentier","status":"publish","type":"post","link":"https:\/\/www.ludwig-van.com\/montreal\/2022\/09\/27\/entrevue-herve-niquet-voyage-au-quebec-avec-marc-antoine-charpentier\/","title":{"rendered":"ENTREVUE | Herv\u00e9 Niquet: voyage au Qu\u00e9bec avec Marc-Antoine Charpentier"},"content":{"rendered":"<h3><span style=\"color: #808080;\">Entretien avec Herv\u00e9 Niquet<\/span><\/h3>\n<figure id=\"attachment_73099\" aria-describedby=\"caption-attachment-73099\" style=\"width: 1200px\" class=\"wp-caption alignnone\"><img decoding=\"async\" loading=\"lazy\" class=\"size-full wp-image-73099\" src=\"https:\/\/www.ludwig-van.com\/montreal\/wp-content\/uploads\/sites\/3\/2022\/09\/Herve-Niquet-entrevue.jpg\" alt=\"Herv\u00e9 Niquet (photo: courtoisie)\" width=\"1200\" height=\"628\" \/><figcaption id=\"caption-attachment-73099\" class=\"wp-caption-text\">Herv\u00e9 Niquet (photo: courtoisie)<\/figcaption><\/figure>\n<h3><span style=\"color: #808080;\">Grand sp\u00e9cialiste du r\u00e9pertoire baroque, Herv\u00e9 Niquet visite Qu\u00e9bec et Montr\u00e9al cette semaine pour diriger Clavecin en concert et des solistes invit\u00e9s pour \u00ab\u00a0Charpentier: entre triomphe et pi\u00e9t\u00e9\u00a0\u00bb, au Palais Montcalm et \u00e0 la Salle Bourgie. Entretien.\u00a0<\/span><\/h3>\n<p><strong>LVM: \u00ab\u00a0Parlez-nous de vos collaborations ant\u00e9rieures avec Clavecin en concert\u00a0\u00bb<\/strong><\/p>\n<p><strong>Herv\u00e9 Niquet:<\/strong> \u00ab\u00a0Je connais<strong> Luc Beaus\u00e9jour<\/strong> depuis plus de vingt ans. Nous avons fait une tourn\u00e9e de concerts \u00e0 deux clavecins, je l&rsquo;ai invit\u00e9 en Europe, et on a aussi enregistr\u00e9 un tr\u00e8s beau disque sur Analekta, bref, on a fait beaucoup de choses ensemble.\u00a0\u00bb<\/p>\n<p><strong>LVM: \u00ab\u00a0Pouvez-vous nous parler du programme des concerts pr\u00e9sent\u00e9s cette semaine?\u00a0\u00bb\u00a0<\/strong><\/p>\n<p><strong>Herv\u00e9 Niquet:<\/strong> \u00ab\u00a0C&rsquo;est de la musique parisienne d&rsquo;apparat, le <em>Te Deum<\/em> est une pi\u00e8ce pour des f\u00eates importantes, mariages royaux ou princiers, par exemple. Les deux autres sont des motets. Le premier a \u00e9t\u00e9 \u00e9crit pour la Duchesse de Guise, son employeuse principale, et l&rsquo;autre, le <em>Miserere<\/em>, a \u00e9t\u00e9 compos\u00e9 pour les J\u00e9suites de la rue Saint-Antoine. Donc c&rsquo;est de la grande musique parisienne, qui n\u00e9cessite pas mal d&rsquo;effectifs, il faut cinq solistes, un ch\u0153ur, et un orchestre o\u00f9 l&rsquo;on retrouve deux trompettes et des timbales. Pour Montr\u00e9al, nous serons une trentaine de musiciens et chanteurs sur sc\u00e8ne, soit 17 instrumentistes, et 13 chanteurs.\u00a0\u00bb<\/p>\n<p><strong>LVM: \u00ab\u00a0Tout r\u00e9cemment, vous avez lanc\u00e9 un album Haendel avec le Concert Spirituel. Pourquoi ne pas avoir choisi un programme Haendel pour vos concerts au Qu\u00e9bec?\u00a0\u00bb\u00a0<\/strong><\/p>\n<p><strong>Herv\u00e9 Niquet:<\/strong> \u00ab\u00a0Haendel requiert des effectifs encore plus importants. De plus, ici \u00e0 Montr\u00e9al, on fait tr\u00e8s peu de musique fran\u00e7aise, donc je trouvais bien d&rsquo;apporter ici, dans mes bagages, de la musique fran\u00e7aise que je connais bien, que j&rsquo;enregistre depuis trente ans. Je trouve tr\u00e8s important d&rsquo;apporter ce que je sais faire dans ce r\u00e9pertoire qui est peu donn\u00e9 ici en concert. Le Te Deum est tr\u00e8s connu, mais les deux motets sont presque in\u00e9dits, ils ont \u00e9t\u00e9 peu donn\u00e9s en Europe. Cela nous fait une pi\u00e8ce tr\u00e8s embl\u00e9matique de la musique fran\u00e7aise avec le <em>Te Deum<\/em>, et deux pi\u00e8ces moins connues. Je trouve cela plus judicieux que d&rsquo;amener du Haendel, mais c&rsquo;est aussi bruyant et aussi sonore que du Haendel.\u00a0\u00bb<\/p>\n<p><strong>LVM: \u00ab\u00a0Souvent les musiciens et chefs baroques font eux-m\u00eames des recherches musicologiques, est-ce votre cas?\u00a0\u00bb<\/strong><\/p>\n<p><strong>Herv\u00e9 Niquet:<\/strong> \u00ab\u00a0Bien s\u00fbr, je fais cela depuis quarante ans. J&rsquo;ai toujours ma carte d&rsquo;entr\u00e9e comme chercheur \u00e0 la Biblioth\u00e8que nationale de France, et depuis une douzaine d&rsquo;ann\u00e9es, en plus du baroque, j&rsquo;ai entam\u00e9 des recherches sur la musique romantique fran\u00e7aise. Je suis un rat de biblioth\u00e8que et je propose g\u00e9n\u00e9ralement des choses in\u00e9dites. Je viens de diriger l&rsquo;op\u00e9ra <a href=\"https:\/\/www.francetvinfo.fr\/culture\/musique\/opera\/lopera-de-saint-etienne-redecouvre-lancelot-122-ans-apres-sa-creation_5101987.html\" target=\"_blank\" rel=\"noopener\"><em>Lancelot<\/em>, de Victorin Jonci\u00e8res<\/a>, \u00e0 l&rsquo;Op\u00e9ra de Saint-\u00c9tienne, et j&rsquo;ai sorti <em>Phryn\u00e9e<\/em>, de Camille Saint-Sa\u00ebns, bref, des raret\u00e9s qui sont des morceaux de patrimoine m\u00e9connu. Vous savez, il suffit de reprendre les programmes de th\u00e9\u00e2tres parisiens entre 1830 et 1900, pour se rendre compte qu&rsquo;il y a \u00e0 peine 10% de choses que l&rsquo;on conna\u00eet actuellement. Tout est l\u00e0. On a l&#8217;embarras du choix.\u00a0\u00bb<\/p>\n<p><strong>LVM: \u00ab\u00a0Ce sont des \u0153uvres qui ont \u00e9t\u00e9 progressivement abandonn\u00e9es? Pourquoi? Est-ce que la musique de concert tend \u00e0 r\u00e9tr\u00e9cir son r\u00e9pertoire?\u00a0\u00bb<\/strong><\/p>\n<p><strong>Herv\u00e9 Niquet:<\/strong> \u00ab\u00a0C&rsquo;est une affaire commerciale. Les gens sont timides de d\u00e9couvrir des choses qu&rsquo;ils ne connaissent pas, pour plusieurs raisons. D&rsquo;abord, un billet de concert co\u00fbte cher, si vous venez \u00e0 deux, c&rsquo;est le double, et il faut faire garder les enfants, payer le stationnement, et bien s\u00fbr on ira sans doute manger apr\u00e8s le spectacle. C&rsquo;est un investissement pour le plaisir, il ne faut pas se le cacher. Quand on met autant d&rsquo;argent, on n&rsquo;a pas envie d&rsquo;\u00eatre d\u00e9\u00e7u avec des \u0153uvres qu&rsquo;on ne conna\u00eet pas. Les programmateurs incluent g\u00e9n\u00e9ralement un produit d&rsquo;appel tr\u00e8s connu en deuxi\u00e8me partie, et quelque chose de moins connu avant l&rsquo;entracte. La place r\u00e9serv\u00e9e pour ce qui est connu est plus grande que celle r\u00e9serv\u00e9e \u00e0 ce qui l&rsquo;est moins. C&rsquo;est normal. Il y a aussi le ph\u00e9nom\u00e8ne de mode. De plus, rappelons qu&rsquo;avant, les compositeurs n&rsquo;avaient pas de droits d&rsquo;auteur. S&rsquo;ils voulaient \u00eatre pay\u00e9s \u00e0 la commande, ils devaient produire \u00e9norm\u00e9ment. Il y a donc beaucoup de choses qui sont tomb\u00e9es dans l&rsquo;oubli parce que le flot de la musique arrivait par vagues enti\u00e8res. Les gens aimaient d\u00e9couvrir. Il fallait \u00eatre \u00e9tonn\u00e9, \u00e0 l&rsquo;\u00e9poque.\u00a0\u00bb<\/p>\n<p><strong>LVM: \u00ab\u00a0\u00c9videmment, ce n&rsquo;est pas votre domaine, mais cela ne laisse pas beaucoup de place aux compositeurs vivants.\u00a0\u00bb\u00a0<\/strong><\/p>\n<p><strong>Herv\u00e9 Niquet:<\/strong> \u00ab\u00a0Les compositeurs vivants auraient une plus grande place s&rsquo;ils faisaient de la musique beaucoup plus \u00e9coutable. C&rsquo;est bien, la musique contemporaine, mais si c&rsquo;est pour se couper du public, que ce soit une asc\u00e8se, que l&rsquo;on doive se martyriser pour aller l&rsquo;\u00e9couter&#8230;sur la sc\u00e8ne contemporaine aujourd&rsquo;hui, ce qui fonctionne c&rsquo;est la vari\u00e9t\u00e9, c&rsquo;est la com\u00e9die musicale, \u00e7a les gens y vont parce qu&rsquo;il y a du bonheur. Il y a des concerts de musique contemporaine o\u00f9 vous avez 25 personnes dans la salle. Les compositeurs contemporains qui ont le souci du public sont peu nombreux, on le voit tr\u00e8s bien. On n&rsquo;a que ce qu&rsquo;on m\u00e9rite!\u00a0\u00bb<\/p>\n<p><strong>LVM: \u00ab\u00a0Est-ce que vos recherches de r\u00e9pertoire suivent un plan \u00e9tabli?\u00a0\u00bb<\/strong><\/p>\n<p><strong>Herv\u00e9 Niquet:<\/strong> \u00ab\u00a0Oui. Dans nos organisations professionnelles, on travaille trois ans \u00e0 l&rsquo;avance. Je peux vous dire, dans trois ans, o\u00f9 je serai, et ce que je vais jouer. Tout est tr\u00e8s pr\u00e9cis, jusqu&rsquo;au minutage. Je fais de la recherche depuis plus de quarante ans, et j&rsquo;ai des armoires enti\u00e8res de choses que j&rsquo;aimerais faire mais dont je ne ferai pas 90%, parce que j&rsquo;arrive en fin de carri\u00e8re, m\u00eame si j&rsquo;ai enregistr\u00e9 plus de 130 disques. Tout est d\u00e9j\u00e0 l\u00e0, pr\u00eat \u00e0 \u00eatre \u00e9dit\u00e9.\u00a0\u00bb<\/p>\n<p><strong>LVM: \u00ab\u00a0Vous pourrez certainement refiler ces partitions inutilis\u00e9es \u00e0 d&rsquo;autres musiciens.\u00a0\u00bb\u00a0<\/strong><\/p>\n<p>Herv\u00e9 Niquet: \u00ab\u00a0Bien s\u00fbr. Cela fait plus de 25 ans que j&rsquo;enseigne et j&rsquo;en ai donn\u00e9 \u00e0 des \u00e9tudiants, qui jouent ce que je voulais jouer. J&rsquo;ai \u00e9t\u00e9 directeur du D\u00e9partement de musique ancienne de Toulouse pendant pr\u00e8s de huit ans, et j&rsquo;ai form\u00e9 une g\u00e9n\u00e9ration de musiciens, qui sont aujourd&rsquo;hui devenus mes concurrents. Et c&rsquo;est formidable.\u00a0\u00bb<\/p>\n<h3><em>Charpentier: entre triomphe et pi\u00e9t\u00e9<\/em>, avec Clavecin en concert, sous la direction d&rsquo;Herv\u00e9 Niquet<\/h3>\n<h3>Solistes<\/h3>\n<p>Myriam Leblanc, dessus<br \/>\nCatherine Saint-Arnaud, dessus<br \/>\nPhilippe Gagn\u00e9, haute-contre<br \/>\nAld\u00e9o Jean, taille<br \/>\nDominique C\u00f4t\u00e9, basse<\/p>\n<h3>Programme<\/h3>\n<p>CHARPENTIER<br \/>\n<em>Miserere des J\u00e9suites<\/em>, H. 219<br \/>\n<em>Beatus vir<\/em>, H. 208<br \/>\n<em>Te Deum<\/em>, H. 146<\/p>\n<h3>\u00c0 Qu\u00e9bec<\/h3>\n<p><strong>Le 29 septembre, 19 h 30, Palais Montcalm.<\/strong> <a href=\"https:\/\/palaismontcalm.tuxedobillet.com\/main\/clavecin-en-concert-entre-triomphe-et-piete\" target=\"_blank\" rel=\"noopener\">D\u00c9TAILS ET BILLETS<\/a><\/p>\n<h3>\u00c0 Montr\u00e9al<\/h3>\n<p><strong>Le 30 septembre, 19 h 30, Salle Bourgie.<\/strong> <a href=\"https:\/\/www.mbam.qc.ca\/fr\/activites\/herve-niquet-dirige-charpentier-entre-triomphe-et-piete\/\" target=\"_blank\" rel=\"noopener\">D\u00c9TAILS ET BILLETS<\/a><\/p>\n<p>&nbsp;<\/p>\n<h2><em>Inscrivez-vous \u00e0 notre infolettre! La musique classique et l&rsquo;op\u00e9ra en 5 minutes, chaque jour<\/em> \u00a0<span style=\"color: #ff0000;\"><a style=\"color: #ff0000;\" href=\"https:\/\/ludwig-van.us9.list-manage.com\/subscribe?u=4f785cb3f9058f2393ccad035&amp;id=b9b160c032\" target=\"_blank\" rel=\"noopener noreferrer\">ICI\u00a0<\/a><\/span><\/h2>\n","protected":false},"excerpt":{"rendered":"<p>Grand sp\u00e9cialiste du r\u00e9pertoire baroque, Herv\u00e9 Niquet visite Qu\u00e9bec et Montr\u00e9al cette semaine pour diriger Clavecin en concert et des solistes invit\u00e9s pour \u00ab\u00a0Charpentier: entre triomphe et pi\u00e9t\u00e9\u00a0\u00bb, au Palais Montcalm et \u00e0 la Salle Bourgie. Entretien.\u00a0<\/p>\n","protected":false},"author":51,"featured_media":73099,"comment_status":"open","ping_status":"open","sticky":false,"template":"","format":"standard","meta":{"om_disable_all_campaigns":false,"jetpack_post_was_ever_published":false},"categories":[42010,10956,11009,10998],"tags":[42007,19643,42057,11137],"yst_prominent_words":[9863,9842,14775,26052,20368,9811,20902,18766,9956,26017,26016],"acf":[],"jetpack_featured_media_url":"https:\/\/www.ludwig-van.com\/montreal\/wp-content\/uploads\/sites\/3\/2022\/09\/Herve-Niquet-entrevue.jpg","jetpack_sharing_enabled":true,"jetpack_shortlink":"https:\/\/wp.me\/p9bdYt-j10","amp_enabled":true,"_links":{"self":[{"href":"https:\/\/www.ludwig-van.com\/montreal\/wp-json\/wp\/v2\/posts\/73098"}],"collection":[{"href":"https:\/\/www.ludwig-van.com\/montreal\/wp-json\/wp\/v2\/posts"}],"about":[{"href":"https:\/\/www.ludwig-van.com\/montreal\/wp-json\/wp\/v2\/types\/post"}],"author":[{"embeddable":true,"href":"https:\/\/www.ludwig-van.com\/montreal\/wp-json\/wp\/v2\/users\/51"}],"replies":[{"embeddable":true,"href":"https:\/\/www.ludwig-van.com\/montreal\/wp-json\/wp\/v2\/comments?post=73098"}],"version-history":[{"count":9,"href":"https:\/\/www.ludwig-van.com\/montreal\/wp-json\/wp\/v2\/posts\/73098\/revisions"}],"predecessor-version":[{"id":73108,"href":"https:\/\/www.ludwig-van.com\/montreal\/wp-json\/wp\/v2\/posts\/73098\/revisions\/73108"}],"wp:featuredmedia":[{"embeddable":true,"href":"https:\/\/www.ludwig-van.com\/montreal\/wp-json\/wp\/v2\/media\/73099"}],"wp:attachment":[{"href":"https:\/\/www.ludwig-van.com\/montreal\/wp-json\/wp\/v2\/media?parent=73098"}],"wp:term":[{"taxonomy":"category","embeddable":true,"href":"https:\/\/www.ludwig-van.com\/montreal\/wp-json\/wp\/v2\/categories?post=73098"},{"taxonomy":"post_tag","embeddable":true,"href":"https:\/\/www.ludwig-van.com\/montreal\/wp-json\/wp\/v2\/tags?post=73098"},{"taxonomy":"yst_prominent_words","embeddable":true,"href":"https:\/\/www.ludwig-van.com\/montreal\/wp-json\/wp\/v2\/yst_prominent_words?post=73098"}],"curies":[{"name":"wp","href":"https:\/\/api.w.org\/{rel}","templated":true}]}}