{"id":73085,"date":"2022-09-27T10:56:54","date_gmt":"2022-09-27T14:56:54","guid":{"rendered":"https:\/\/www.ludwig-van.com\/montreal\/?p=73085"},"modified":"2022-09-28T15:59:59","modified_gmt":"2022-09-28T19:59:59","slug":"communaute-musicale-lorchestre-symphonique-de-drummondville-vous-invite-au-concert-symphonie-heroique","status":"publish","type":"post","link":"https:\/\/www.ludwig-van.com\/montreal\/2022\/09\/27\/communaute-musicale-lorchestre-symphonique-de-drummondville-vous-invite-au-concert-symphonie-heroique\/","title":{"rendered":"COMMUNAUT\u00c9 MUSICALE | L&rsquo;Orchestre symphonique de Drummondville vous invite au concert Symphonie H\u00e9ro\u00efque"},"content":{"rendered":"<figure id=\"attachment_73090\" aria-describedby=\"caption-attachment-73090\" style=\"width: 1200px\" class=\"wp-caption alignnone\"><img decoding=\"async\" loading=\"lazy\" class=\"size-full wp-image-73090\" src=\"https:\/\/www.ludwig-van.com\/montreal\/wp-content\/uploads\/sites\/3\/2022\/09\/Concert-OSD-Symphonie-Heroique.jpg\" alt=\"\u00c0 gauche: Julien Proulx, chef d'orchestre et directeur artistique de l'Orchestre symphonique de Drummondville. \u00c0 droite: Samuel Blanchette-Gagnon, pianiste. (Photos: courtoisie)\" width=\"1200\" height=\"628\" \/><figcaption id=\"caption-attachment-73090\" class=\"wp-caption-text\">\u00c0 gauche: Julien Proulx, chef d&rsquo;orchestre et directeur artistique de l&rsquo;Orchestre symphonique de Drummondville. \u00c0 droite: Samuel Blanchette-Gagnon, pianiste. (Photos: courtoisie)<\/figcaption><\/figure>\n<h1 style=\"text-align: center;\"><del>Un message de l&rsquo;Orchestre symphonique de Drummondville<\/del><\/h1>\n<p>&nbsp;<\/p>\n<h2 style=\"text-align: center;\">Symphonie H\u00e9ro\u00efque, premier concert d&rsquo;une saison de classiques et de d\u00e9couvertes<\/h2>\n<p><strong>Drummondville, le 27 septembre 2022<\/strong> \u2013 <strong>L\u2019Orchestre symphonique de Drummondville<\/strong> d\u00e9butera sa nouvelle saison le<a href=\"https:\/\/www.osdrummondville.com\/evenements\/les-grands-concerts-canimex\/symphonie-heroique-29-septembre-19h30\/\" target=\"_blank\" rel=\"noopener\"> 29 septembre prochain \u00e0 19 h 30<\/a> \u00e0 la Maison des arts Desjardins Drummondville avec le concert <strong><em>Symphonie h\u00e9ro\u00efque. <\/em><\/strong><\/p>\n<p>\u00c0 l\u2019occasion de cette premi\u00e8re soir\u00e9e de la s\u00e9rie <strong>Les Grands concerts Canimex,<\/strong> <strong>Julien Proulx<\/strong> sera au pupitre pour diriger la 3e symphonie de Ludwig van Beethoven. V\u00e9ritable ode aux id\u00e9aux de la R\u00e9volution fran\u00e7aise, cette \u0153uvre phare du compositeur d\u00e9cha\u00eene l\u2019orchestre et l\u2019am\u00e8ne aux portes du romantisme.<\/p>\n<p>&nbsp;<\/p>\n<figure id=\"attachment_65746\" aria-describedby=\"caption-attachment-65746\" style=\"width: 600px\" class=\"wp-caption aligncenter\"><img decoding=\"async\" loading=\"lazy\" class=\"wp-image-65746 size-full\" src=\"https:\/\/www.ludwig-van.com\/montreal\/wp-content\/uploads\/sites\/3\/2021\/02\/Samuel-Blanchette-Gagnon.jpg\" alt=\"\" width=\"600\" height=\"400\" srcset=\"https:\/\/www.ludwig-van.com\/montreal\/wp-content\/uploads\/sites\/3\/2021\/02\/Samuel-Blanchette-Gagnon.jpg 600w, https:\/\/www.ludwig-van.com\/montreal\/wp-content\/uploads\/sites\/3\/2021\/02\/Samuel-Blanchette-Gagnon-300x200.jpg 300w\" sizes=\"(max-width: 600px) 100vw, 600px\" \/><figcaption id=\"caption-attachment-65746\" class=\"wp-caption-text\">Samuel Blanchette-Gagnon, pianiste. (Photo: courtoisie)<\/figcaption><\/figure>\n<p>De plus, le pianiste <strong>Samuel Blanchette-Gagnon<\/strong>, nomm\u00e9 l\u2019un des jeunes musiciens les plus prometteurs du pays par CBC\/Radio-Canada et r\u00e9cipiendaire du prestigieux Prix d\u2019Europe et du 2e prix au Tremplin international du Concours de musique du Canada, interpr\u00e9tera le Concerto pour piano n\u00b0 2 de Fr\u00e9d\u00e9ric Chopin. \u0152uvre compos\u00e9e \u00e0 19 ans par un jeune Chopin\u00a0 secr\u00e8tement amoureux d\u2019une coll\u00e8gue de classe, c\u2019est \u00e0 travers le piano qu\u2019il exprimera ses sentiments.<\/p>\n<p><a href=\"https:\/\/www.osdrummondville.com\/evenements\/les-grands-concerts-canimex\/symphonie-heroique-29-septembre-19h30\/\" target=\"_blank\" rel=\"noopener\">D\u00c9TAILS ET BILLETS<\/a><\/p>\n<h3>LA SAISON 2022-2023 DES CLASSIQUES ET DES D\u00c9COUVERTES<\/h3>\n<p>Il est toujours possible de se procurer des abonnements de 5 ou 3 concerts pour la s\u00e9rie <strong>Les Grands concerts Canimex 2022-2023<\/strong>. En plus du concert Symphonie h\u00e9ro\u00efque du 29 septembre prochain, l\u2019OSD vous convie au concert <strong><em>Visions d\u2019Am\u00e9rique<\/em><\/strong> <a href=\"https:\/\/www.osdrummondville.com\/evenements\/les-grands-concerts-canimex\/visions-damerique-17-novembre-2022-19h30\/\" target=\"_blank\" rel=\"noopener\">le 17 novembre<\/a> qui propose un voyage \u00e0 travers les grands espaces d\u2019Am\u00e9rique, du majestueux Saint-Laurent aux for\u00eats du sud-est des \u00c9tats-Unis. Vous aurez la chance d&rsquo;y d\u00e9couvrir une \u0153uvre hors du commun, <em>Les sept p\u00e9ch\u00e9s capitaux<\/em>, derni\u00e8re collaboration de Kurt Weill et Bertolt Brecht, qui mettra en vedette la mezzo-soprano <strong>Andrea Ludwig<\/strong> et le quatuor vocal <strong>Quartom.<\/strong><\/p>\n<p>Pour se pr\u00e9parer au temps des f\u00eates, l\u2019Orchestre invite son public \u00e0 un <em><strong>No\u00ebl \u00e0 l\u2019anglaise<\/strong><\/em> <a href=\"https:\/\/www.osdrummondville.com\/evenements\/les-grands-concerts-canimex\/noel-a-langlaise-15-decembre-2022-19h30\/\" target=\"_blank\" rel=\"noopener\">le 15<\/a><br \/>\nd\u00e9cembre. Au programme: le son noble et chaleureux de la musique des compositeurs anglais, le Concerto pour violoncelle no 1 de Camille Saint-Sa\u00ebns interpr\u00e9t\u00e9 par le violoncelliste <strong>Dominique <\/strong><strong>Beaus\u00e9jour-Ostiguy<\/strong> (Prix d\u2019Europe 2018) et quelques surprises!<\/p>\n<p>Un mariage visuel et musical est au rendez-vous avec <strong><em>Illumine la nuit<\/em><\/strong> <a href=\"https:\/\/www.osdrummondville.com\/evenements\/les-grands-concerts-canimex\/illumine-la-nuit-16-mars-2023-19h30\/\" target=\"_blank\" rel=\"noopener\">le 16 mars<\/a>, alors qu\u2019une symphonie illustr\u00e9e sera projet\u00e9e pendant l&rsquo;interpr\u00e9tation des \u0153uvres au programme, amenant le public de mani\u00e8re po\u00e9tique a explor\u00e9 les moments marquants de la vie d\u2019Alma Mahler, compositrice qui a sacrifi\u00e9 sa carri\u00e8re au profit de celle de son mari. Imagin\u00e9 par la timbali\u00e8re solo de l\u2019OSD <strong>Catherine Varvaro<\/strong>, le roman graphique est sign\u00e9 par l\u2019illustratrice <strong>Pauline Stive<\/strong> et mettra de l\u2019avant la contralto <strong>Rose Naggar-Tremblay<\/strong>, R\u00e9v\u00e9lation Radio-Canada 2022-2023.<\/p>\n<p>Le concert <em><strong>Sh\u00e9h\u00e9razade<\/strong><\/em>, pr\u00e9sent\u00e9 <a href=\"https:\/\/www.osdrummondville.com\/evenements\/les-grands-concerts-canimex\/sheherazade-20-avril-2023-19h30\/\" target=\"_blank\" rel=\"noopener\">le 15 avril<\/a>, vient clore la saison de fa\u00e7on spectaculaire. <strong>Ariane Brisson<\/strong>, fl\u00fbte solo de l\u2019OSD et d\u00e9couverte de l\u2019ann\u00e9e au gala des Prix Opus 2019-2020, pr\u00e9sente un concerto de fl\u00fbte haut en couleur inspir\u00e9 de l\u2019\u00c9gypte antique et du Livre des morts. L\u2019orchestre raconte \u00e9galement en musique l\u2019histoire de Sh\u00e9h\u00e9razade, cette femme qui, afin d\u2019\u00eatre \u00e9pargn\u00e9e par le terrible sultan Shahriar, lui raconte d\u2019extraordinaires histoires pendant mille et une nuits.<\/p>\n<p><strong>Abonnement et billetterie<\/strong><\/p>\n<p>Les billets sont disponibles \u00e0 la billetterie de la Maison des arts Desjardins Drummondville, au<br \/>\nguichet du lundi au samedi de 12h \u00e0 17h, par t\u00e9l\u00e9phone au 1-800-265-5412 ou en ligne au <a href=\"https:\/\/www.osdrummondville.com\/\" target=\"_blank\" rel=\"noopener\">osdrummondville.com<\/a><\/p>\n<p><em>Ce communiqu\u00e9 de presse est publi\u00e9 dans le cadre de nos services aux membres de Ludwig van Montr\u00e9al. Pour savoir comment devenir membre, \u00e9crivez-nous \u00e0 <a href=\"mailto:caroline@ludwig-van.com\">caroline@ludwig-van.com\u00a0<\/a><\/em><\/p>\n<h2><em>Inscrivez-vous \u00e0 notre infolettre! La musique classique et l&rsquo;op\u00e9ra en 5 minutes, chaque jour<\/em> \u00a0<span style=\"color: #ff0000;\"><a style=\"color: #ff0000;\" href=\"https:\/\/ludwig-van.us9.list-manage.com\/subscribe?u=4f785cb3f9058f2393ccad035&amp;id=b9b160c032\" target=\"_blank\" rel=\"noopener noreferrer\">ICI\u00a0<\/a><\/span><\/h2>\n","protected":false},"excerpt":{"rendered":"<p>L\u2019Orchestre symphonique de Drummondville d\u00e9butera sa nouvelle saison le 29 septembre prochain \u00e0 19 h 30 \u00e0 la Maison des arts Desjardins Drummondville avec le concert Symphonie h\u00e9ro\u00efque.<\/p>\n","protected":false},"author":1,"featured_media":73090,"comment_status":"open","ping_status":"open","sticky":false,"template":"","format":"standard","meta":{"om_disable_all_campaigns":false,"jetpack_post_was_ever_published":false},"categories":[42010,10956,13504],"tags":[42007,14401],"yst_prominent_words":[34426,14200,14198,14183,9808,14399,14199,14197,14196,24216,22060,14182],"acf":[],"jetpack_featured_media_url":"https:\/\/www.ludwig-van.com\/montreal\/wp-content\/uploads\/sites\/3\/2022\/09\/Concert-OSD-Symphonie-Heroique.jpg","jetpack_sharing_enabled":true,"jetpack_shortlink":"https:\/\/wp.me\/p9bdYt-j0N","amp_enabled":true,"_links":{"self":[{"href":"https:\/\/www.ludwig-van.com\/montreal\/wp-json\/wp\/v2\/posts\/73085"}],"collection":[{"href":"https:\/\/www.ludwig-van.com\/montreal\/wp-json\/wp\/v2\/posts"}],"about":[{"href":"https:\/\/www.ludwig-van.com\/montreal\/wp-json\/wp\/v2\/types\/post"}],"author":[{"embeddable":true,"href":"https:\/\/www.ludwig-van.com\/montreal\/wp-json\/wp\/v2\/users\/1"}],"replies":[{"embeddable":true,"href":"https:\/\/www.ludwig-van.com\/montreal\/wp-json\/wp\/v2\/comments?post=73085"}],"version-history":[{"count":14,"href":"https:\/\/www.ludwig-van.com\/montreal\/wp-json\/wp\/v2\/posts\/73085\/revisions"}],"predecessor-version":[{"id":73118,"href":"https:\/\/www.ludwig-van.com\/montreal\/wp-json\/wp\/v2\/posts\/73085\/revisions\/73118"}],"wp:featuredmedia":[{"embeddable":true,"href":"https:\/\/www.ludwig-van.com\/montreal\/wp-json\/wp\/v2\/media\/73090"}],"wp:attachment":[{"href":"https:\/\/www.ludwig-van.com\/montreal\/wp-json\/wp\/v2\/media?parent=73085"}],"wp:term":[{"taxonomy":"category","embeddable":true,"href":"https:\/\/www.ludwig-van.com\/montreal\/wp-json\/wp\/v2\/categories?post=73085"},{"taxonomy":"post_tag","embeddable":true,"href":"https:\/\/www.ludwig-van.com\/montreal\/wp-json\/wp\/v2\/tags?post=73085"},{"taxonomy":"yst_prominent_words","embeddable":true,"href":"https:\/\/www.ludwig-van.com\/montreal\/wp-json\/wp\/v2\/yst_prominent_words?post=73085"}],"curies":[{"name":"wp","href":"https:\/\/api.w.org\/{rel}","templated":true}]}}