{"id":72978,"date":"2022-09-20T09:23:51","date_gmt":"2022-09-20T13:23:51","guid":{"rendered":"https:\/\/www.ludwig-van.com\/montreal\/?p=72978"},"modified":"2022-09-20T09:34:35","modified_gmt":"2022-09-20T13:34:35","slug":"nouvelle-lalto-fest-un-nouveau-festival-dalto-a-montreal-presente-cette-semaine","status":"publish","type":"post","link":"https:\/\/www.ludwig-van.com\/montreal\/2022\/09\/20\/nouvelle-lalto-fest-un-nouveau-festival-dalto-a-montreal-presente-cette-semaine\/","title":{"rendered":"NOUVELLE | L&rsquo;Alto\/Fest: un nouveau festival d&rsquo;alto pr\u00e9sent\u00e9 cette semaine \u00e0 Montr\u00e9al"},"content":{"rendered":"<figure id=\"attachment_72985\" aria-describedby=\"caption-attachment-72985\" style=\"width: 1200px\" class=\"wp-caption alignnone\"><img decoding=\"async\" loading=\"lazy\" class=\"size-full wp-image-72985\" src=\"https:\/\/www.ludwig-van.com\/montreal\/wp-content\/uploads\/sites\/3\/2022\/09\/Alto-fest-cover.jpg\" alt=\"Benjamin Rota, altiste et fondateur de l'Alto\/Fest, Victor Fournelle-Blain, altiste, et le Quatuor Andara offriront des prestations dans le cadre de l'Alto\/Fest qui se d\u00e9roulera du 23 au 25 septembre 2022 au Conservatoire de musique de Montr\u00e9al. (Photos: courtoisie)\" width=\"1200\" height=\"628\" \/><figcaption id=\"caption-attachment-72985\" class=\"wp-caption-text\">Benjamin Rota, altiste et fondateur de l&rsquo;Alto\/Fest, Victor Fournelle-Blain, altiste, et le Quatuor Andara offriront des prestations dans le cadre de l&rsquo;Alto\/Fest qui se d\u00e9roulera du 23 au 25 septembre 2022 au Conservatoire de musique de Montr\u00e9al. (Photos: courtoisie)<\/figcaption><\/figure>\n<h3><span style=\"color: #808080;\">Un nouveau festival d&rsquo;alto, l&rsquo;Alto\/Fest, sera pr\u00e9sent\u00e9 du 23 au 25 septembre au Conservatoire de musique de Montr\u00e9al. Avec une programmation de neuf \u00e9v\u00e9nements gratuits et une d\u00e9gustation de bi\u00e8re, il porte bien son titre festif! Survol de l&rsquo;\u00e9v\u00e9nement avec son fondateur, Benjamin Rota.\u00a0<\/span><\/h3>\n<p>Dipl\u00f4m\u00e9 de l&rsquo;<strong>Universit\u00e9 de Montr\u00e9al<\/strong>, ancien membre du <strong>Quatuor Cobalt<\/strong>, l&rsquo;altiste <strong>Benjamin Rota<\/strong> est \u00e0 l&rsquo;origine de cette initiative. Maintenant pigiste au sein de divers orchestres et enseignant, il voulait faire quelque chose pour mettre son instrument en valeur.<\/p>\n<p>\u00ab\u00a0Peu de choses sont faites pour notre instrument, dit-il. Et on enseigne toujours le m\u00eame r\u00e9pertoire, un peu partout. J&rsquo;ai voulu cr\u00e9er un festival d&rsquo;alto festif qui soit aussi ouvert \u00e0 la musique contemporaine en plus des grands classiques.\u00a0\u00bb<\/p>\n<p>Six concerts seront pr\u00e9sent\u00e9s. Les artistes invit\u00e9s sont <strong>Victor Fournelle-Blain (alto), Meagan Milatz (piano), Jocelyne Bastien (alto), les quatuors Vatra et Andara, Benjamin Rota (alto) et le Jazz Minouche Trio\u00a0<\/strong>(vous avez bien lu, c&rsquo;est bel et bien Minouche, et non manouche).<\/p>\n<p>\u00ab\u00a0Nous allons commencer par les plus grandes \u0153uvres, les quatuors \u00e0 cordes, les quatuors avec piano, et \u00e7a va se terminer avec de la musique contemporaine et du jazz.\u00a0\u00bb<\/p>\n<p>Le tout se d\u00e9roulera \u00e0 la salle de concert du Conservatoire, partenaire de l&rsquo;\u00e9v\u00e9nement, qui est \u00e9galement organis\u00e9 en collaboration exclusive avec La Maison du Violon et l&rsquo;Arch\u00e8terie Morency. S&rsquo;il fait beau, dimanche, la prestation du Jazz Minouche Trio aura lieu au parc en face du Conservatoire.<\/p>\n<p>\u00ab\u00a0Une brasserie sera ouverte du vendredi au dimanche soir, dit <strong>Benjamin Rota.<\/strong> Chaque concert sera agr\u00e9ment\u00e9 d&rsquo;une d\u00e9gustation de bi\u00e8re de la brasserie Gambrinus de Trois-Rivi\u00e8res, et de bonne bouffe locale. Je veux qu&rsquo;on vienne \u00e0 l&rsquo;Alto\/Fest1 comme on va aux Piknik \u00c9lectronik!\u00a0\u00bb<\/p>\n<p>D&rsquo;autre part, une campagne de sociofinancement qui a d\u00e9j\u00e0 r\u00e9colt\u00e9 plus de 3000 $ au moment d&rsquo;\u00e9crire ces lignes (sur un objectif de 5000 $) est en cours pour financer le festival. On peut <a href=\"https:\/\/www.gofundme.com\/f\/fs8wc-altofest-1re-dition?utm_campaign=p_lico+share-sheet&amp;utm_medium=copy_link&amp;utm_source=customer\" target=\"_blank\" rel=\"noopener\">faire un don pour encourager cette initiative en cliquant ici.\u00a0<\/a><\/p>\n<p>&nbsp;<\/p>\n<figure id=\"attachment_72983\" aria-describedby=\"caption-attachment-72983\" style=\"width: 420px\" class=\"wp-caption aligncenter\"><img decoding=\"async\" loading=\"lazy\" class=\"size-full wp-image-72983\" src=\"https:\/\/www.ludwig-van.com\/montreal\/wp-content\/uploads\/sites\/3\/2022\/09\/Victor-Fournelle-Blain.jpg\" alt=\"Victor Fournelle-Blain, altiste, participera \u00e0 cette premi\u00e8re \u00e9dition de l'Alto\/Fest. (Photo: courtoisie)\" width=\"420\" height=\"420\" \/><figcaption id=\"caption-attachment-72983\" class=\"wp-caption-text\">Victor Fournelle-Blain, altiste, participera \u00e0 cette premi\u00e8re \u00e9dition de l&rsquo;Alto\/Fest. (Photo: courtoisie)<\/figcaption><\/figure>\n<h3>Horaire complet de l&rsquo;Alto\/Fest1<\/h3>\n<p><strong>Vendredi 23 septembre<\/strong><br \/>\n17:30-18:30 Atelier de lutherie.<br \/>\n18:30-19:30 Cocktail d\u2019ouverture.<br \/>\n19:30-20:30 R\u00e9cital pour alto et piano avec <strong>Victor Fournelle-Blain et Meagan Milatz<\/strong><\/p>\n<p><strong>Samedi 24 septembre<\/strong><br \/>\n14:30-16:30 Sc\u00e8ne libre!<br \/>\n17:00-18:00 L\u2019alto romantique avec le <strong>Quatuor Vatra<\/strong><br \/>\n19:30-20:30 L\u2019alto classique avec<strong> Jocelyne Bastien et le quatuor Andara<\/strong><\/p>\n<p><strong>Dimanche 25 septembre<\/strong><br \/>\n13:00-14:00 \u00c9clats d\u2019alto, concert-brunch avec <strong>Benjamin Rota<\/strong><br \/>\n14:00-16:00 <strong>Jazz Minouche Trio<\/strong><br \/>\n16:00-18:00 Cocktail de fermeture<\/p>\n<p><a href=\"https:\/\/www.alto-fest.com\/events\/alto-fest-1re-edition\" target=\"_blank\" rel=\"noopener\">SE PROCURER DES BILLETS<\/a><\/p>\n<h2><em>Inscrivez-vous \u00e0 notre infolettre! La musique classique et l&rsquo;op\u00e9ra en 5 minutes, chaque jour<\/em> \u00a0<span style=\"color: #ff0000;\"><a style=\"color: #ff0000;\" href=\"https:\/\/ludwig-van.us9.list-manage.com\/subscribe?u=4f785cb3f9058f2393ccad035&amp;id=b9b160c032\" target=\"_blank\" rel=\"noopener noreferrer\">ICI\u00a0<\/a><\/span><\/h2>\n","protected":false},"excerpt":{"rendered":"<p>Un nouveau festival d&rsquo;alto, l&rsquo;Alto\/Fest, sera pr\u00e9sent\u00e9 du 23 au 25 septembre au Conservatoire de musique de Montr\u00e9al. Avec une programmation de neuf \u00e9v\u00e9nements gratuits et une d\u00e9gustation de bi\u00e8re, il porte bien son titre festif! Survol de l&rsquo;\u00e9v\u00e9nement avec son fondateur, Benjamin Rota.\u00a0<\/p>\n","protected":false},"author":51,"featured_media":72985,"comment_status":"open","ping_status":"open","sticky":false,"template":"","format":"standard","meta":{"om_disable_all_campaigns":false,"jetpack_post_was_ever_published":false},"categories":[42010,10956,10992],"tags":[42007,42054,21652,1273],"yst_prominent_words":[33576,7672,10289,12243,29291,23353,10213,12245,24705,15054],"acf":[],"jetpack_featured_media_url":"https:\/\/www.ludwig-van.com\/montreal\/wp-content\/uploads\/sites\/3\/2022\/09\/Alto-fest-cover.jpg","jetpack_sharing_enabled":true,"jetpack_shortlink":"https:\/\/wp.me\/p9bdYt-iZ4","amp_enabled":true,"_links":{"self":[{"href":"https:\/\/www.ludwig-van.com\/montreal\/wp-json\/wp\/v2\/posts\/72978"}],"collection":[{"href":"https:\/\/www.ludwig-van.com\/montreal\/wp-json\/wp\/v2\/posts"}],"about":[{"href":"https:\/\/www.ludwig-van.com\/montreal\/wp-json\/wp\/v2\/types\/post"}],"author":[{"embeddable":true,"href":"https:\/\/www.ludwig-van.com\/montreal\/wp-json\/wp\/v2\/users\/51"}],"replies":[{"embeddable":true,"href":"https:\/\/www.ludwig-van.com\/montreal\/wp-json\/wp\/v2\/comments?post=72978"}],"version-history":[{"count":8,"href":"https:\/\/www.ludwig-van.com\/montreal\/wp-json\/wp\/v2\/posts\/72978\/revisions"}],"predecessor-version":[{"id":72988,"href":"https:\/\/www.ludwig-van.com\/montreal\/wp-json\/wp\/v2\/posts\/72978\/revisions\/72988"}],"wp:featuredmedia":[{"embeddable":true,"href":"https:\/\/www.ludwig-van.com\/montreal\/wp-json\/wp\/v2\/media\/72985"}],"wp:attachment":[{"href":"https:\/\/www.ludwig-van.com\/montreal\/wp-json\/wp\/v2\/media?parent=72978"}],"wp:term":[{"taxonomy":"category","embeddable":true,"href":"https:\/\/www.ludwig-van.com\/montreal\/wp-json\/wp\/v2\/categories?post=72978"},{"taxonomy":"post_tag","embeddable":true,"href":"https:\/\/www.ludwig-van.com\/montreal\/wp-json\/wp\/v2\/tags?post=72978"},{"taxonomy":"yst_prominent_words","embeddable":true,"href":"https:\/\/www.ludwig-van.com\/montreal\/wp-json\/wp\/v2\/yst_prominent_words?post=72978"}],"curies":[{"name":"wp","href":"https:\/\/api.w.org\/{rel}","templated":true}]}}