{"id":72953,"date":"2022-09-19T13:40:30","date_gmt":"2022-09-19T17:40:30","guid":{"rendered":"https:\/\/www.ludwig-van.com\/montreal\/?p=72953"},"modified":"2022-09-19T16:30:27","modified_gmt":"2022-09-19T20:30:27","slug":"choix-de-la-redaction-13","status":"publish","type":"post","link":"https:\/\/www.ludwig-van.com\/montreal\/2022\/09\/19\/choix-de-la-redaction-13\/","title":{"rendered":"CHOIX DE LA R\u00c9DACTION | Musique classique: les concerts \u00e0 ne pas manquer du 19 au 25 septembre"},"content":{"rendered":"<figure id=\"attachment_72971\" aria-describedby=\"caption-attachment-72971\" style=\"width: 1200px\" class=\"wp-caption alignnone\"><img decoding=\"async\" loading=\"lazy\" class=\"size-full wp-image-72971\" src=\"https:\/\/www.ludwig-van.com\/montreal\/wp-content\/uploads\/sites\/3\/2022\/09\/Choix-redaction-19-septembre-2022.jpg\" alt=\"Yannick N\u00e9zet-S\u00e9guin (photo: Antoine Saito), Alain Lef\u00e8vre (photo: courtoisie), Marie-Nicole Lemieux (photo: courtoisie)\" width=\"1200\" height=\"628\" \/><figcaption id=\"caption-attachment-72971\" class=\"wp-caption-text\">Yannick N\u00e9zet-S\u00e9guin (photo: Antoine Saito), Alain Lef\u00e8vre (photo: courtoisie), Marie-Nicole Lemieux (photo: courtoisie)<\/figcaption><\/figure>\n<h3><span style=\"color: #808080;\">Apr\u00e8s une premi\u00e8re semaine spectaculaire, la rentr\u00e9e musicale se poursuit avec d&rsquo;importants \u00e9v\u00e9nements: l&rsquo;ouverture de saison de l&rsquo;Orchestre M\u00e9tropolitain et des Violons du Roy et la cr\u00e9ation de l&rsquo;op\u00e9ra Backstage at Carnegie Hall de Tim Brady, entre autres. Sur le plan des nouveaut\u00e9s, on vous invite \u00e0 un festival d&rsquo;alto o\u00f9 tous les concerts sont gratuits! Voici nos Choix de la r\u00e9daction du 19 au 25 septembre 2022.\u00a0<\/span><\/h3>\n<p>Pour d\u00e9couvrir plus de concerts, consultez notre <a href=\"https:\/\/www.ludwig-van.com\/montreal\/events\/\" target=\"_blank\" rel=\"noopener\">calendrier d&rsquo;\u00e9v\u00e9nements<\/a> et abonnez-vous \u00e0 notre <a href=\"https:\/\/ludwig-van.us9.list-manage.com\/subscribe?u=4f785cb3f9058f2393ccad035&amp;id=b9b160c032\" target=\"_blank\" rel=\"noopener\">infolettre gratuite<\/a> pour ne rien rater!<\/p>\n<p>&nbsp;<\/p>\n<figure id=\"attachment_72598\" aria-describedby=\"caption-attachment-72598\" style=\"width: 798px\" class=\"wp-caption alignnone\"><img decoding=\"async\" loading=\"lazy\" class=\"size-full wp-image-72598\" src=\"https:\/\/www.ludwig-van.com\/montreal\/wp-content\/uploads\/sites\/3\/2022\/09\/Payare-cr-Antoine-Saito.jpg\" alt=\"Le chef Rafael Payare. (Photo: Antoine Saito)\" width=\"798\" height=\"573\" \/><figcaption id=\"caption-attachment-72598\" class=\"wp-caption-text\">Le chef Rafael Payare. (Photo: Antoine Saito)<\/figcaption><\/figure>\n<h3><strong>Songe d&rsquo;une nuit d&rsquo;\u00e9t\u00e9 \u00e0 l&rsquo;OSM <\/strong><\/h3>\n<h3><strong>21 septembre, 19 h 30, 22 septembre, 10 h 30 et 19 h 30<\/strong> &#8211; <a href=\"https:\/\/www.osm.ca\/fr\/concerts\/le-songe-dune-nuit-dete-de-rafael-payare\/\" target=\"_blank\" rel=\"noopener\">D\u00c9TAILS ET BILLETS<\/a><\/h3>\n<p>L\u2019OSM pr\u00e9sente <em>Le songe d\u2019une nuit d\u2019\u00e9t\u00e9<\/em> de Mendelssohn, dans une adaptation sc\u00e9nique alternant musique et extraits de la pi\u00e8ce de Shakespeare dont l\u2019\u0153uvre s\u2019inspire. Ce concert, dirig\u00e9 par <strong>Rafael Payare<\/strong> et mettant \u00e0 contribution le Ch\u0153ur de l\u2019OSM, sera compl\u00e9t\u00e9 par les <em>Nocturnes<\/em> de Debussy.<\/p>\n<p>&nbsp;<\/p>\n<figure id=\"attachment_52363\" aria-describedby=\"caption-attachment-52363\" style=\"width: 1024px\" class=\"wp-caption aligncenter\"><img decoding=\"async\" loading=\"lazy\" class=\"wp-image-52363 size-full\" src=\"https:\/\/www.ludwig-van.com\/montreal\/wp-content\/uploads\/sites\/3\/2018\/03\/Alain-Lefe\u0300vre-Pleins-Feux-sur-les-Territoires-Nordiques-c-OSM.jpg\" alt=\"Le pianiste Alain Lef\u00e8vre participe au Festival printemps nordique \u00e0 l'OSM. (Photo: courtoisie de l'OSM)\" width=\"1024\" height=\"576\" srcset=\"https:\/\/www.ludwig-van.com\/montreal\/wp-content\/uploads\/sites\/3\/2018\/03\/Alain-Lefe\u0300vre-Pleins-Feux-sur-les-Territoires-Nordiques-c-OSM.jpg 1024w, https:\/\/www.ludwig-van.com\/montreal\/wp-content\/uploads\/sites\/3\/2018\/03\/Alain-Lefe\u0300vre-Pleins-Feux-sur-les-Territoires-Nordiques-c-OSM-300x169.jpg 300w, https:\/\/www.ludwig-van.com\/montreal\/wp-content\/uploads\/sites\/3\/2018\/03\/Alain-Lefe\u0300vre-Pleins-Feux-sur-les-Territoires-Nordiques-c-OSM-768x432.jpg 768w\" sizes=\"(max-width: 1024px) 100vw, 1024px\" \/><figcaption id=\"caption-attachment-52363\" class=\"wp-caption-text\">Le pianiste Alain Lef\u00e8vre. (Photo: courtoisie de l&rsquo;OSM)<\/figcaption><\/figure>\n<h2>Salle Bourgie<\/h2>\n<h3><strong>Alain Lef\u00e8vre en r\u00e9cital <\/strong><\/h3>\n<h3><strong>21 septembre, 19 h 30<\/strong> &#8211; <a href=\"https:\/\/www.mbam.qc.ca\/fr\/activites\/alain-lefevre-piano-1\/\" target=\"_blank\" rel=\"noopener\">D\u00c9TAILS ET BILLETS<\/a><\/h3>\n<p>Le pianiste est de passage \u00e0 la Salle Bourgie pour un r\u00e9cital consacr\u00e9 au r\u00e9pertoire fran\u00e7ais, avec le <em>Pr\u00e9lude, Fugue et Variation<\/em>, op. 18 de Franck, la <em>R\u00eaverie<\/em> et autres pi\u00e8ces de Debussy, la <em>Valse<\/em> de Ravel et des \u0153uvres de Pierre-Max Dubois, dont sa Sonate pour piano \u00e9crite et d\u00e9di\u00e9e \u00e0 son jeune \u00e9l\u00e8ve en composition de l\u2019\u00e9poque\u2026 Alain Lef\u00e8vre.<\/p>\n<h3><strong>Cantates de Bach avec Rafael Payare <\/strong><\/h3>\n<h3><strong>24 et 25 septembre, 14 h 30<\/strong> &#8211; <a href=\"https:\/\/www.mbam.qc.ca\/fr\/activites\/orchestre-symphonique-de-montreal---integrale-des-cantates-de-j-s-bach---an-8---2-dates-1\/\" target=\"_blank\" rel=\"noopener\">D\u00c9TAILS ET BILLETS<\/a><\/h3>\n<p>L&rsquo;int\u00e9grale des Cantates de Bach se poursuit cette fin de semaine avec deux repr\u00e9sentations. <strong>Rafael Payare<\/strong> dirige le Ch\u0153ur de l&rsquo;OSM et des solistes chevronn\u00e9s dans les cantates <em>Gott, wie dein Name, so ist auch dein Ruhm<\/em> [Dieu, comme ton nom, ainsi est ta renomm\u00e9e], BWV 171; <em>Nimm von uns, Herr, du treuer Gott<\/em> [\u00c9carte de nous, Seigneur, Dieu fid\u00e8le, le s\u00e9v\u00e8re ch\u00e2timent], BWV 101 et <em>Es erhub sich ein Streit<\/em> [Un combat s\u2019engagea], BWV 19.<\/p>\n<p>&nbsp;<\/p>\n<p style=\"text-align: center;\"><img decoding=\"async\" loading=\"lazy\" class=\"alignnone wp-image-52932 size-full\" src=\"https:\/\/www.ludwig-van.com\/montreal\/wp-content\/uploads\/sites\/3\/2018\/03\/JeanMarieZeitouni_C_gris.jpg\" alt=\"\" width=\"1024\" height=\"1280\" srcset=\"https:\/\/www.ludwig-van.com\/montreal\/wp-content\/uploads\/sites\/3\/2018\/03\/JeanMarieZeitouni_C_gris.jpg 1024w, https:\/\/www.ludwig-van.com\/montreal\/wp-content\/uploads\/sites\/3\/2018\/03\/JeanMarieZeitouni_C_gris-240x300.jpg 240w, https:\/\/www.ludwig-van.com\/montreal\/wp-content\/uploads\/sites\/3\/2018\/03\/JeanMarieZeitouni_C_gris-768x960.jpg 768w, https:\/\/www.ludwig-van.com\/montreal\/wp-content\/uploads\/sites\/3\/2018\/03\/JeanMarieZeitouni_C_gris-819x1024.jpg 819w\" sizes=\"(max-width: 1024px) 100vw, 1024px\" \/><\/p>\n<h3>D\u00e9but de saison au Conservatoire<\/h3>\n<h3>22 septembre, 19 h 30, Th\u00e9\u00e2tre Rouge du Conservatoire de musique de Montr\u00e9al. <a href=\"https:\/\/conservatoire-montreal.tuxedobillet.com\/main\/lorchestre-symphonique-du-conservatoire\" target=\"_blank\" rel=\"noopener\">D\u00c9TAILS ET BILLETS<\/a><\/h3>\n<p><strong>L&rsquo;Orchestre symphonique du Conservatoire<\/strong> pr\u00e9sente son premier concert de la saison sous la direction de <strong>Jean-Marie Zeitouni.<\/strong> On entendra des pi\u00e8ces de Nicolas Gilbert, Emmanuel S\u00e9journ\u00e9, Gy\u00f6rgy Ligeti et\u00a0 Anton\u00edn Dvo\u0159\u00e1k. Ce concert est d\u00e9di\u00e9 \u00e0 la m\u00e9moire de Lise Beauchamp.<\/p>\n<p>&nbsp;<\/p>\n<figure id=\"attachment_72976\" aria-describedby=\"caption-attachment-72976\" style=\"width: 1200px\" class=\"wp-caption alignnone\"><img decoding=\"async\" loading=\"lazy\" class=\"size-full wp-image-72976\" src=\"https:\/\/www.ludwig-van.com\/montreal\/wp-content\/uploads\/sites\/3\/2022\/09\/Ruben-Brutus-red.jpg\" alt=\"Ruben Brutus, t\u00e9nor. (Photo: courtoisie)\" width=\"1200\" height=\"1798\" \/><figcaption id=\"caption-attachment-72976\" class=\"wp-caption-text\">Ruben Brutus, t\u00e9nor. (Photo: courtoisie)<\/figcaption><\/figure>\n<h3><strong>Op\u00e9ra: Dans les coulisses de Carnegie Hall <\/strong><\/h3>\n<h3><strong>23 et 24 septembre, 19 h 30, Th\u00e9\u00e2tre Centaur<\/strong> &#8211; <a href=\"https:\/\/centaurtheatre.com\/fr\/shows\/backstage-at-carnegie-hall\/\" target=\"_blank\" rel=\"noopener\">D\u00c9TAILS ET BILLETS<\/a><\/h3>\n<p>Retrouvez Charlie Christian, un des pionniers de la guitare jazz, dans les coulisses de son concert devenu l\u00e9gendaire au Carnegie Hall le 24 d\u00e9cembre 1939, alors qu\u2019une peur panique s\u2019empare du jeune homme de 23 ans. Dans son d\u00e9lire, il est projet\u00e9 dans le temps et l\u2019espace, entre r\u00eave et r\u00e9alit\u00e9. Son voyage le conduit des \u00c9tats-Unis esclavagistes \u00e0 la Petite-Bourgogne \u00e0 Montr\u00e9al.<\/p>\n<p><strong>Tim Brady<\/strong> compose la musique de cet op\u00e9ra de chambre, tandis qu\u2019<strong>Audrey Dwyer<\/strong> en signe le livret. La production est port\u00e9e par une distribution brillante mettant en vedette le t\u00e9nor <strong>Ruben Brutus<\/strong> dans le r\u00f4le principal, ainsi qu\u2019<strong>Alicia Ault, Fr\u00e9d\u00e9ricka Petit-Homme<\/strong> et <strong>Clayton Kennedy<\/strong> accompagn\u00e9\u00b7e\u00b7s par les musicien\u00b7ne\u00b7s de <strong>Bradyworks<\/strong> sous la direction musicale de <strong>V\u00e9ronique Lussier<\/strong> avec une mise en sc\u00e8ne de <strong>Cherissa Richards<\/strong>. <strong><em>Backstage at Carnegie Hall<\/em><\/strong> est pr\u00e9sent\u00e9 en anglais.<\/p>\n<p>&nbsp;<\/p>\n<figure id=\"attachment_72962\" aria-describedby=\"caption-attachment-72962\" style=\"width: 1200px\" class=\"wp-caption alignnone\"><img decoding=\"async\" loading=\"lazy\" class=\"size-full wp-image-72962\" src=\"https:\/\/www.ludwig-van.com\/montreal\/wp-content\/uploads\/sites\/3\/2022\/09\/Benjamin-Rota-red.jpg\" alt=\"Benjamin Rota, altiste et fondateur de l'Alto\/Fest1 (Photo: courtoisie)\" width=\"1200\" height=\"1598\" \/><figcaption id=\"caption-attachment-72962\" class=\"wp-caption-text\">Benjamin Rota, altiste et fondateur de l&rsquo;Alto\/Fest1 (Photo: courtoisie)<\/figcaption><\/figure>\n<h3>Un nouveau festival d&rsquo;alto &#8211; du 23 au 25 septembre au Conservatoire<\/h3>\n<h3>Trois jours, neuf \u00e9v\u00e9nements gratuits &#8211; <a href=\"https:\/\/www.alto-fest.com\/\" target=\"_blank\" rel=\"noopener\">D\u00c9TAILS<\/a><\/h3>\n<p>La premi\u00e8re \u00e9dition de l\u2019<strong>Alto\/Fest<\/strong> se d\u00e9roulera du <strong>23 au 25 septembre 2022 au Conservatoire de Musique de Montr\u00e9al.<\/strong> Par une programmation \u00e9clectique de concerts, de conf\u00e9rences, d&rsquo;ateliers, de rencontres, de surprises et de premi\u00e8res fois, l&rsquo;Alto\/Fest sera une vitrine d\u00e9complex\u00e9e des artistes de la discipline dans une ambiance festive agr\u00e9ment\u00e9e de d\u00e9gustations culinaires. Avec la participation de <strong>Victor Fournelle-Blain, <\/strong>le<strong> Quatuor Vatra, Jocelyne Bastien, Benjamin Rota <\/strong>et le<strong> Quatuor Andara<\/strong>, entre autres. Tous les \u00e9v\u00e9nements sont gratuits!<\/p>\n<p>&nbsp;<\/p>\n<figure id=\"attachment_72604\" aria-describedby=\"caption-attachment-72604\" style=\"width: 871px\" class=\"wp-caption alignnone\"><img decoding=\"async\" loading=\"lazy\" class=\"size-full wp-image-72604\" src=\"https:\/\/www.ludwig-van.com\/montreal\/wp-content\/uploads\/sites\/3\/2022\/09\/MNL-Jaroussky.jpg\" alt=\"Marie-Nicole Lemieux et Philippe Jaroussky sont les solistes invit\u00e9s du concert d'ouverture des Violons du Roy 2022. (photos: courtoisie)\" width=\"871\" height=\"454\" \/><figcaption id=\"caption-attachment-72604\" class=\"wp-caption-text\">Marie-Nicole Lemieux et Philippe Jaroussky sont les solistes invit\u00e9s du concert d&rsquo;ouverture des Violons du Roy 2022. (photos: courtoisie)<\/figcaption><\/figure>\n<h3>Violons du Roy: Marie-Nicole Lemieux et Philipe Jaroussky<\/h3>\n<h3>24 septembre, Maison symphonique &#8211; <a href=\"https:\/\/www.violonsduroy.com\/fr\/programmation\/saison-montreal\/2022-09-24_19h30_lemieux-et-jaroussky-en-parfaite-complicite-2503\/\" target=\"_blank\" rel=\"noopener\">D\u00c9TAILS ET BILLETS<\/a><\/h3>\n<p>Les<strong> Violons du Roy<\/strong> et <strong>Jonathan Cohen<\/strong> ouvrent leur saison de fa\u00e7on spectaculaire en compagnie de <strong>Marie-Nicole Lemieux<\/strong> et <strong>Philippe Jaroussky<\/strong>, dans le programme 100% Haendel. \u00c0 Qu\u00e9bec (Palais Montcalm) le <strong>22 septembre<\/strong> et \u00e0 Montr\u00e9al (Maison symphonique) le <strong>24 septembre<\/strong>.<\/p>\n<p>&nbsp;<\/p>\n<figure id=\"attachment_66416\" aria-describedby=\"caption-attachment-66416\" style=\"width: 1200px\" class=\"wp-caption alignnone\"><img decoding=\"async\" loading=\"lazy\" class=\"size-full wp-image-66416\" src=\"https:\/\/www.ludwig-van.com\/montreal\/wp-content\/uploads\/sites\/3\/2021\/04\/Yannick-Nezet-Seguin-OM-cr-Antoine-Saito.jpg\" alt=\"\" width=\"1200\" height=\"800\" \/><figcaption id=\"caption-attachment-66416\" class=\"wp-caption-text\">L&rsquo;Orchestre M\u00e9tropolitain a interpr\u00e9t\u00e9 la Symphonie no 3 de Brahms \u00e0 la Maison symphonique, le 11 avril 2021. (Photo: Antoine Saito)<\/figcaption><\/figure>\n<h3>\u200bOrchestre M\u00e9tropolitain: Aurores orchestrales<\/h3>\n<h3>25 septembre, 15 h, Maison symphonique &#8211; <a href=\"https:\/\/orchestremetropolitain.com\/fr\/concerts\/aurores-orchestrales\/?show_date_id=4186\" target=\"_blank\" rel=\"noopener\">D\u00c9TAILS ET BILLETS<\/a><\/h3>\n<p>L&rsquo;<strong>Orchestre M\u00e9tropolitain<\/strong> et le <strong>Ch\u0153ur de l&rsquo;OM<\/strong> lancent leur saison dimanche avec <em>Daphnis et Chlo\u00e9<\/em> de Ravel, pr\u00e9c\u00e9d\u00e9 de la cr\u00e9ation de <em>Nunami nipiit<\/em> (\u00c9chos de la terre) d&rsquo;Elisapie pour voix, chants de gorge, ch\u0153ur et orchestre (orch. et arrangements F. Valli\u00e8res, coarrangements et co\u00e9criture J.-S. Williams) avec Elisapie et Sylvia Cloutier au chants de gorge; le tout sous la direction de <strong>Yannick N\u00e9zet-S\u00e9guin<\/strong>. Chef de ch\u0153ur: <strong>Pierre Tourville.\u00a0<\/strong><\/p>\n<p>&nbsp;<\/p>\n<figure id=\"attachment_72966\" aria-describedby=\"caption-attachment-72966\" style=\"width: 966px\" class=\"wp-caption alignnone\"><img decoding=\"async\" loading=\"lazy\" class=\"size-full wp-image-72966\" src=\"https:\/\/www.ludwig-van.com\/montreal\/wp-content\/uploads\/sites\/3\/2022\/09\/smcq-genevieve-Bigue.jpg\" alt=\"\" width=\"966\" height=\"700\" \/><figcaption id=\"caption-attachment-72966\" class=\"wp-caption-text\">Illustration: Genevi\u00e8ve Bigue.<\/figcaption><\/figure>\n<h3>Sur sc\u00e8ne avec la SMCQ<\/h3>\n<h3>25 septembre, 13 h 30, salle Pierre-Mercure &#8211; <a href=\"https:\/\/www.smcq.qc.ca\/smcq\/fr\/evenement\/44640\/sur-scene-avec-la-smcq\" target=\"_blank\" rel=\"noopener\">D\u00c9TAILS ET BILLETS<\/a><\/h3>\n<p>Pour son \u00e9v\u00e9nement d\u2019ouverture de la saison, la SMCQ invite le public \u00e0 partager la sc\u00e8ne avec les artistes<span class=\"fine-pre\">!<\/span>\u00a0Cet apr\u00e8s-midi de d\u00e9couverte permettra ainsi aux petits et aux grands de rencontrer des compositeurs et des musiciens tout en participant \u00e0 des ateliers d\u2019improvisation musicale et de chant choral. Aucune connaissance musicale requise.<\/p>\n<h2><em>Inscrivez-vous \u00e0 notre infolettre! La musique classique et l&rsquo;op\u00e9ra en 5 minutes, chaque jour<\/em> \u00a0<span style=\"color: #ff0000;\"><a style=\"color: #ff0000;\" href=\"https:\/\/ludwig-van.us9.list-manage.com\/subscribe?u=4f785cb3f9058f2393ccad035&amp;id=b9b160c032\" target=\"_blank\" rel=\"noopener noreferrer\">ICI\u00a0<\/a><\/span><\/h2>\n","protected":false},"excerpt":{"rendered":"<p>Apr\u00e8s une premi\u00e8re semaine de rentr\u00e9e musicale spectaculaire, les concerts se poursuivent avec d&rsquo;importants \u00e9v\u00e9nements: l&rsquo;ouverture de saison de l&rsquo;Orchestre M\u00e9tropolitain et des Violons du Roy, la cr\u00e9ation de l&rsquo;op\u00e9ra Backstage at Carnegie Hall de Tim Brady, entre autres. Sur le plan des nouveaut\u00e9s, on vous invite \u00e0 un festival d&rsquo;alto o\u00f9 tous les concerts sont gratuits! Voici nos Choix de la r\u00e9daction du 19 au 25 septembre 2022.\u00a0<\/p>\n","protected":false},"author":51,"featured_media":72971,"comment_status":"open","ping_status":"open","sticky":false,"template":"","format":"standard","meta":{"om_disable_all_campaigns":false,"jetpack_post_was_ever_published":false},"categories":[42010,10956,10994],"tags":[42007,21652,16968,2521,4485,3503],"yst_prominent_words":[9863,26822,33576,12243,26052,9877,21576,26053,11620,26017,26016,9974],"acf":[],"jetpack_featured_media_url":"https:\/\/www.ludwig-van.com\/montreal\/wp-content\/uploads\/sites\/3\/2022\/09\/Choix-redaction-19-septembre-2022.jpg","jetpack_sharing_enabled":true,"jetpack_shortlink":"https:\/\/wp.me\/p9bdYt-iYF","amp_enabled":true,"_links":{"self":[{"href":"https:\/\/www.ludwig-van.com\/montreal\/wp-json\/wp\/v2\/posts\/72953"}],"collection":[{"href":"https:\/\/www.ludwig-van.com\/montreal\/wp-json\/wp\/v2\/posts"}],"about":[{"href":"https:\/\/www.ludwig-van.com\/montreal\/wp-json\/wp\/v2\/types\/post"}],"author":[{"embeddable":true,"href":"https:\/\/www.ludwig-van.com\/montreal\/wp-json\/wp\/v2\/users\/51"}],"replies":[{"embeddable":true,"href":"https:\/\/www.ludwig-van.com\/montreal\/wp-json\/wp\/v2\/comments?post=72953"}],"version-history":[{"count":15,"href":"https:\/\/www.ludwig-van.com\/montreal\/wp-json\/wp\/v2\/posts\/72953\/revisions"}],"predecessor-version":[{"id":72977,"href":"https:\/\/www.ludwig-van.com\/montreal\/wp-json\/wp\/v2\/posts\/72953\/revisions\/72977"}],"wp:featuredmedia":[{"embeddable":true,"href":"https:\/\/www.ludwig-van.com\/montreal\/wp-json\/wp\/v2\/media\/72971"}],"wp:attachment":[{"href":"https:\/\/www.ludwig-van.com\/montreal\/wp-json\/wp\/v2\/media?parent=72953"}],"wp:term":[{"taxonomy":"category","embeddable":true,"href":"https:\/\/www.ludwig-van.com\/montreal\/wp-json\/wp\/v2\/categories?post=72953"},{"taxonomy":"post_tag","embeddable":true,"href":"https:\/\/www.ludwig-van.com\/montreal\/wp-json\/wp\/v2\/tags?post=72953"},{"taxonomy":"yst_prominent_words","embeddable":true,"href":"https:\/\/www.ludwig-van.com\/montreal\/wp-json\/wp\/v2\/yst_prominent_words?post=72953"}],"curies":[{"name":"wp","href":"https:\/\/api.w.org\/{rel}","templated":true}]}}