{"id":72941,"date":"2022-09-17T09:28:07","date_gmt":"2022-09-17T13:28:07","guid":{"rendered":"https:\/\/www.ludwig-van.com\/montreal\/?p=72941"},"modified":"2022-09-17T09:38:06","modified_gmt":"2022-09-17T13:38:06","slug":"critique-mahler-2-a-losm-quand-le-vocabulaire-manque-de-superlatifs","status":"publish","type":"post","link":"https:\/\/www.ludwig-van.com\/montreal\/2022\/09\/17\/critique-mahler-2-a-losm-quand-le-vocabulaire-manque-de-superlatifs\/","title":{"rendered":"CRITIQUE | La \u00ab\u00a0R\u00e9surrection\u00a0\u00bb de Mahler \u00e0 l&rsquo;OSM: quand le vocabulaire manque de superlatifs"},"content":{"rendered":"<figure id=\"attachment_72942\" aria-describedby=\"caption-attachment-72942\" style=\"width: 1200px\" class=\"wp-caption alignnone\"><img decoding=\"async\" loading=\"lazy\" class=\"size-full wp-image-72942\" src=\"https:\/\/www.ludwig-van.com\/montreal\/wp-content\/uploads\/sites\/3\/2022\/09\/Rafael-Payare-cr-Antoine-Saito-1.jpg\" alt=\"Rafael Payare dirigeait l'Orchestre symphonique de Montr\u00e9al pour son concert d'ouverture de la saison 2022-2023, le 15 septembre 2022. (Photo: Antoine Saito)\" width=\"1200\" height=\"628\" \/><figcaption id=\"caption-attachment-72942\" class=\"wp-caption-text\">Rafael Payare dirigeait l&rsquo;Orchestre symphonique de Montr\u00e9al pour son concert d&rsquo;ouverture de la saison 2022-2023, le 15 septembre 2022. (Photo: Antoine Saito)<\/figcaption><\/figure>\n<h3><span style=\"color: #808080;\">Monumental, colossal, ph\u00e9nom\u00e9nal: difficile de trouver le mot juste pour d\u00e9crire le concert d&rsquo;ouverture de la 89e saison de l&rsquo;Orchestre symphonique de Montr\u00e9al, le jeudi 15 septembre 2022. Une Symphonie no 2 de Mahler \u00ab\u00a0R\u00e9surrection\u00a0\u00bb qui \u00e9tablit une nouvelle \u00e9tape pour<\/span><span style=\"color: #808080;\">\u00a0Rafael Payare, alors qu&rsquo;il pr\u00e9sente officiellement sa premi\u00e8re saison \u00e0 titre de directeur musical de l&rsquo;OSM.\u00a0<\/span><\/h3>\n<p>La Maison symphonique \u00e9tait \u00e9videmment pleine \u00e0 craquer. Mahler attire toujours.<\/p>\n<p>Apr\u00e8s le mot de bienvenue adress\u00e9 par <strong>Madeleine Careau<\/strong>, cheffe de la direction, qui a fait allusion au renouveau postpand\u00e9mique et \u00e0 celui de l&rsquo;OSM, faisant un lien pertinent avec la \u00ab\u00a0R\u00e9surrection\u00a0\u00bb, nous avons eu droit \u00e0 la cr\u00e9ation de la pi\u00e8ce <em>Time<\/em>, du compositeur autrichien <strong>Thomas Larcher<\/strong>, une commande conjointe de plusieurs orchestres.<\/p>\n<p>D&rsquo;une vingtaine de minutes, la pi\u00e8ce est bien construite, habilement orchestr\u00e9e et porteuse d&rsquo;un climat assez sombre, je dirais m\u00eame d&rsquo;une duret\u00e9 implacable. Comme son titre l&rsquo;indique, le compositeur a voulu \u00e9voquer le passage du temps. La perception des \u0153uvres \u00e9tant subjective, \u00e0 mon sens, <em>Time<\/em> \u00e9veille plut\u00f4t des images d&rsquo;inqui\u00e9tude, de guerre et de fin du monde, sauf pendant l&rsquo;interm\u00e8de plus l\u00e9ger, lyrique et m\u00e9lodique du centre. On peut parler d&rsquo;une \u0153uvre r\u00e9ussie mais trop longue, pas particuli\u00e8rement originale, et que je ne souhaite pas n\u00e9cessairement r\u00e9entendre.<\/p>\n<h3>La R\u00e9surrection de l&rsquo;OSM<\/h3>\n<p>Apr\u00e8s l&rsquo;entracte, c&rsquo;est le moment attendu de tous, cette fameuse <em>R\u00e9surrection.<\/em><\/p>\n<p>Exactement un an plus t\u00f4t, le 14 septembre 2020, on se r\u00e9jouissait tous de retourner en salle sans jauge r\u00e9duite, avec nos passeports vaccinaux et nos masques, pour le concert inaugural de la saison pr\u00e9c\u00e9dente.<\/p>\n<p>Un an plus tard, nous avons l&rsquo;impression qu&rsquo;il s&rsquo;agissait d&rsquo;une autre plan\u00e8te, la plan\u00e8te COVID, avec ses d\u00e9sagr\u00e9ments, ses morts et sa tristesse. En relisant <a href=\"https:\/\/www.ludwig-van.com\/montreal\/2021\/09\/15\/critique-concert-douverture-de-losm-un-premier-concert-destabilisant-et-le-debut-dune-nouvelle-ere\/\" target=\"_blank\" rel=\"noopener\">cette vieille critique d&rsquo;alors<\/a>, o\u00f9 je parlais \u00ab\u00a0d&rsquo;un concert qui laisse entrevoir le d\u00e9but d&rsquo;une nouvelle \u00e8re sonore et esth\u00e9tique\u00a0\u00bb, je constate que cette Symphonie no 2, est la pleine r\u00e9alisation de cette \u00e8re, avec un orchestre pouss\u00e9 au maximum, qui respire un air nouveau et nous fait entendre une sonorit\u00e9 renversante. Nous y voil\u00e0, avec l&rsquo;impression qu&rsquo;une page d&rsquo;histoire est en train de se tourner vers un chapitre passionnant.<\/p>\n<p>S&rsquo;il nous restait quelques doutes prudents, ils sont d\u00e9sormais balay\u00e9s. <strong>Rafael Payare<\/strong> \u00e9tait ce qu&rsquo;il fallait \u00e0 l&rsquo;OSM \u00e0 cette \u00e9poque de son histoire. Il impose le respect par la profondeur qu&rsquo;il d\u00e9montre, la hauteur de vue, une compr\u00e9hension de l&rsquo;\u0153uvre qui ne se r\u00e9sume pas \u00e0 une succession de bonnes id\u00e9es mais \u00e0 une vraie conception de l&rsquo;ensemble, une logique dans le dosage des plans dynamiques doubl\u00e9e d&rsquo;une \u00e9nergie communicative qui passe de lui \u00e0 l&rsquo;orchestre, jusqu&rsquo;\u00e0 nous, et nous traverse. Nous sommes submerg\u00e9s par la force de cette musique et de cette prestation m\u00e9morable.<\/p>\n<p>Quelques points forts: le son de la section des cors, tout simplement magnifique. La prestation du ch\u0153ur, excellente. Les deux solistes, <strong>Karen Cargill<\/strong> et <strong>Dorothea R\u00f6schmann<\/strong>, magnifiques voix.<\/p>\n<p>\u00c0 juste titre, ce grand moment de musique est couronn\u00e9 par une ovation monstre, longue et bien m\u00e9rit\u00e9e. On en ressort euphorique et on sera bien incapable de dormir, comme si la symphonie continuait de nous couler dans les veines.<\/p>\n<p>Ce programme est de nouveau pr\u00e9sent\u00e9 <a href=\"https:\/\/www.osm.ca\/fr\/concerts\/rafael-payare-dirige-la-symphonie-resurrection-de-mahler\/\" target=\"_blank\" rel=\"noopener\">cet apr\u00e8s-midi, 17 septembre, \u00e0 14 h 30.<\/a> Il a aussi \u00e9t\u00e9 capt\u00e9 vendredi soir et est disponible sur medici.tv<\/p>\n<h2><em>Inscrivez-vous \u00e0 notre infolettre! La musique classique et l&rsquo;op\u00e9ra en 5 minutes, chaque jour<\/em> \u00a0<span style=\"color: #ff0000;\"><a style=\"color: #ff0000;\" href=\"https:\/\/ludwig-van.us9.list-manage.com\/subscribe?u=4f785cb3f9058f2393ccad035&amp;id=b9b160c032\" target=\"_blank\" rel=\"noopener noreferrer\">ICI\u00a0<\/a><\/span><\/h2>\n","protected":false},"excerpt":{"rendered":"<p>Monumental, colossal, ph\u00e9nom\u00e9nal: difficile de trouver le mot juste pour d\u00e9crire le concert d&rsquo;ouverture de la 89e saison de l&rsquo;Orchestre symphonique de Montr\u00e9al, le jeudi 15 septembre 2022. Une Symphonie no 2 de Mahler \u00ab\u00a0R\u00e9surrection\u00a0\u00bb qui \u00e9tablit une nouvelle \u00e9tape pour\u00a0Rafael Payare, alors qu&rsquo;il pr\u00e9sente officiellement sa premi\u00e8re saison \u00e0 titre de directeur musical de l&rsquo;OSM.\u00a0<\/p>\n","protected":false},"author":51,"featured_media":72942,"comment_status":"open","ping_status":"open","sticky":false,"template":"","format":"standard","meta":{"om_disable_all_campaigns":false,"jetpack_post_was_ever_published":false},"categories":[42010,10956,52],"tags":[42007,4485,2542,41123],"yst_prominent_words":[34000,7202,9813,9808,11092,10443,12692,41121,9841,17099,20367,10546,10554,11819,19794,9870],"acf":[],"jetpack_featured_media_url":"https:\/\/www.ludwig-van.com\/montreal\/wp-content\/uploads\/sites\/3\/2022\/09\/Rafael-Payare-cr-Antoine-Saito-1.jpg","jetpack_sharing_enabled":true,"jetpack_shortlink":"https:\/\/wp.me\/p9bdYt-iYt","amp_enabled":true,"_links":{"self":[{"href":"https:\/\/www.ludwig-van.com\/montreal\/wp-json\/wp\/v2\/posts\/72941"}],"collection":[{"href":"https:\/\/www.ludwig-van.com\/montreal\/wp-json\/wp\/v2\/posts"}],"about":[{"href":"https:\/\/www.ludwig-van.com\/montreal\/wp-json\/wp\/v2\/types\/post"}],"author":[{"embeddable":true,"href":"https:\/\/www.ludwig-van.com\/montreal\/wp-json\/wp\/v2\/users\/51"}],"replies":[{"embeddable":true,"href":"https:\/\/www.ludwig-van.com\/montreal\/wp-json\/wp\/v2\/comments?post=72941"}],"version-history":[{"count":7,"href":"https:\/\/www.ludwig-van.com\/montreal\/wp-json\/wp\/v2\/posts\/72941\/revisions"}],"predecessor-version":[{"id":72949,"href":"https:\/\/www.ludwig-van.com\/montreal\/wp-json\/wp\/v2\/posts\/72941\/revisions\/72949"}],"wp:featuredmedia":[{"embeddable":true,"href":"https:\/\/www.ludwig-van.com\/montreal\/wp-json\/wp\/v2\/media\/72942"}],"wp:attachment":[{"href":"https:\/\/www.ludwig-van.com\/montreal\/wp-json\/wp\/v2\/media?parent=72941"}],"wp:term":[{"taxonomy":"category","embeddable":true,"href":"https:\/\/www.ludwig-van.com\/montreal\/wp-json\/wp\/v2\/categories?post=72941"},{"taxonomy":"post_tag","embeddable":true,"href":"https:\/\/www.ludwig-van.com\/montreal\/wp-json\/wp\/v2\/tags?post=72941"},{"taxonomy":"yst_prominent_words","embeddable":true,"href":"https:\/\/www.ludwig-van.com\/montreal\/wp-json\/wp\/v2\/yst_prominent_words?post=72941"}],"curies":[{"name":"wp","href":"https:\/\/api.w.org\/{rel}","templated":true}]}}