{"id":72667,"date":"2022-09-12T09:37:24","date_gmt":"2022-09-12T13:37:24","guid":{"rendered":"https:\/\/www.ludwig-van.com\/montreal\/?p=72667"},"modified":"2022-09-12T10:05:48","modified_gmt":"2022-09-12T14:05:48","slug":"choix-de-la-redaction-concerts-classiques-rentree-automne-2022","status":"publish","type":"post","link":"https:\/\/www.ludwig-van.com\/montreal\/2022\/09\/12\/choix-de-la-redaction-concerts-classiques-rentree-automne-2022\/","title":{"rendered":"CHOIX DE LA R\u00c9DACTION\u00a0| Concerts classiques en cette premi\u00e8re semaine de la saison 22-23"},"content":{"rendered":"<figure id=\"attachment_72762\" aria-describedby=\"caption-attachment-72762\" style=\"width: 1200px\" class=\"wp-caption alignnone\"><img decoding=\"async\" loading=\"lazy\" class=\"size-full wp-image-72762\" src=\"https:\/\/www.ludwig-van.com\/montreal\/wp-content\/uploads\/sites\/3\/2022\/09\/Choix-redaction-12-septembre-2022-1.jpg\" alt=\"Rafael Payare (cr\u00e9dit photo Antoine Saito); Isolde Lagac\u00e9 (photo: courtoisie) et le Projet Opus (photo: Clayton Kennedy)\" width=\"1200\" height=\"628\" \/><figcaption id=\"caption-attachment-72762\" class=\"wp-caption-text\">Rafael Payare (cr\u00e9dit photo Antoine Saito); Isolde Lagac\u00e9 (photo: courtoisie) et le Projet Opus (photo: )<\/figcaption><\/figure>\n<h3><span style=\"color: #808080;\">C&rsquo;est officiel: les concerts classiques de la saison 2022-2023 commencent cette semaine dans plusieurs salles montr\u00e9alaises. La Maison symphonique, la Salle Bourgie et autres lieux n&rsquo;attendent plus que vous! Voici nos Choix de la r\u00e9daction, du 12 au 18 septembre 2022.<\/span><\/h3>\n<p>Pour voir plus de concerts, consultez <a href=\"https:\/\/www.ludwig-van.com\/montreal\/events\/\" target=\"_blank\" rel=\"noopener\">notre calendrier d&rsquo;\u00e9v\u00e9nements<\/a>. Pour ne rater aucune nouvelle importante, abonnez-vous \u00e0 notre infolettre. C&rsquo;est gratuit!<\/p>\n<p>&nbsp;<\/p>\n<figure id=\"attachment_68141\" aria-describedby=\"caption-attachment-68141\" style=\"width: 1200px\" class=\"wp-caption alignnone\"><img decoding=\"async\" loading=\"lazy\" class=\"size-full wp-image-68141\" src=\"https:\/\/www.ludwig-van.com\/montreal\/wp-content\/uploads\/sites\/3\/2021\/09\/collectif9-cr-DanyloBobyk-1200.jpg\" alt=\"collectif9 (Photo: Danylo Bobyk)\" width=\"1200\" height=\"800\" \/><figcaption id=\"caption-attachment-68141\" class=\"wp-caption-text\">collectif9 (Photo: Danylo Bobyk)<\/figcaption><\/figure>\n<h3>collectif9 f\u00eate le lancement de son album Vagues et ombres<\/h3>\n<p>Pour ouvrir sa saison 2022-23, l\u2019ensemble \u00e0 cordes\u00a0<strong>collectif9<\/strong>\u00a0pr\u00e9sente un \u00e9v\u00e9nement qui c\u00e9l\u00e8bre la sortie de son album\u00a0<em><strong>Vagues et ombres.<\/strong><\/em> L\u2019\u00e9v\u00e9nement comprendra une courte prestation des \u0153uvres de l\u2019album ainsi qu\u2019une installation de th\u00e9\u00e2tre d\u2019ombres des artistes montr\u00e9alaises <strong>Mere Phantoms<\/strong>, dont le travail est photographi\u00e9 sur la couverture et dans le livret de l\u2019album et qui a \u00e9t\u00e9 pr\u00e9sent\u00e9 dans le film-concert du m\u00eame programme. Au programme, des pi\u00e8ces de Claude Debussy et de la compositrice Luna Pearl Woolf. <strong>Ce soir, lundi 12 septembre \u00e0 17h30 \u00e0 KIN Exp\u00e9rience, \u00e0 Montr\u00e9al.<\/strong> <a href=\"https:\/\/lepointdevente.com\/billets\/veoalbum\" target=\"_blank\" rel=\"noopener\">D\u00c9TAILS ET BILLETS<\/a><\/p>\n<p>&nbsp;<\/p>\n<figure id=\"attachment_72760\" aria-describedby=\"caption-attachment-72760\" style=\"width: 1200px\" class=\"wp-caption alignnone\"><img decoding=\"async\" loading=\"lazy\" class=\"size-full wp-image-72760\" src=\"https:\/\/www.ludwig-van.com\/montreal\/wp-content\/uploads\/sites\/3\/2022\/09\/Rafael-Payare-cr-Antoine-Saito.jpg\" alt=\"Rafael Payare (Photo: Antoine Saito)\" width=\"1200\" height=\"805\" \/><figcaption id=\"caption-attachment-72760\" class=\"wp-caption-text\">Rafael Payare (Photo: Antoine Saito)<\/figcaption><\/figure>\n<h3>Orchestre symphonique de Montr\u00e9al : Mahler &#8211; R\u00e9surrection<\/h3>\n<p>La grandiose Symphonie no 2 de Mahler \u00ab\u00a0R\u00e9surrection\u00a0\u00bb ouvre la saison 2022-2023 de l&rsquo;<strong>Orchestre symphonique de Montr\u00e9al<\/strong>, sous la direction de <strong>Rafael Payare.<\/strong> \u00c9galement au programme, la cr\u00e9ation mondiale de la pi\u00e8ce Time, de <strong>Thomas Larcher.<\/strong> Il s&rsquo;agit d&rsquo;une co-commande de l\u2019OSM, du San Diego Symphony, de la NDR Radiophilharmonie, du Tonk\u00fcnstler-Orchester et du Netherlands Philharmonic Orchestra. <strong>Les 15, 16 et 17 septembre, Maison symphonique.<\/strong> <a href=\"https:\/\/www.osm.ca\/fr\/concerts\/rafael-payare-dirige-la-symphonie-resurrection-de-mahler\/\" target=\"_blank\" rel=\"noopener\">D\u00c9TAILS ET BILLETS<\/a><\/p>\n<p>&nbsp;<\/p>\n<figure id=\"attachment_72740\" aria-describedby=\"caption-attachment-72740\" style=\"width: 1200px\" class=\"wp-caption alignnone\"><img decoding=\"async\" loading=\"lazy\" class=\"size-full wp-image-72740\" src=\"https:\/\/www.ludwig-van.com\/montreal\/wp-content\/uploads\/sites\/3\/2022\/09\/Nicole-Car-\u00a9Viviengaumand_88.jpg\" alt=\"\" width=\"1200\" height=\"800\" \/><figcaption id=\"caption-attachment-72740\" class=\"wp-caption-text\">Nicole Car, soprano, incarne Leonora dans Il Trovatore \u00e0 l&rsquo;Op\u00e9ra de Montr\u00e9al du 10 au 18 septembre 2022 (Photo: Vivien Gaumand)<\/figcaption><\/figure>\n<h3>Il Trovatore \u00e0 l&rsquo;Op\u00e9ra de Montr\u00e9al<\/h3>\n<p>Une distribution tout simplement fantastique incluant certains de nos meilleurs artistes lyriques \u00a0Avec l&rsquo;Australienne <strong>Nicole Car<\/strong> (Leonora), <strong>\u00c9tienne Dupuis<\/strong> (comte de Luna), <strong>Marie-Nicole Lemieux<\/strong> (Azucena), <strong>Luc Robert<\/strong> (Maurico), <strong>Matthew Trevi\u00f1o<\/strong> (Ferrando), <strong>Angelo Moretti<\/strong> (Ruiz), <strong>Kirsten LeBlanc<\/strong> (Ines) et <strong>Mikelis Rogers<\/strong> (un gitan). <strong>Jacques Lacombe<\/strong> dirige l&rsquo;<strong>Orchestre M\u00e9tropolitain<\/strong>, mise en sc\u00e8ne de <strong>Michel-Maxime Legault. Jusqu&rsquo;au 18 septembre 2022, salle Wilfrid-Pelletier. <\/strong><a href=\"https:\/\/www.operademontreal.com\/programmation\/il-trovatore\" target=\"_blank\" rel=\"noopener\">D\u00c9TAILS ET BILLETS<\/a><\/p>\n<p><a href=\"https:\/\/www.ludwig-van.com\/montreal\/2022\/09\/11\/critique-il-trovatore-distribution-etincelante-decor-morose\/\" target=\"_blank\" rel=\"noopener\">LIRE NOTRE CRITIQUE D&rsquo;IL TROVATORE<\/a><\/p>\n<p>&nbsp;<\/p>\n<p style=\"text-align: center;\"><img decoding=\"async\" loading=\"lazy\" class=\"alignnone size-full wp-image-72751\" src=\"https:\/\/www.ludwig-van.com\/montreal\/wp-content\/uploads\/sites\/3\/2022\/09\/Chateau-Grafenek.jpg\" alt=\"\" width=\"992\" height=\"864\" \/><\/p>\n<h3>Ch\u00e2teau Grafenek 1940<\/h3>\n<p>La s\u00e9rie Vivace du <strong>Conservatoire de musique de Montr\u00e9al<\/strong> donne carte blanche aux professeurs et anciens \u00e9tudiants et leurs invit\u00e9s.<\/p>\n<p>Ce concert raconte l\u2019histoire du ch\u00e2teau Grafeneck en Allemagne \u00e0 travers des \u0153uvres de Thomas Fortmann et Helmut Lipsky et des relectures de CPE Bach et Beethoven. En 1940, 10654 personnes handicap\u00e9es y ont \u00e9t\u00e9 tu\u00e9es. Cette \u0153uvre \u00e0 la fois historique et all\u00e9gorique rend hommage aux victimes de tous les g\u00e9nocides. Un devoir de m\u00e9moire, une fa\u00e7on de les faire revivre. Avec <strong>Helmut Lipsky<\/strong> (violon), <strong>Louise Bessette<\/strong> (piano) et <strong>Olivier Maranda<\/strong> (percussion). <strong>Le 17 septembre, 19 H 30, salle de concert du Conservatoire<\/strong>. <a href=\"https:\/\/www.conservatoire.gouv.qc.ca\/fr\/conservatoires\/musiquemontreal\/evenements\/chateau-grafeneck-1940-1\/\" target=\"_blank\" rel=\"noopener\">D\u00c9TAILS ET BILLETS<\/a><\/p>\n<p>&nbsp;<\/p>\n<figure id=\"attachment_57396\" aria-describedby=\"caption-attachment-57396\" style=\"width: 636px\" class=\"wp-caption aligncenter\"><img decoding=\"async\" loading=\"lazy\" class=\"wp-image-57396 size-full\" src=\"https:\/\/www.ludwig-van.com\/montreal\/wp-content\/uploads\/sites\/3\/2018\/11\/Fl\u00fbte-Alors-Julien-Faug\u00e8re.jpg\" alt=\"Fl\u00fbte Alors!\" width=\"636\" height=\"480\" srcset=\"https:\/\/www.ludwig-van.com\/montreal\/wp-content\/uploads\/sites\/3\/2018\/11\/Fl\u00fbte-Alors-Julien-Faug\u00e8re.jpg 636w, https:\/\/www.ludwig-van.com\/montreal\/wp-content\/uploads\/sites\/3\/2018\/11\/Fl\u00fbte-Alors-Julien-Faug\u00e8re-300x226.jpg 300w\" sizes=\"(max-width: 636px) 100vw, 636px\" \/><figcaption id=\"caption-attachment-57396\" class=\"wp-caption-text\">Fl\u00fbte Alors! lance sa saison 2022-2023 cette semaine (Photo : Julien Faug\u00e8re)<\/figcaption><\/figure>\n<h3>Fl\u00fbte alors!<\/h3>\n<p><strong>Fl\u00fbte Alors!<\/strong> poursuit son exploration de la musique J.S. Bach en r\u00e9alisant des arrangements pour quatuor de fl\u00fbtes \u00e0 bec et basse continue de ses plus belles \u0153uvres vocales et instrumentales. Pour l\u2019occasion, l\u2019ensemble s\u2019associe \u00e0 deux musiciens incontournables de la sc\u00e8ne baroque montr\u00e9alaise : le claveciniste <strong>Luc Beaus\u00e9jour<\/strong> et la violoncelliste <strong>Amanda Keesmaat<\/strong>. <strong>Le 17 septembre, 20 h, \u00c9glise Notre-Dame de Lourdes.<\/strong> <a href=\"https:\/\/my.weezevent.com\/au-dela-des-mots-beyond-words?fs=e&amp;s=cl\" target=\"_blank\" rel=\"noopener\">D\u00c9TAILS ET BILLETS<\/a><\/p>\n<p>&nbsp;<\/p>\n<p style=\"text-align: center;\"><img decoding=\"async\" loading=\"lazy\" class=\"alignnone wp-image-56777 size-large\" src=\"https:\/\/www.ludwig-van.com\/montreal\/wp-content\/uploads\/sites\/3\/2018\/10\/Isolde-Lagace\u0301-2018_2_cre\u0301dit-Pierre-E\u0301tienne-Bergeron-683x1024.jpg\" alt=\"\" width=\"640\" height=\"960\" srcset=\"https:\/\/www.ludwig-van.com\/montreal\/wp-content\/uploads\/sites\/3\/2018\/10\/Isolde-Lagace\u0301-2018_2_cre\u0301dit-Pierre-E\u0301tienne-Bergeron-683x1024.jpg 683w, https:\/\/www.ludwig-van.com\/montreal\/wp-content\/uploads\/sites\/3\/2018\/10\/Isolde-Lagace\u0301-2018_2_cre\u0301dit-Pierre-E\u0301tienne-Bergeron-200x300.jpg 200w, https:\/\/www.ludwig-van.com\/montreal\/wp-content\/uploads\/sites\/3\/2018\/10\/Isolde-Lagace\u0301-2018_2_cre\u0301dit-Pierre-E\u0301tienne-Bergeron-768x1152.jpg 768w, https:\/\/www.ludwig-van.com\/montreal\/wp-content\/uploads\/sites\/3\/2018\/10\/Isolde-Lagace\u0301-2018_2_cre\u0301dit-Pierre-E\u0301tienne-Bergeron.jpg 1024w\" sizes=\"(max-width: 640px) 100vw, 640px\" \/><\/p>\n<h3>Salle Bourgie: Isolde Lagac\u00e9, une vie en musique<\/h3>\n<p>\u00c0 quelques mois <a href=\"https:\/\/www.ludwig-van.com\/montreal\/2022\/01\/19\/nouvelle-isolde-lagace-annonce-son-depart-de-la-salle-bourgie-la-fin-de-2022\/\" target=\"_blank\" rel=\"noopener\">de son d\u00e9part<\/a>, la directrice artistique de la Salle Bourgie depuis 2011, <strong>Isolde Lagac\u00e9<\/strong>, signe un programme bien personnel ponctu\u00e9 d&rsquo;anecdotes et de souvenirs, interpr\u00e9t\u00e9 par l&rsquo;<strong>Ensemble Caprice<\/strong> sous la direction de <strong>Matthias Maute<\/strong>. Mozart, Vivaldi et Bach sont au menu, avec <strong>Ilya Poletaev<\/strong> (pianoforte), <strong>Magali Simard-Gald\u00e8s<\/strong> ainsi que <strong>M\u00e9lisande McNabney<\/strong> \u00e0 l&rsquo;orgue. <strong>Le dimanche 18 septembre, 14h30, Salle Bourgie.<\/strong> <a href=\"https:\/\/www.mbam.qc.ca\/fr\/activites\/concert-d%E2%80%99ouverture-isolde-lagace-une-vie-en-musique\/\" target=\"_blank\" rel=\"noopener\">D\u00c9TAILS ET BILLETS<\/a><\/p>\n<p>&nbsp;<\/p>\n<p style=\"text-align: center;\"><img decoding=\"async\" loading=\"lazy\" class=\"alignnone wp-image-54027 size-full\" src=\"https:\/\/www.ludwig-van.com\/montreal\/wp-content\/uploads\/sites\/3\/2018\/05\/2018_Molinari5654_web.jpg\" alt=\"Quatuor Molinari (Photo : courtoisie)\" width=\"1024\" height=\"683\" srcset=\"https:\/\/www.ludwig-van.com\/montreal\/wp-content\/uploads\/sites\/3\/2018\/05\/2018_Molinari5654_web.jpg 1024w, https:\/\/www.ludwig-van.com\/montreal\/wp-content\/uploads\/sites\/3\/2018\/05\/2018_Molinari5654_web-300x200.jpg 300w, https:\/\/www.ludwig-van.com\/montreal\/wp-content\/uploads\/sites\/3\/2018\/05\/2018_Molinari5654_web-768x512.jpg 768w\" sizes=\"(max-width: 1024px) 100vw, 1024px\" \/><\/p>\n<h3>Musique bleue avec le Quatuor Molinari<\/h3>\n<p>La s\u00e9rie \u00ab Concert intime \u00bb du <strong>Quatuor Molinari<\/strong> se poursuit pour une 3e saison, devant un public restreint. <em>Musique bleue<\/em> pr\u00e9sente des \u0153uvres de compositeurs qu\u00e9b\u00e9cois et une du compositeur polonais Penderecki. <strong>Le 18 septembre, le concert sera donn\u00e9 deux fois la m\u00eame journ\u00e9e, soit \u00e0 13h et \u00e0 16h, \u00e0 la Fondation Guido Molinar<\/strong>i, au 3290, rue Sainte-Catherine Est. <a href=\"https:\/\/quatuormolinari.qc.ca\/evenements\/\" target=\"_blank\" rel=\"noopener\">D\u00c9TAILS ET BILLETS<\/a><\/p>\n<p>&nbsp;<\/p>\n<figure id=\"attachment_72671\" aria-describedby=\"caption-attachment-72671\" style=\"width: 1200px\" class=\"wp-caption alignnone\"><img decoding=\"async\" loading=\"lazy\" class=\"size-full wp-image-72671\" src=\"https:\/\/www.ludwig-van.com\/montreal\/wp-content\/uploads\/sites\/3\/2022\/09\/Projet-Opus-quatuor-credit-Clayton-Kennedy-1200.jpg\" alt=\"Projet Opus. (Photo: Clayton Kennedy)\" width=\"1200\" height=\"901\" \/><figcaption id=\"caption-attachment-72671\" class=\"wp-caption-text\">Projet Opus. (Photo: Clayton Kennedy)<\/figcaption><\/figure>\n<h3>Projet Opus<\/h3>\n<p>Le <strong>projet Opus<\/strong> est une nouvelle initiative de musique de chambre form\u00e9e en 2020 \u00e0 Montr\u00e9al par le claveciniste <strong>Christophe Gauthier<\/strong> et la fl\u00fbtiste baroque <strong>Joanna Marsden<\/strong>. Inspir\u00e9 par la beaut\u00e9 des premi\u00e8res \u00e9ditions musicales et des sources manuscrites, le Projet opus explore les tr\u00e9sors m\u00e9connus du r\u00e9pertoire de musique de chambre baroque en se concentrant profond\u00e9ment sur une collection \u00e0 la fois. Dimanche soir, ils pr\u00e9senteront le concert <em><strong>Symphonies de feu M. Gauthier de Marseille.\u00a0<\/strong><\/em><\/p>\n<p>\u00ab\u00a0<em>Les Symphonies de feu M. Gautier de Marseille (1707) ont \u00e9t\u00e9 publi\u00e9es \u00e0 titre posthume par sa famille apr\u00e8s qu\u2019il disparut en 1695 lors d\u2019un voyage en mer. Certaines pi\u00e8ces de ce recueil sont peut-\u00eatre emprunt\u00e9es \u00e0 son op\u00e9ra Le triomphe de la paix (1685), dont la partition ne nous est pas parvenue. Le duo Les Prisons comm\u00e9more son passage derri\u00e8re les barreaux. Ses airs et ses danses sont originaux et inventifs, et ils m\u00e9ritent de sortir de l&rsquo;ombre de Lully<\/em>\u00ab\u00a0, explique-t-on sur la <a href=\"https:\/\/www.facebook.com\/events\/5251266998314101\/?ref=newsfeed\" target=\"_blank\" rel=\"noopener\">page Facebook de l&rsquo;\u00e9v\u00e9nement.<\/a><\/p>\n<p><strong>Le 18 septembre, 19 h, \u00c9glise Saint-Stanislas de Kostka, 1350 boulevard Saint-Joseph Est. Billets \u00e0 la porte.<\/strong> <a href=\"http:\/\/www.opusproject.ca\/event\/symphonies-de-feu-m-gautier-de-marseille\/\" target=\"_blank\" rel=\"noopener\">D\u00c9TAILS<\/a><\/p>\n<p>&nbsp;<\/p>\n<h2><em>Inscrivez-vous \u00e0 notre infolettre! La musique classique et l&rsquo;op\u00e9ra en 5 minutes, chaque jour<\/em> \u00a0<span style=\"color: #ff0000;\"><a style=\"color: #ff0000;\" href=\"https:\/\/ludwig-van.us9.list-manage.com\/subscribe?u=4f785cb3f9058f2393ccad035&amp;id=b9b160c032\" target=\"_blank\" rel=\"noopener noreferrer\">ICI\u00a0<\/a><\/span><\/h2>\n","protected":false},"excerpt":{"rendered":"<p>C&rsquo;est officiel: les concerts classiques de la saison 2022-2023 commencent cette semaine. La Maison symphonique, la Salle Bourgie et autres lieux n&rsquo;attendent plus que vous! Voici nos Choix de la r\u00e9daction, du 12 au 18 septembre 2022.<\/p>\n","protected":false},"author":51,"featured_media":72762,"comment_status":"open","ping_status":"open","sticky":false,"template":"","format":"standard","meta":{"om_disable_all_campaigns":false,"jetpack_post_was_ever_published":false},"categories":[42010,10956,10994],"tags":[42007,2498,4485,6235,11137],"yst_prominent_words":[33501,33508,26052,20956,10519,6668,11620,20367,9956,26017,9870],"acf":[],"jetpack_featured_media_url":"https:\/\/www.ludwig-van.com\/montreal\/wp-content\/uploads\/sites\/3\/2022\/09\/Choix-redaction-12-septembre-2022-1.jpg","jetpack_sharing_enabled":false,"jetpack_shortlink":"https:\/\/wp.me\/p9bdYt-iU3","amp_enabled":true,"_links":{"self":[{"href":"https:\/\/www.ludwig-van.com\/montreal\/wp-json\/wp\/v2\/posts\/72667"}],"collection":[{"href":"https:\/\/www.ludwig-van.com\/montreal\/wp-json\/wp\/v2\/posts"}],"about":[{"href":"https:\/\/www.ludwig-van.com\/montreal\/wp-json\/wp\/v2\/types\/post"}],"author":[{"embeddable":true,"href":"https:\/\/www.ludwig-van.com\/montreal\/wp-json\/wp\/v2\/users\/51"}],"replies":[{"embeddable":true,"href":"https:\/\/www.ludwig-van.com\/montreal\/wp-json\/wp\/v2\/comments?post=72667"}],"version-history":[{"count":16,"href":"https:\/\/www.ludwig-van.com\/montreal\/wp-json\/wp\/v2\/posts\/72667\/revisions"}],"predecessor-version":[{"id":72766,"href":"https:\/\/www.ludwig-van.com\/montreal\/wp-json\/wp\/v2\/posts\/72667\/revisions\/72766"}],"wp:featuredmedia":[{"embeddable":true,"href":"https:\/\/www.ludwig-van.com\/montreal\/wp-json\/wp\/v2\/media\/72762"}],"wp:attachment":[{"href":"https:\/\/www.ludwig-van.com\/montreal\/wp-json\/wp\/v2\/media?parent=72667"}],"wp:term":[{"taxonomy":"category","embeddable":true,"href":"https:\/\/www.ludwig-van.com\/montreal\/wp-json\/wp\/v2\/categories?post=72667"},{"taxonomy":"post_tag","embeddable":true,"href":"https:\/\/www.ludwig-van.com\/montreal\/wp-json\/wp\/v2\/tags?post=72667"},{"taxonomy":"yst_prominent_words","embeddable":true,"href":"https:\/\/www.ludwig-van.com\/montreal\/wp-json\/wp\/v2\/yst_prominent_words?post=72667"}],"curies":[{"name":"wp","href":"https:\/\/api.w.org\/{rel}","templated":true}]}}