{"id":72645,"date":"2022-09-09T09:26:45","date_gmt":"2022-09-09T13:26:45","guid":{"rendered":"https:\/\/www.ludwig-van.com\/montreal\/?p=72645"},"modified":"2022-09-09T09:57:52","modified_gmt":"2022-09-09T13:57:52","slug":"critique-albertine-en-cinq-temps-lopera-bouleversant","status":"publish","type":"post","link":"https:\/\/www.ludwig-van.com\/montreal\/2022\/09\/09\/critique-albertine-en-cinq-temps-lopera-bouleversant\/","title":{"rendered":"CRITIQUE\u00a0| Albertine en cinq temps, l&rsquo;op\u00e9ra: bouleversant"},"content":{"rendered":"<figure id=\"attachment_72656\" aria-describedby=\"caption-attachment-72656\" style=\"width: 1200px\" class=\"wp-caption alignnone\"><img decoding=\"async\" loading=\"lazy\" class=\"size-full wp-image-72656\" src=\"https:\/\/www.ludwig-van.com\/montreal\/wp-content\/uploads\/sites\/3\/2022\/09\/Albertine-cover-2.jpg\" alt=\"De gauche \u00e0 droite: Monique Pag\u00e9, Chantal Dionne, Chantal Lambert, Florence Bourget, Catherine St-Arnaud. (Photo: V\u00e9ronique Duplain)\" width=\"1200\" height=\"628\" \/><figcaption id=\"caption-attachment-72656\" class=\"wp-caption-text\">De gauche \u00e0 droite: Monique Pag\u00e9, Chantal Dionne, Chantal Lambert, Florence Bourget, Catherine St-Arnaud. (Photo: V\u00e9ronique Duplain)<\/figcaption><\/figure>\n<h3><span style=\"color: #808080;\">Hier soir, 8 septembre, avait lieu la premi\u00e8re m\u00e9diatique de l&rsquo;op\u00e9ra Albertine en cinq temps, adaptation de la pi\u00e8ce de Michel Tremblay sur une musique de Catherine Major dans une mise en sc\u00e8ne de Nathalie Deschamps, au Rideau Vert. Un spectacle totalement r\u00e9ussi, authentique et bouleversant. Critique.\u00a0<\/span><\/h3>\n<p>C&rsquo;est avec curiosit\u00e9 et un brin de scepticisme que je me dirigeais vers le th\u00e9\u00e2tre, hier soir, en me demandant ce que pourrait bien donner le m\u00e9lange des voix lyriques au joual, bien que j&rsquo;adore l&rsquo;\u0153uvre de <strong>Michel Tremblay<\/strong>.\u00a0 Pour conna\u00eetre <strong>Catherine Major<\/strong> \u00e0 travers ses albums, j&rsquo;\u00e9tais certaine qu&rsquo;elle \u00e9crirait de la belle musique, mais la composition d&rsquo;un op\u00e9ra entier repr\u00e9sente tout de m\u00eame un \u00e9norme d\u00e9fi pour quiconque, et j&rsquo;avais h\u00e2te d&rsquo;entendre le r\u00e9sultat.<\/p>\n<p>Celui-ci n&rsquo;a pas d\u00e9\u00e7u, au contraire: ce fut une heure et demi de \u00ab\u00a0wow\u00a0\u00bb et d&rsquo;\u00e9motions intenses. La musique de <strong>Catherine Major<\/strong> est sobre, magnifique, fluide, \u00e9mouvante, teint\u00e9e de m\u00e9lancolie. Elle transmet parfaitement l&rsquo;atmosph\u00e8re de la pi\u00e8ce et la vie int\u00e9rieure d&rsquo;Albertine. On y reconna\u00eet aussi une forme d&rsquo;humilit\u00e9, celle d&rsquo;une compositrice qui n&rsquo;a pas besoin de \u00ab\u00a0prouver\u00a0\u00bb \u00e0 ses coll\u00e8gues du m\u00e9tier qu&rsquo;elle innove, mais met plut\u00f4t ses id\u00e9es et son c\u0153ur au service de l&rsquo;histoire, des personnages et de la beaut\u00e9.<\/p>\n<p>La tr\u00e8s belle partie instrumentale est donc assur\u00e9e par cinq musiciennes:\u00a0 <strong>Marie-Claude Roy<\/strong> (excellente pianiste, et directrice musicale), <strong>M\u00e9lanie Vaugeois, \u00c9lise Poulin, Annie Gadbois,<\/strong> et <strong>Ana\u00efs Vigeant.\u00a0<\/strong><\/p>\n<h3>La pi\u00e8ce<\/h3>\n<p>Pour ceux qui ne conna\u00eetraient pas l&rsquo;intrigue, voici un r\u00e9sum\u00e9 ne d\u00e9voilant pas de punchs. Albertine, 70 ans, se retrouve dans une r\u00e9sidence pour personnes \u00e2g\u00e9es, dans sa petite chambre. Elle pense \u00e0 son pass\u00e9, \u00e0 sa vie difficile, aux trag\u00e9dies qui l&rsquo;ont marqu\u00e9e.<\/p>\n<p>Quatre autres personnages apparaissent. C&rsquo;est elle, \u00e0 d&rsquo;autres \u00e2ges: 30 ans, 40 ans, 50 ans et 60 ans. Cinq Albertines qui se parlent de points de vue diff\u00e9rents, selon la r\u00e9alit\u00e9, les sentiments et la compr\u00e9hension propres \u00e0 leur \u00e2ge. Il y a aussi Madeleine, sa petite s\u0153ur, qui repr\u00e9sente le bonheur d&rsquo;une vie simple avec son mari, ce bonheur qu&rsquo;Albertine n&rsquo;a jamais connu, parce qu&rsquo;elle se sent diff\u00e9rente, parce qu&rsquo;elle a du mal \u00e0 communiquer.<\/p>\n<p>Cr\u00e9\u00e9e en 1984, la pi\u00e8ce originale est intemporelle. En 2022, les r\u00e9alit\u00e9s d&rsquo;Albertine sont encore bien pr\u00e9sentes: la condition f\u00e9minine, les affres de la maternit\u00e9, la d\u00e9pression, l&rsquo;injustice, la col\u00e8re, l&rsquo;isolement, le vieillissement, la solitude. Le fait d&rsquo;y mettre de la musique amplifie les \u00e9motions et la tension dramatique, faisant r\u00e9sonner le texte de <strong>Michel Tremblay<\/strong> avec encore plus de vigueur.<\/p>\n<p>Albertine est incarn\u00e9e \u00e0 70 ans par <strong>Chantal Lambert<\/strong>, soprano; \u00e0 60 ans par <strong>Monique Pag\u00e9<\/strong>, soprano, \u00e0 50 ans par <strong>Chantal Dionne<\/strong>, soprano, \u00e0 40 ans par <strong>Florence Bourget<\/strong>, mezzo, et \u00e0 30 ans par <strong>Catherine St-Arnaud<\/strong>, soprano. <strong>Marianne Lambert<\/strong>, soprano, incarne sa s\u0153ur Madeleine. Disons le d&#8217;embl\u00e9e: toutes sont excellentes, cr\u00e9dibles et renversantes dans leurs airs respectifs.<\/p>\n<p>&nbsp;<\/p>\n<figure id=\"attachment_72652\" aria-describedby=\"caption-attachment-72652\" style=\"width: 1200px\" class=\"wp-caption alignnone\"><img decoding=\"async\" loading=\"lazy\" class=\"size-full wp-image-72652\" src=\"https:\/\/www.ludwig-van.com\/montreal\/wp-content\/uploads\/sites\/3\/2022\/09\/Credit-Veronique-Duplain-ALbertine.jpg\" alt=\"Albertine en cinq temps, l'op\u00e9ra. (Photo: V\u00e9ronique Duplain)\" width=\"1200\" height=\"800\" \/><figcaption id=\"caption-attachment-72652\" class=\"wp-caption-text\">Albertine en cinq temps, l&rsquo;op\u00e9ra. (Photo: V\u00e9ronique Duplain)<\/figcaption><\/figure>\n<p>Toutes ces artistes de talent \u00e9voluent dans une ing\u00e9nieuse sc\u00e9nographie \u00e0 deux niveaux. Au premier niveau, chaque Albertine a sa porte, dont elle entre et sort aux moments opportuns, dans un jeu de va-et-vient qui apporte du dynamisme \u00e0 l&rsquo;ensemble. Le niveau deux forme une immense lune d\u00e9coup\u00e9e dans le mur, dont la face bouge, change de couleur, et nous laisse entrevoir, derri\u00e8re, les musiciennes. La seule com\u00e9dienne qui se d\u00e9place entre les niveaux est <strong>Marianne Lambert<\/strong> (Madeleine).<\/p>\n<p>Visuellement, il se passe toujours quelque chose, sans que le spectateur soit pour autant submerg\u00e9 par une multitude de gadgets inutiles. Tout est pens\u00e9 en fonction de la mise en valeur du texte, de la musique et des personnages. \u00c0 travers toutes ces ouvertures (les portes, la lune) de superbes \u00e9clairages, dont les couleurs changent en fonction de l&rsquo;\u00e9volution du sc\u00e9nario, compl\u00e8tent le tout.<\/p>\n<p>Un bon \u00e9quilibre a \u00e9t\u00e9 conserv\u00e9 dans le livret (sign\u00e9 par le <strong>Collectif de la Lune Rouge<\/strong>, qui s&rsquo;est bas\u00e9 sur la pi\u00e8ce originale de Tremblay), entre les dialogues parl\u00e9s et les airs individuels, ainsi que quelques ch\u0153urs de toutes les chanteuses. Le rythme est fluide, on se laisse emporter et il n&rsquo;y aucun temps mort. Une heure et demie sans entracte o\u00f9 l&rsquo;on oublie tout le reste pour \u00eatre, nous aussi, un petit peu Albertine.<\/p>\n<figure id=\"attachment_72653\" aria-describedby=\"caption-attachment-72653\" style=\"width: 1200px\" class=\"wp-caption alignnone\"><img decoding=\"async\" loading=\"lazy\" class=\"size-full wp-image-72653\" src=\"https:\/\/www.ludwig-van.com\/montreal\/wp-content\/uploads\/sites\/3\/2022\/09\/Credit-Veronique-Duplain-Albertine-2.jpg\" alt=\"Albertine en cinq temps, l'op\u00e9ra. (Photo: V\u00e9ronique Duplain)\" width=\"1200\" height=\"820\" \/><figcaption id=\"caption-attachment-72653\" class=\"wp-caption-text\">Albertine en cinq temps, l&rsquo;op\u00e9ra. (Photo: V\u00e9ronique Duplain)<\/figcaption><\/figure>\n<h3>Les chanteuses<\/h3>\n<p><strong>Chantal Lambert<\/strong> repr\u00e9sente avec solidit\u00e9 le noyau, Albertine au pr\u00e9sent, la femme qui malgr\u00e9 ses difficult\u00e9s &#8211; ou \u00e0 cause d&rsquo;elles &#8211; a acquis une certaine forme de sagesse et tente de rester positive, mais se retrouve face au vieillissement dans une solitude absolue.<\/p>\n<p>Il faut dire que la distribution est parfaite, et la direction d&rsquo;actrices aussi : chaque chanteuse est id\u00e9ale dans son r\u00f4le et nous transmet avec conviction l&rsquo;\u00e9tat d&rsquo;esprit sp\u00e9cifique d&rsquo;Albertine \u00e0 ce moment de sa vie.<\/p>\n<p>La pr\u00e9sence sur sc\u00e8ne et la force du jeu de <strong>Monique Pag\u00e9<\/strong> impressionnent. C&rsquo;est elle la trouble-f\u00eate, la d\u00e9pressive, la personne bris\u00e9e par une trag\u00e9die qui n&rsquo;a pas encore su s&rsquo;en d\u00e9tacher. Vocalement, elle est impeccable.<\/p>\n<p><strong>Chantal Dionne<\/strong> (Albertine \u00e0 50 ans) m&rsquo;a fait pleurer. C&rsquo;est sans doute elle qui a le plus bel air, ou peut-\u00eatre, devrais-je \u00e9crire, l&rsquo;air qui se rapproche le plus de ma r\u00e9alit\u00e9&#8230;non seulement chante-t-elle bien, mais elle est incroyablement vraie dans son r\u00f4le de l&rsquo;Albertine qui se veut heureuse, libre et ind\u00e9pendante.<\/p>\n<p>Dans le pass\u00e9, je n&rsquo;ai pas toujours \u00e9t\u00e9 positive envers <strong>Florence Bourget<\/strong> dans mes critiques, mais je dois dire qu&rsquo;hier soir, elle m&rsquo;a renvers\u00e9e par son jeu, sa v\u00e9rit\u00e9, sa col\u00e8re, et surtout, la beaut\u00e9 de sa voix. Bravo.<\/p>\n<p><strong>Catherine St-Arnaud<\/strong> a certainement h\u00e9rit\u00e9 de l&rsquo;air le plus difficile, probablement titr\u00e9 \u00ab\u00a0La rage\u00a0\u00bb, qui comporte beaucoup d&rsquo;aigus et de vocalises. Elle s&rsquo;en tire avec brio, malgr\u00e9 quelques aigus per\u00e7ants, que l&rsquo;acoustique n&rsquo;aide pas. Elle s&rsquo;av\u00e8re, elle aussi, une excellente com\u00e9dienne, qui se donne enti\u00e8rement sur sc\u00e8ne.<\/p>\n<p><strong>Marianne Lambert<\/strong> chante merveilleusement, comme elle le fait toujours, et s&rsquo;av\u00e8re aussi un excellent choix pour Madeleine, jeune femme qui aime la vie et tente de comprendre Albertine, et de lui faire aimer la vie \u00e0 elle aussi.<\/p>\n<p>Pour le texte poignant de <strong>Michel Tremblay<\/strong> bien s\u00fbr, mais aussi les qualit\u00e9s de la musique, de la mise en sc\u00e8ne, du d\u00e9cor, les excellentes chanteuse et com\u00e9diennes, bref, pour l&rsquo;ensemble de la production <em><strong>Albertine en cinq temps<\/strong><\/em>, dans cette forme lyrique, aura, j&rsquo;en suis persuad\u00e9e, un grand succ\u00e8s.<\/p>\n<p>D&rsquo;autres repr\u00e9sentations sont pr\u00e9vues ce weekend au <strong>Rideau Vert<\/strong>, et une tourn\u00e9e de plusieurs villes au Qu\u00e9bec aura lieu de mars \u00e0 novembre 2023. <a href=\"https:\/\/www.rideauvert.qc.ca\/piece\/albertine-en-cinq-temps-lopera\/\" target=\"_blank\" rel=\"noopener\">D\u00c9TAILS ET BILLETS<\/a><\/p>\n<p>Un album para\u00eetra \u00e9galement le 25 novembre 2022 sur <strong>ATMA Classique.<\/strong><\/p>\n<h2><em>Inscrivez-vous \u00e0 notre infolettre! La musique classique et l&rsquo;op\u00e9ra en 5 minutes, chaque jour<\/em> \u00a0<span style=\"color: #ff0000;\"><a style=\"color: #ff0000;\" href=\"https:\/\/ludwig-van.us9.list-manage.com\/subscribe?u=4f785cb3f9058f2393ccad035&amp;id=b9b160c032\" target=\"_blank\" rel=\"noopener noreferrer\">ICI\u00a0<\/a><\/span><\/h2>\n","protected":false},"excerpt":{"rendered":"<p>Hier soir, 8 septembre, avait lieu la premi\u00e8re m\u00e9diatique de l&rsquo;op\u00e9ra Albertine en cinq temps, adaptation de la pi\u00e8ce de Michel Tremblay sur une musique de Catherine Major dans une mise en sc\u00e8ne de Nathalie Deschamps, au Rideau Vert. Un spectacle totalement r\u00e9ussi, authentique et bouleversant. Critique.\u00a0<\/p>\n","protected":false},"author":51,"featured_media":72656,"comment_status":"open","ping_status":"open","sticky":false,"template":"","format":"standard","meta":{"om_disable_all_campaigns":false,"jetpack_post_was_ever_published":false},"categories":[42010,10956,52],"tags":[42007,41965],"yst_prominent_words":[26371,10426,14027,34211,28366,29995,23015,16455,11145],"acf":[],"jetpack_featured_media_url":"https:\/\/www.ludwig-van.com\/montreal\/wp-content\/uploads\/sites\/3\/2022\/09\/Albertine-cover-2.jpg","jetpack_sharing_enabled":true,"jetpack_shortlink":"https:\/\/wp.me\/p9bdYt-iTH","amp_enabled":true,"_links":{"self":[{"href":"https:\/\/www.ludwig-van.com\/montreal\/wp-json\/wp\/v2\/posts\/72645"}],"collection":[{"href":"https:\/\/www.ludwig-van.com\/montreal\/wp-json\/wp\/v2\/posts"}],"about":[{"href":"https:\/\/www.ludwig-van.com\/montreal\/wp-json\/wp\/v2\/types\/post"}],"author":[{"embeddable":true,"href":"https:\/\/www.ludwig-van.com\/montreal\/wp-json\/wp\/v2\/users\/51"}],"replies":[{"embeddable":true,"href":"https:\/\/www.ludwig-van.com\/montreal\/wp-json\/wp\/v2\/comments?post=72645"}],"version-history":[{"count":14,"href":"https:\/\/www.ludwig-van.com\/montreal\/wp-json\/wp\/v2\/posts\/72645\/revisions"}],"predecessor-version":[{"id":72664,"href":"https:\/\/www.ludwig-van.com\/montreal\/wp-json\/wp\/v2\/posts\/72645\/revisions\/72664"}],"wp:featuredmedia":[{"embeddable":true,"href":"https:\/\/www.ludwig-van.com\/montreal\/wp-json\/wp\/v2\/media\/72656"}],"wp:attachment":[{"href":"https:\/\/www.ludwig-van.com\/montreal\/wp-json\/wp\/v2\/media?parent=72645"}],"wp:term":[{"taxonomy":"category","embeddable":true,"href":"https:\/\/www.ludwig-van.com\/montreal\/wp-json\/wp\/v2\/categories?post=72645"},{"taxonomy":"post_tag","embeddable":true,"href":"https:\/\/www.ludwig-van.com\/montreal\/wp-json\/wp\/v2\/tags?post=72645"},{"taxonomy":"yst_prominent_words","embeddable":true,"href":"https:\/\/www.ludwig-van.com\/montreal\/wp-json\/wp\/v2\/yst_prominent_words?post=72645"}],"curies":[{"name":"wp","href":"https:\/\/api.w.org\/{rel}","templated":true}]}}