{"id":72511,"date":"2022-09-02T11:46:01","date_gmt":"2022-09-02T15:46:01","guid":{"rendered":"https:\/\/www.ludwig-van.com\/montreal\/?p=72511"},"modified":"2022-09-02T11:48:11","modified_gmt":"2022-09-02T15:48:11","slug":"nouvelle-le-vivier-devoile-sa-programmation-pour-lautomne-2022","status":"publish","type":"post","link":"https:\/\/www.ludwig-van.com\/montreal\/2022\/09\/02\/nouvelle-le-vivier-devoile-sa-programmation-pour-lautomne-2022\/","title":{"rendered":"NOUVELLE | Le Vivier d\u00e9voile sa programmation pour l&rsquo;automne 2022"},"content":{"rendered":"<figure id=\"attachment_72521\" aria-describedby=\"caption-attachment-72521\" style=\"width: 1200px\" class=\"wp-caption alignnone\"><img decoding=\"async\" loading=\"lazy\" class=\"size-full wp-image-72521\" src=\"https:\/\/www.ludwig-van.com\/montreal\/wp-content\/uploads\/sites\/3\/2022\/09\/Copie-de-NOUVELLE-27.jpg\" alt=\"\" width=\"1200\" height=\"628\" \/><figcaption id=\"caption-attachment-72521\" class=\"wp-caption-text\">Backstage at Carnegie Hall fait partie de l&rsquo;automne 2022 au Vivier. (Photo: Andr\u00e9e Lauthier)<\/figcaption><\/figure>\n<h3><span style=\"color: #808080;\">Le Vivier d\u00e9voilait r\u00e9cemment sa programmation automnale, qui comprend 16 concert. Il s&rsquo;agit de la premi\u00e8re programmation du nouveau directeur artistique, Jeffrey Stonehouse. Elle mettra de l\u2019avant 47 \u0153uvres de compositeur\u00b7trice\u00b7s d\u2019ici et d\u2019ailleurs, dont 27 cr\u00e9ations, et 84 interpr\u00e8tes sur sc\u00e8ne.\u00a0<\/span><\/h3>\n<p>Important centre de diffusion des musiques nouvelles,<strong>\u00a0Le Vivier<\/strong> propose pour cet automne une programmation \u00e9clectique \u00e0 laquelle contribueront plusieurs ensembles et collaborateurs. Tour d&rsquo;horizon.<\/p>\n<p>&nbsp;<\/p>\n<figure id=\"attachment_72517\" aria-describedby=\"caption-attachment-72517\" style=\"width: 1200px\" class=\"wp-caption alignnone\"><img decoding=\"async\" loading=\"lazy\" class=\"size-full wp-image-72517\" src=\"https:\/\/www.ludwig-van.com\/montreal\/wp-content\/uploads\/sites\/3\/2022\/09\/alla-zagaykevych_photo.jpg\" alt=\"Alla Zagaykevych, compositrice ukrainienne. (Photo: courtoisie du Vivier)\" width=\"1200\" height=\"800\" \/><figcaption id=\"caption-attachment-72517\" class=\"wp-caption-text\">Alla Zagaykevych, compositrice ukrainienne. (Photo: courtoisie du Vivier)<\/figcaption><\/figure>\n<h3>Les moments forts de la saison &#8211; automne 2022<\/h3>\n<p>En octobre, <strong>Le Vivier<\/strong> accueillera la compositrice ukrainienne <strong>Alla Zagaykevych<\/strong> pour une r\u00e9sidence artistique de quatre mois. Souvent inspir\u00e9es par la po\u00e9sie, les \u0153uvres de la compositrice m\u00e9langent subtilement la musique instrumentale et l\u2019\u00e9lectronique.<\/p>\n<p>Pendant son s\u00e9jour \u00e0 Montr\u00e9al, Alla verra ses \u0153uvres interpr\u00e9t\u00e9es par de nombreux membres du Vivier lors de son concert-portrait (16 octobre) et composera de nouvelles \u0153uvres pour deux grands ensembles de musique nouvelle de Montr\u00e9al : <strong>Le Nouvel Ensemble Moderne (NEM)<\/strong> et <strong>l&rsquo;Ensemble contemporain de Montr\u00e9al (ECM+). <\/strong><\/p>\n<p>Par cette initiative, les organisations membres du <strong>Vivier<\/strong> d\u00e9montrent leur solidarit\u00e9 avec les artistes ukrainiens durement touch\u00e9s par les r\u00e9cents \u00e9v\u00e9nements. <strong>Alla Zagaykevych<\/strong> sera la premi\u00e8re de deux commissaires invit\u00e9es cette saison. La seconde, une artiste \u00e9mergente tissant la musique avec l\u2019art performance, <strong>An-Laurence Higgins<\/strong>, entamera un processus de r\u00e9sidence en pr\u00e9paration de son concert pr\u00e9sent\u00e9 en f\u00e9vrier prochain.<\/p>\n<p>&nbsp;<\/p>\n<figure id=\"attachment_55313\" aria-describedby=\"caption-attachment-55313\" style=\"width: 1024px\" class=\"wp-caption aligncenter\"><img decoding=\"async\" loading=\"lazy\" class=\"wp-image-55313 size-full\" src=\"https:\/\/www.ludwig-van.com\/montreal\/wp-content\/uploads\/sites\/3\/2018\/07\/CM180709sel0755-17NicolasEllis.jpg\" alt=\"Nicolas Ellis au Concert gala du Concours de musique du Canada (Cr\u00e9dit : Antoine Saito)\" width=\"1024\" height=\"683\" srcset=\"https:\/\/www.ludwig-van.com\/montreal\/wp-content\/uploads\/sites\/3\/2018\/07\/CM180709sel0755-17NicolasEllis.jpg 1024w, https:\/\/www.ludwig-van.com\/montreal\/wp-content\/uploads\/sites\/3\/2018\/07\/CM180709sel0755-17NicolasEllis-300x200.jpg 300w, https:\/\/www.ludwig-van.com\/montreal\/wp-content\/uploads\/sites\/3\/2018\/07\/CM180709sel0755-17NicolasEllis-768x512.jpg 768w\" sizes=\"(max-width: 1024px) 100vw, 1024px\" \/><figcaption id=\"caption-attachment-55313\" class=\"wp-caption-text\">Nicolas Ellis (Cr\u00e9dit : Antoine Saito)<\/figcaption><\/figure>\n<p><strong>L\u2019Orchestre de l\u2019Agora<\/strong>, sous la direction de <strong>Nicolas Ellis<\/strong>, pr\u00e9sentera un concert avec deux repr\u00e9sentations (30 septembre et 1er octobre), consacr\u00e9 \u00e0 des \u0153uvres de compositrices et compositeurs de la rel\u00e8ve qu\u00e9b\u00e9coise : <strong>Laurence Jobidon, Symon Henry, Francis Battah<\/strong> et <strong>Alexandre David<\/strong>. Ces concerts viendront clore en beaut\u00e9 une semaine compl\u00e8te de conf\u00e9rences et d\u2019ateliers autour de la cr\u00e9ation.<\/p>\n<p>Les cr\u00e9atrices canadiennes seront \u00e0 l\u2019honneur dans une nouvelle s\u00e9rie du Vivier \u00e0 <strong>La Chapelle Sc\u00e8ne Contemporaine<\/strong>. Les musiques de cr\u00e9ation et <strong>Le Vivier<\/strong> feront ainsi leur retour sur les planches du th\u00e9\u00e2tre avec le <strong>Quatuor Bozzini<\/strong>. En avant-premi\u00e8re de repr\u00e9sentations au prestigieux Wigmore Hall \u00e0 Londres, le Quatuor nous transportera dans un programme d\u00e9di\u00e9 \u00e0 la musique de <strong>Cassandra Miller, Linda Catlin Smith, Tanya Tagaq et Gerald Barry (19 novembre).<\/strong><\/p>\n<p>&nbsp;<\/p>\n<figure id=\"attachment_72516\" aria-describedby=\"caption-attachment-72516\" style=\"width: 1200px\" class=\"wp-caption alignnone\"><img decoding=\"async\" loading=\"lazy\" class=\"size-full wp-image-72516\" src=\"https:\/\/www.ludwig-van.com\/montreal\/wp-content\/uploads\/sites\/3\/2022\/09\/Backstage-at-carnegie-hall.jpg\" alt=\"\" width=\"1200\" height=\"801\" \/><figcaption id=\"caption-attachment-72516\" class=\"wp-caption-text\">Sc\u00e8ne de Backstage at Carnegie Hall, op\u00e9ra de Tim Brady pr\u00e9sent\u00e9 au Th\u00e9\u00e2tre Centaur les 23 et 24 septembre (Photo: Andr\u00e9e Lauthier)<\/figcaption><\/figure>\n<h3>Op\u00e9ra contemporain<\/h3>\n<p>Trois \u0153uvres lyriques sont \u00e9galement au programme de cette saison.<\/p>\n<p>Dans l\u2019op\u00e9ra de chambre <em>Backstage at Carnegie Hall<\/em>, <strong>Tim Brady<\/strong> plongera le public dans la t\u00eate de <strong>Charlie Christian<\/strong>, pionnier de la guitare jazz, alors qu\u2019une peur panique s\u2019empare de lui dans les coulisses de son concert au Carnegie Hall en 1939 (23 et 24 septembre). Le t\u00e9nor <strong>Ruben Brutus<\/strong> et la soprano<strong> Fr\u00e9d\u00e9ricka Petit-Homme<\/strong> feront notamment partie de la distribution.<\/p>\n<p>Entre nous, th\u00e9\u00e2tre musical du compositeur <strong>Thierry Tidrow<\/strong> \u00e9crit sp\u00e9cifiquement pour <strong>Quasar &#8211; Quatuor de saxophones<\/strong>, est une sorte d\u2019enqu\u00eate anthropologique singuli\u00e8re combinant musique instrumentale et th\u00e9\u00e2tre de mani\u00e8re ludique (5 novembre). Dans une mise en sc\u00e8ne de <strong>Maxime Genois<\/strong> port\u00e9e par les com\u00e9dien\u00b7ne\u00b7s <strong>Tracy Marcelin, Marc B\u00e9land, Guillaume Laurin et Nicolas Dionne Simard.<\/strong><\/p>\n<p>Les tout-petits d\u00e9couvriront le monde chaleureux et onirique de <strong>Claude Vivier<\/strong> dans <em>Koperkus<\/em> du Duo AIRS et de la mezzo-soprano <strong>Marie-Annick B\u00e9liveau<\/strong>, librement inspir\u00e9 de l\u2019op\u00e9ra <em>Kopernikus<\/em> du compositeur qu\u00e9b\u00e9cois (21 novembre).<\/p>\n<p>&nbsp;<\/p>\n<figure id=\"attachment_72518\" aria-describedby=\"caption-attachment-72518\" style=\"width: 1200px\" class=\"wp-caption alignnone\"><img decoding=\"async\" loading=\"lazy\" class=\"size-full wp-image-72518\" src=\"https:\/\/www.ludwig-van.com\/montreal\/wp-content\/uploads\/sites\/3\/2022\/09\/TriOculaire-Credit-Huei-Lin.jpeg\" alt=\"TriOculaire (Photo: Huei Lin)\" width=\"1200\" height=\"675\" \/><figcaption id=\"caption-attachment-72518\" class=\"wp-caption-text\">TriOculaire (Photo: Huei Lin)<\/figcaption><\/figure>\n<h3>Son et image<\/h3>\n<p>Avec <em>Nacht<\/em>, <strong>Innovations en concert<\/strong> pr\u00e9sentera la cr\u00e9ation de <strong>Pierre-Luc Sen\u00e9cal<\/strong>, avec <strong>Isak Goldschneider<\/strong> au piano et <strong>Jean-Fran\u00e7ois Laporte<\/strong> \u00e0 la table de Babel et Palais de Mari de Morton Feldman, une pi\u00e8ce pour piano seul invitant \u00e0 l\u2019introspection et \u00e0 la d\u00e9licatesse. Le concert baignera dans les univers visuels des artistes <strong>Elysha Poirier<\/strong> et <strong>Tiffany Moore<\/strong> (15 octobre).<\/p>\n<p><strong>L\u2019Ensemble SuperMusique<\/strong> (PSM) se pr\u00eatera au jeu de la performeuse canadienne <strong>Laura Kavanaugh<\/strong>, de la clarinettiste d\u2019origine australienne <strong>Elizabeth Millar<\/strong> et de la doyenne de SuperMusique <strong>Danielle Palardy Roger<\/strong> dans un concert anim\u00e9 par des partitions graphiques et des consignes d\u2019improvisation (1er novembre).<\/p>\n<p>La compositrice de r\u00e9putation internationale <strong>Linda Bouchard<\/strong>, en compagnie des musicien\u00b7ne\u00b7s improvisateur\u00b7trice\u00b7s <strong>Lori Freedman, Fran\u00e7ois Houle et Charlotte Hug<\/strong> d\u00e9voilera les fruits de son projet <em>Structures vivantes<\/em>, utilisant la fine pointe de la technologie, une exp\u00e9rience o\u00f9 l&rsquo;improvisation est totale et o\u00f9 l\u2019image et le son se r\u00e9pondent en temps r\u00e9el gr\u00e2ce au logiciel Ocular Scores (27 novembre).<\/p>\n<h3>Instruments invent\u00e9s<\/h3>\n<p>D\u00e9couvrez les sonorit\u00e9s singuli\u00e8res de l\u2019orgue de sir\u00e8ne, instrument invent\u00e9 par <strong>Jean-Fran\u00e7ois Laporte<\/strong> de <strong>Totem Contemporain<\/strong>. <em>Inside your ears<\/em> proposera une exp\u00e9rience immersive inoubliable mettant en valeur des \u0153uvres de <strong>Benjamin Thigpen, Jean-Fran\u00e7ois Laporte<\/strong> et du compositeur, cin\u00e9aste et vid\u00e9aste <strong>Phil Niblock<\/strong> qui f\u00eate ses 89 ans en offrant en premi\u00e8re canadienne sa plus r\u00e9cente cr\u00e9ation (9 octobre).<\/p>\n<p>Dans <em>We Are for a While<\/em>, <strong>Architek Percussion<\/strong> nous plonge dans une fable moderne sur la th\u00e9matique du recyclage, o\u00f9 les interpr\u00e8tes donneront un second souffle \u00e0 des instruments bris\u00e9s, des musiques emprunt\u00e9es et des machines r\u00e9cup\u00e9r\u00e9es. Le Quatuor invite sur sc\u00e8ne \u00e0 cette occasion la britannique Vitalija Glovackyte, compositrice et id\u00e9atrice du projet (24 novembre).<\/p>\n<h3>Collaborations<\/h3>\n<p>En collaboration avec le <strong>Canadian Music Center<\/strong> de Toronto, et dans le cadre d\u2019une tourn\u00e9e pancanadienne du duo <strong>Daniel Janke<\/strong> (compositeur et pianiste install\u00e9 au Yukon) et <strong>Mark Fewer<\/strong> (violoniste terre-neuvien bas\u00e9 \u00e0 Toronto), Le Vivier pr\u00e9sentera Celestial Blue (8 octobre). Les deux artistes ont travaill\u00e9 ensemble sur de nombreux projets de concerts et de films au fil des ans.<em> Celestial Blue<\/em> est l&rsquo;aboutissement de leur d\u00e9sir d&rsquo;explorer cette connexion musicale \u00e0 travers une s\u00e9rie de duos qui repr\u00e9sentent leur voix collaborative unique, revisitant le folklore canadien.<\/p>\n<p><strong>Le Vivier<\/strong> se joindra ensuite au <strong>Festival Akousma<\/strong> pour pr\u00e9senter les trois finalistes de la premi\u00e8re \u00e9dition du Concours de musique multipiste immersive de Montr\u00e9al (nv concours-mini mention) devant public et jury pr\u00e9sid\u00e9 par <strong>Robert Normandeau<\/strong> (14 octobre). Lors du concert, les laur\u00e9ats spatialiseront leurs \u0153uvres sur l\u2019orchestre de haut-parleurs de la MMR de l\u2019<strong>\u00c9cole de musique Schulich.<\/strong><\/p>\n<p>Lors d\u2019une semaine de musique rafra\u00eechissante et d\u2019art sonore aux quatre coins du Qu\u00e9bec, <strong>Qu\u00e9bec Musiques Parall\u00e8les<\/strong> (QMP) fera un arr\u00eat au Vivier pour une soir\u00e9e de musiques \u00e9clat\u00e9es en compagnie du <strong>Quatuor Bozzini<\/strong> et du duo Moor-Kyriakides (16 octobre).<\/p>\n<h2><em>Inscrivez-vous \u00e0 notre infolettre! La musique classique et l&rsquo;op\u00e9ra en 5 minutes, chaque jour<\/em> \u00a0<span style=\"color: #ff0000;\"><a style=\"color: #ff0000;\" href=\"https:\/\/ludwig-van.us9.list-manage.com\/subscribe?u=4f785cb3f9058f2393ccad035&amp;id=b9b160c032\" target=\"_blank\" rel=\"noopener noreferrer\">ICI\u00a0<\/a><\/span><\/h2>\n","protected":false},"excerpt":{"rendered":"<p>Le Vivier d\u00e9voilait r\u00e9cemment sa programmation automnale, qui comprend 16 concert. Il s&rsquo;agit de la premi\u00e8re programmation du nouveau directeur artistique, Jeffrey Stonehouse. Elle mettra de l\u2019avant 47 \u0153uvres de compositeur\u00b7trice\u00b7s d\u2019ici et d\u2019ailleurs, dont 27 cr\u00e9ations, et 84 interpr\u00e8tes sur sc\u00e8ne.\u00a0<\/p>\n","protected":false},"author":1,"featured_media":72521,"comment_status":"open","ping_status":"open","sticky":false,"template":"","format":"standard","meta":{"om_disable_all_campaigns":false,"jetpack_post_was_ever_published":false},"categories":[42010,10956,10992],"tags":[42007,42047,16968,34096,40174,6035],"yst_prominent_words":[35485,7616,29659,9811,12010,11418,10188],"acf":[],"jetpack_featured_media_url":"https:\/\/www.ludwig-van.com\/montreal\/wp-content\/uploads\/sites\/3\/2022\/09\/Copie-de-NOUVELLE-27.jpg","jetpack_sharing_enabled":true,"jetpack_shortlink":"https:\/\/wp.me\/p9bdYt-iRx","amp_enabled":true,"_links":{"self":[{"href":"https:\/\/www.ludwig-van.com\/montreal\/wp-json\/wp\/v2\/posts\/72511"}],"collection":[{"href":"https:\/\/www.ludwig-van.com\/montreal\/wp-json\/wp\/v2\/posts"}],"about":[{"href":"https:\/\/www.ludwig-van.com\/montreal\/wp-json\/wp\/v2\/types\/post"}],"author":[{"embeddable":true,"href":"https:\/\/www.ludwig-van.com\/montreal\/wp-json\/wp\/v2\/users\/1"}],"replies":[{"embeddable":true,"href":"https:\/\/www.ludwig-van.com\/montreal\/wp-json\/wp\/v2\/comments?post=72511"}],"version-history":[{"count":7,"href":"https:\/\/www.ludwig-van.com\/montreal\/wp-json\/wp\/v2\/posts\/72511\/revisions"}],"predecessor-version":[{"id":72522,"href":"https:\/\/www.ludwig-van.com\/montreal\/wp-json\/wp\/v2\/posts\/72511\/revisions\/72522"}],"wp:featuredmedia":[{"embeddable":true,"href":"https:\/\/www.ludwig-van.com\/montreal\/wp-json\/wp\/v2\/media\/72521"}],"wp:attachment":[{"href":"https:\/\/www.ludwig-van.com\/montreal\/wp-json\/wp\/v2\/media?parent=72511"}],"wp:term":[{"taxonomy":"category","embeddable":true,"href":"https:\/\/www.ludwig-van.com\/montreal\/wp-json\/wp\/v2\/categories?post=72511"},{"taxonomy":"post_tag","embeddable":true,"href":"https:\/\/www.ludwig-van.com\/montreal\/wp-json\/wp\/v2\/tags?post=72511"},{"taxonomy":"yst_prominent_words","embeddable":true,"href":"https:\/\/www.ludwig-van.com\/montreal\/wp-json\/wp\/v2\/yst_prominent_words?post=72511"}],"curies":[{"name":"wp","href":"https:\/\/api.w.org\/{rel}","templated":true}]}}