{"id":72499,"date":"2022-09-02T08:58:10","date_gmt":"2022-09-02T12:58:10","guid":{"rendered":"https:\/\/www.ludwig-van.com\/montreal\/?p=72499"},"modified":"2022-09-02T08:58:10","modified_gmt":"2022-09-02T12:58:10","slug":"communaute-2","status":"publish","type":"post","link":"https:\/\/www.ludwig-van.com\/montreal\/2022\/09\/02\/communaute-2\/","title":{"rendered":"COMMUNAUT\u00c9 | collectif9 vous invite \u00e0 f\u00eater le lancement de Vagues et ombres"},"content":{"rendered":"<p>&nbsp;<\/p>\n<p style=\"text-align: center;\"><img decoding=\"async\" loading=\"lazy\" class=\"alignnone size-full wp-image-72504\" src=\"https:\/\/www.ludwig-van.com\/montreal\/wp-content\/uploads\/sites\/3\/2022\/09\/Vagues-et-ombres-cover.jpg\" alt=\"\" width=\"1200\" height=\"628\" \/><\/p>\n<p>&nbsp;<\/p>\n<h1 style=\"text-align: center;\"><del>Un message de collectif9<\/del><\/h1>\n<p>&nbsp;<\/p>\n<h2 style=\"text-align: center;\">COLLECTIF9 F\u00caTE LE LANCEMENT DE VAGUES ET OMBRES \u00c0 KIN EXPERIENCE<\/h2>\n<h2 style=\"text-align: center;\">LE LUNDI 12 SEPTEMBRE 2022<\/h2>\n<p>&nbsp;<\/p>\n<h4 style=\"text-align: center;\">L&rsquo;\u00e9v\u00e9nement comprendra une courte prestation des \u0153uvres de l&rsquo;album et une installation de th\u00e9\u00e2tre d&rsquo;ombres de Mere Phantoms.<\/h4>\n<p><strong>Montr\u00e9al, le 2 septembre 2022<\/strong> &#8211; Pour ouvrir sa saison 2022-23, l&rsquo;ensemble \u00e0 cordes <strong>collectif9<\/strong> pr\u00e9sente un \u00e9v\u00e9nement qui c\u00e9l\u00e8bre la sortie de son album <em><strong>Vagues et ombres<\/strong><\/em> le lundi 12 septembre \u00e0 17h30 \u00e0 KIN Exp\u00e9rience, \u00e0 Montr\u00e9al. L&rsquo;\u00e9v\u00e9nement comprendra une courte prestation des \u0153uvres de l&rsquo;album, pr\u00e9sent\u00e9es en concert pour la premi\u00e8re fois, ainsi qu&rsquo;une installation de th\u00e9\u00e2tre d&rsquo;ombres des artistes montr\u00e9alaises <strong>Mere Phantoms<\/strong>, dont le travail est photographi\u00e9 sur la couverture et dans le livret de l&rsquo;album et qui a \u00e9t\u00e9 pr\u00e9sent\u00e9 dans le film-concert du m\u00eame programme. Les musiciens de collectif9 ainsi que la compositrice <strong>Luna Pearl Woolf<\/strong> et les artistes de <strong>Mere Phantoms<\/strong> seront disponibles pour rencontrer le public avant et apr\u00e8s la performance.<\/p>\n<p>\u00ab Un disque captivant, \u00e0 la fois moderne et intemporel \u00bb (Le Soir), <em><strong>Vagues et ombres<\/strong><\/em> est sorti le 27 mai 2022 sous l\u2019\u00e9tiquette fran\u00e7aise <strong>Alpha Classics<\/strong>, et associe des \u0153uvres de Claude Debussy (arrang\u00e9es pour collectif9 par Thibault Bertin-Maghit) \u00e0 une cr\u00e9ation de <strong>Luna Pearl Woolf<\/strong>.<\/p>\n<p>L&rsquo;album comprend des r\u00e9interpr\u00e9tations de plusieurs \u0153uvres pour piano de Debussy ainsi que son \u0153uvre symphonique l&#8217;embl\u00e9matique, <em>La Mer<\/em>. \u00ab \u00c9vocation sonore du monde sous-marin des b\u00e9lugas dans l\u2019estuaire du fleuve Saint-Laurent \u00bb, <em>Contact<\/em> de Woolf adresse une situation urgente qui affecte actuellement notre \u00e9cosyst\u00e8me marin au Qu\u00e9bec.<\/p>\n<h3 style=\"text-align: center;\">COLLECTIF9 &#8211; LANCEMENT D\u2019ALBUM \/ VAGUES ET OMBRES<\/h3>\n<p>Lundi 12 septembre 2022<\/p>\n<p>KIN Exp\u00e9rience \/ 397A rue Ste-Catherine O, Montr\u00e9al<\/p>\n<p>Portes et bar \u00e0 17h30 \/ Musique \u00e0 18h15<\/p>\n<p>Billets 7$, ou 20$ avec CD, en vente sur <a href=\"https:\/\/lepointdevente.com\/billets\/veoalbum\" target=\"_blank\" rel=\"noopener\">lepointdevente.com\/billets\/veoalbum<\/a><\/p>\n<p>&nbsp;<\/p>\n<h3 style=\"text-align: center;\">PROGRAMME<\/h3>\n<p>Claude Debussy (1862-1918), arr. Thibault Bertin-Maghit &#8211; <em>Passepied<\/em><\/p>\n<p>Claude Debussy, arr. Bertin-Maghit &#8211; La Mer, I. <em>De l\u2019aube \u00e0 midi sur la mer<\/em><\/p>\n<p>Luna Pearl Woolf (n\u00e9e 1973) &#8211; <em>Contact<\/em><\/p>\n<p>Claude Debussy, arr. Bertin-Maghit &#8211; <em>Clair de lune<\/em><\/p>\n<p>&nbsp;<\/p>\n<figure id=\"attachment_68141\" aria-describedby=\"caption-attachment-68141\" style=\"width: 1200px\" class=\"wp-caption alignnone\"><img decoding=\"async\" loading=\"lazy\" class=\"size-full wp-image-68141\" src=\"https:\/\/www.ludwig-van.com\/montreal\/wp-content\/uploads\/sites\/3\/2021\/09\/collectif9-cr-DanyloBobyk-1200.jpg\" alt=\"collectif9 (Photo: Danylo Bobyk)\" width=\"1200\" height=\"800\" \/><figcaption id=\"caption-attachment-68141\" class=\"wp-caption-text\">collectif9 (Photo: Danylo Bobyk)<\/figcaption><\/figure>\n<p><strong>\u00c0 propos de collectif9<\/strong><\/p>\n<p>Reconnu pour sa programmation novatrice et pour ses arrangements uniques du r\u00e9pertoire classique, l\u2019ensemble \u00e0 cordes montr\u00e9alais <strong>collectif9<\/strong> joue \u00ab avec une \u00e9nergie contagieuse et une vigueur qui captive l\u2019attention du public \u00bb (The WholeNote). Depuis ses d\u00e9buts en 2011, <strong>collectif9<\/strong> a pr\u00e9sent\u00e9 de nombreux concerts \u00e0 travers l\u2019Am\u00e9rique du Nord, l\u2019Europe et l\u2019Asie. En tant qu&rsquo;interpr\u00e8te de musique classique et contemporaine, le groupe combine la puissance d\u2019un orchestre \u00e0 l\u2019agilit\u00e9 d\u2019un ensemble de musique de chambre. collectif9 op\u00e8re sur la pr\u00e9misse qu\u2019un changement de contexte peut influencer la communication et l\u2019exp\u00e9rience de la musique.<\/p>\n<p><strong>collectif9<\/strong> remercie les conseils des arts de Montr\u00e9al, du Qu\u00e9bec et du Canada et FACTOR pour leur soutien financier continu, ainsi que leur communaut\u00e9 locale et \u00e0 travers le pays gr\u00e2ce \u00e0 qui nos gouvernements font du soutien aux arts un investissement essentiel pour la qualit\u00e9 de nos existences.<\/p>\n<p>&nbsp;<\/p>\n<figure id=\"attachment_72502\" aria-describedby=\"caption-attachment-72502\" style=\"width: 574px\" class=\"wp-caption aligncenter\"><img decoding=\"async\" loading=\"lazy\" class=\"size-full wp-image-72502\" src=\"https:\/\/www.ludwig-van.com\/montreal\/wp-content\/uploads\/sites\/3\/2022\/09\/Luna-Pearl-Woolf-photo.jpg\" alt=\"Luna Pearl Woolf, compositrice. (Photo: courtoisie de collectif9)\" width=\"574\" height=\"849\" \/><figcaption id=\"caption-attachment-72502\" class=\"wp-caption-text\">Luna Pearl Woolf, compositrice. (Photo: courtoisie de collectif9)<\/figcaption><\/figure>\n<p><strong>\u00c0 propos de Luna Pearl Woolf<\/strong><\/p>\n<p>La compositrice canado-am\u00e9ricaine <strong>Luna Pearl Woolf<\/strong> utilise depuis longtemps sa voix cr\u00e9ative pour plaider en faveur d&rsquo;un changement social et politique. Particuli\u00e8rement reconnue dans le domaine de l&rsquo;op\u00e9ra, sa musique se caract\u00e9rise par son intention dramatique, particuli\u00e8rement attentive \u00e0 la capacit\u00e9 narrative de la musique. Son album-portrait <strong><em>Luna Pearl Woolf: Fire and Flood<\/em><\/strong>, nomm\u00e9 aux Grammy Awards 2021, embrasse plusieurs d\u00e9cennies de son travail et se penche sur des probl\u00e8mes pressants tels que le changement climatique, la pauvret\u00e9, le fanatisme, le racisme, les r\u00f4les li\u00e9s au genre et la peste, \u00e0 travers une musique aussi intens\u00e9ment \u00e9motionnelle que lyrique et complexe.<\/p>\n<p>Woolf a fond\u00e9 le label r\u00e9volutionnaire <strong>Oxingale Records<\/strong> avec <strong>Matt Haimovitz<\/strong> en 2000, et<strong> Oxingale Music<\/strong> en 2010. Sa musique peut \u00eatre entendue internationalement sur <strong>Pentatone Oxingale.<\/strong><\/p>\n<p><a href=\"https:\/\/lunapearlwoolf.com\/\" target=\"_blank\" rel=\"noopener\">lunapearlwoolf.com<\/a><\/p>\n<p>&nbsp;<\/p>\n<p><em>La publication de communiqu\u00e9s comme celui-ci est r\u00e9serv\u00e9e aux membres de Ludwig van Montr\u00e9al. Pour savoir comment devenir membres, contactez-nous \u00e0 caroline@ludwig-van.com\u00a0<\/em><\/p>\n<h2><em>Inscrivez-vous \u00e0 notre infolettre! La musique classique et l&rsquo;op\u00e9ra en 5 minutes, chaque jour<\/em> \u00a0<span style=\"color: #ff0000;\"><a style=\"color: #ff0000;\" href=\"https:\/\/ludwig-van.us9.list-manage.com\/subscribe?u=4f785cb3f9058f2393ccad035&amp;id=b9b160c032\" target=\"_blank\" rel=\"noopener noreferrer\">ICI\u00a0<\/a><\/span><\/h2>\n","protected":false},"excerpt":{"rendered":"<p>Montr\u00e9al, le 2 septembre 2022 &#8211; Pour ouvrir sa saison 2022-23, l&rsquo;ensemble \u00e0 cordes collectif9 pr\u00e9sente un \u00e9v\u00e9nement qui c\u00e9l\u00e8bre la sortie de son album Vagues et ombres le lundi 12 septembre \u00e0 17h30 \u00e0 KIN Exp\u00e9rience, \u00e0 Montr\u00e9al.<\/p>\n","protected":false},"author":1,"featured_media":72504,"comment_status":"open","ping_status":"open","sticky":false,"template":"","format":"standard","meta":{"om_disable_all_campaigns":false,"jetpack_post_was_ever_published":false},"categories":[42010,10956,13504],"tags":[42007,5969],"yst_prominent_words":[33746,13047,14514,23334,23322,23335],"acf":[],"jetpack_featured_media_url":"https:\/\/www.ludwig-van.com\/montreal\/wp-content\/uploads\/sites\/3\/2022\/09\/Vagues-et-ombres-cover.jpg","jetpack_sharing_enabled":true,"jetpack_shortlink":"https:\/\/wp.me\/p9bdYt-iRl","amp_enabled":true,"_links":{"self":[{"href":"https:\/\/www.ludwig-van.com\/montreal\/wp-json\/wp\/v2\/posts\/72499"}],"collection":[{"href":"https:\/\/www.ludwig-van.com\/montreal\/wp-json\/wp\/v2\/posts"}],"about":[{"href":"https:\/\/www.ludwig-van.com\/montreal\/wp-json\/wp\/v2\/types\/post"}],"author":[{"embeddable":true,"href":"https:\/\/www.ludwig-van.com\/montreal\/wp-json\/wp\/v2\/users\/1"}],"replies":[{"embeddable":true,"href":"https:\/\/www.ludwig-van.com\/montreal\/wp-json\/wp\/v2\/comments?post=72499"}],"version-history":[{"count":5,"href":"https:\/\/www.ludwig-van.com\/montreal\/wp-json\/wp\/v2\/posts\/72499\/revisions"}],"predecessor-version":[{"id":72506,"href":"https:\/\/www.ludwig-van.com\/montreal\/wp-json\/wp\/v2\/posts\/72499\/revisions\/72506"}],"wp:featuredmedia":[{"embeddable":true,"href":"https:\/\/www.ludwig-van.com\/montreal\/wp-json\/wp\/v2\/media\/72504"}],"wp:attachment":[{"href":"https:\/\/www.ludwig-van.com\/montreal\/wp-json\/wp\/v2\/media?parent=72499"}],"wp:term":[{"taxonomy":"category","embeddable":true,"href":"https:\/\/www.ludwig-van.com\/montreal\/wp-json\/wp\/v2\/categories?post=72499"},{"taxonomy":"post_tag","embeddable":true,"href":"https:\/\/www.ludwig-van.com\/montreal\/wp-json\/wp\/v2\/tags?post=72499"},{"taxonomy":"yst_prominent_words","embeddable":true,"href":"https:\/\/www.ludwig-van.com\/montreal\/wp-json\/wp\/v2\/yst_prominent_words?post=72499"}],"curies":[{"name":"wp","href":"https:\/\/api.w.org\/{rel}","templated":true}]}}