{"id":72452,"date":"2022-08-29T15:14:16","date_gmt":"2022-08-29T19:14:16","guid":{"rendered":"https:\/\/www.ludwig-van.com\/montreal\/?p=72452"},"modified":"2022-08-29T15:14:16","modified_gmt":"2022-08-29T19:14:16","slug":"nouvelle-une-semaine-de-musique-pour-laction-de-grace-a-cammac","status":"publish","type":"post","link":"https:\/\/www.ludwig-van.com\/montreal\/2022\/08\/29\/nouvelle-une-semaine-de-musique-pour-laction-de-grace-a-cammac\/","title":{"rendered":"NOUVELLE | Une semaine de musique pour l&rsquo;Action de gr\u00e2ce \u00e0 CAMMAC"},"content":{"rendered":"<figure id=\"attachment_72460\" aria-describedby=\"caption-attachment-72460\" style=\"width: 1200px\" class=\"wp-caption alignnone\"><img decoding=\"async\" loading=\"lazy\" class=\"size-full wp-image-72460\" src=\"https:\/\/www.ludwig-van.com\/montreal\/wp-content\/uploads\/sites\/3\/2022\/08\/CAMMAC-nouvelle-cr-Barbara-Stolt.jpg\" alt=\"Le Centre musical CAMMAC est situ\u00e9 \u00e0 Harrington, pr\u00e8s du LacMcDonald. (Photo: Barbara Stolt)\" width=\"1200\" height=\"628\" \/><figcaption id=\"caption-attachment-72460\" class=\"wp-caption-text\">Le Centre musical CAMMAC est situ\u00e9 \u00e0 Harrington, pr\u00e8s du LacMcDonald. (Photo: Barbara Stolt)<\/figcaption><\/figure>\n<h3><span style=\"color: #808080;\">Le Centre musical CAMMAC annonce une s\u00e9rie d&rsquo;activit\u00e9s pour la semaine et le weekend pr\u00e9c\u00e9dant l&rsquo;Action de gr\u00e2ce, du 3 au 10 octobre prochains.\u00a0<\/span><\/h3>\n<p>Des ateliers musicaux, de musique de chambre, de combos jazz, de madrigaux, de coaching vocal et bien d&rsquo;autres activit\u00e9s seront au menu.<\/p>\n<p>CAMMAC est un centre musical pour musiciens amateurs qui offre des programmes et des s\u00e9jours pour les adultes et les familles. Il est situ\u00e9 \u00e0 Harrington, pr\u00e8s du magnifique Lac MacDonald, \u00e0 environ 1h30 en voiture de Montr\u00e9al.<\/p>\n<p>Apr\u00e8s un \u00e9t\u00e9 bien occup\u00e9 avec huit semaines de camp et des concerts avec brunch le dimanche, CAMMAC pr\u00e9pare cette semaine automnale aux accents de baroque et de musique ancienne, o\u00f9 enseigneront des musiciens chevronn\u00e9s, comme <strong>Vincent Lauzer<\/strong>, <strong>Myriam LeBlanc<\/strong> (chant, coaching vocal, madrigaux), ou <strong>Julien LeBlanc<\/strong> (piano), entre autres.<\/p>\n<p>Peut-on aller \u00e0 CAMMAC si on n&rsquo;a jamais jou\u00e9 d&rsquo;un instrument?<\/p>\n<p>\u00ab\u00a0Oui, assure <strong>Guylaine Lemaire<\/strong>, directrice artistique. Nous offrons des cours pour d\u00e9butants. Tous les cours sont en groupe, et en plus de notre instrument, on participe \u00e0 d&rsquo;autres cours. On fait attention, dans notre horaire, d&rsquo;avoir des cours qui conviennent \u00e0 quelqu&rsquo;un qui a le profil d\u00e9butant. Par exemple, un d\u00e9butant en fl\u00fbte \u00e0 bec pourrait par exemple assister aux cours de madrigaux, car on croit que les gens peuvent s&rsquo;int\u00e9grer et apprendre des autres participants. Il y a aussi des cours d&rsquo;\u00e9coute active, que tous peuvent prendre, et des cours de percussions. S&rsquo;il y a des niveaux diff\u00e9rents, les d\u00e9butants pourront, par exemple, jouer des parties plus faciles. Et il y a aussi des cours de yoga, le matin et avant le souper.\u00a0\u00bb<\/p>\n<p>Les quatre premiers jours, du lundi 3 au jeudi 6 octobre, sont r\u00e9serv\u00e9s aux adultes, avec un horaire plus souple.<\/p>\n<p>\u00ab\u00a0L&rsquo;an dernier, comme on ouvrait pour la premi\u00e8re fois depuis la pand\u00e9mie, on savait que les gens avaient le go\u00fbt de revenir et que plusieurs sont en t\u00e9l\u00e9travail. Les gens qui veulent peuvent prendre seulement un ou deux cours et travailler une partie de la journ\u00e9e, et se joindre aux activit\u00e9s le soir.\u00a0\u00bb<\/p>\n<p>La fin de semaine de l&rsquo;Action de gr\u00e2ce, ouverte \u00e0 toute la famille, sera plus \u00e9clectique, avec, entre autres, une grande chorale dirig\u00e9e par <strong>Fran\u00e7ois Ouimet<\/strong>, chef de ch\u0153ur de l&rsquo;<strong>Orchestre M\u00e9tropolitain<\/strong>. Il y aura \u00e9galement, entre autres, un combo jazz. <strong>Vincent Lauzer<\/strong>, fl\u00fbtiste, est le codirecteur artistique de cette fin de semaine.<\/p>\n<p>\u00ab\u00a0\u00c0 l&rsquo;Action de gr\u00e2ce, on aime m\u00e9langer les styles car on sait que les gens viennent en famille et ne souhaitent pas n\u00e9cessairement une programmation aussi cibl\u00e9e\u00a0\u00bb, explique <strong>Guylaine Lemaire.\u00a0<\/strong><\/p>\n<p>Bien d&rsquo;autres activit\u00e9s sont au programme en plus des activit\u00e9s musicales. Le dimanche, un grand banquet sera suivi d&rsquo;un bal avec <strong>Marie-Nathalie Lacoursi\u00e8re<\/strong>, qui enseignera des pas de danses vari\u00e9s aux participants. Une randonn\u00e9e en montagne est \u00e9galement pr\u00e9vue.<\/p>\n<p><a href=\"https:\/\/cammac.ca\/laction-de-grace-2022-au-centre-musical-cammac\/\" target=\"_blank\" rel=\"noopener\">VOIR LES TARIFS ET FORFAITS<\/a><\/p>\n<h2><em>Inscrivez-vous \u00e0 notre infolettre! La musique classique et l&rsquo;op\u00e9ra en 5 minutes, chaque jour<\/em> \u00a0<span style=\"color: #ff0000;\"><a style=\"color: #ff0000;\" href=\"https:\/\/ludwig-van.us9.list-manage.com\/subscribe?u=4f785cb3f9058f2393ccad035&amp;id=b9b160c032\" target=\"_blank\" rel=\"noopener noreferrer\">ICI\u00a0<\/a><\/span><\/h2>\n","protected":false},"excerpt":{"rendered":"<p>Le Centre musical CAMMAC annonce une s\u00e9rie d&rsquo;activit\u00e9s pour la semaine et le weekend pr\u00e9c\u00e9dant l&rsquo;Action de gr\u00e2ce, du 3 au 10 octobre prochains.\u00a0<\/p>\n","protected":false},"author":51,"featured_media":72460,"comment_status":"open","ping_status":"open","sticky":false,"template":"","format":"standard","meta":{"om_disable_all_campaigns":false,"jetpack_post_was_ever_published":false},"categories":[42010,10956,10992],"tags":[42007,9607],"yst_prominent_words":[9944,13389,7034,13387,13392,10706,14127,13568,25891,13386,10066,6735,13393,9811,11316],"acf":[],"jetpack_featured_media_url":"https:\/\/www.ludwig-van.com\/montreal\/wp-content\/uploads\/sites\/3\/2022\/08\/CAMMAC-nouvelle-cr-Barbara-Stolt.jpg","jetpack_sharing_enabled":true,"jetpack_shortlink":"https:\/\/wp.me\/p9bdYt-iQA","amp_enabled":true,"_links":{"self":[{"href":"https:\/\/www.ludwig-van.com\/montreal\/wp-json\/wp\/v2\/posts\/72452"}],"collection":[{"href":"https:\/\/www.ludwig-van.com\/montreal\/wp-json\/wp\/v2\/posts"}],"about":[{"href":"https:\/\/www.ludwig-van.com\/montreal\/wp-json\/wp\/v2\/types\/post"}],"author":[{"embeddable":true,"href":"https:\/\/www.ludwig-van.com\/montreal\/wp-json\/wp\/v2\/users\/51"}],"replies":[{"embeddable":true,"href":"https:\/\/www.ludwig-van.com\/montreal\/wp-json\/wp\/v2\/comments?post=72452"}],"version-history":[{"count":6,"href":"https:\/\/www.ludwig-van.com\/montreal\/wp-json\/wp\/v2\/posts\/72452\/revisions"}],"predecessor-version":[{"id":72456,"href":"https:\/\/www.ludwig-van.com\/montreal\/wp-json\/wp\/v2\/posts\/72452\/revisions\/72456"}],"wp:featuredmedia":[{"embeddable":true,"href":"https:\/\/www.ludwig-van.com\/montreal\/wp-json\/wp\/v2\/media\/72460"}],"wp:attachment":[{"href":"https:\/\/www.ludwig-van.com\/montreal\/wp-json\/wp\/v2\/media?parent=72452"}],"wp:term":[{"taxonomy":"category","embeddable":true,"href":"https:\/\/www.ludwig-van.com\/montreal\/wp-json\/wp\/v2\/categories?post=72452"},{"taxonomy":"post_tag","embeddable":true,"href":"https:\/\/www.ludwig-van.com\/montreal\/wp-json\/wp\/v2\/tags?post=72452"},{"taxonomy":"yst_prominent_words","embeddable":true,"href":"https:\/\/www.ludwig-van.com\/montreal\/wp-json\/wp\/v2\/yst_prominent_words?post=72452"}],"curies":[{"name":"wp","href":"https:\/\/api.w.org\/{rel}","templated":true}]}}