{"id":72119,"date":"2022-08-25T12:24:29","date_gmt":"2022-08-25T16:24:29","guid":{"rendered":"https:\/\/www.ludwig-van.com\/montreal\/?p=72119"},"modified":"2022-08-25T16:14:20","modified_gmt":"2022-08-25T20:14:20","slug":"nouvelle-quatuor-molinari-25-ans-et-sept-concerts-en-2022-2023","status":"publish","type":"post","link":"https:\/\/www.ludwig-van.com\/montreal\/2022\/08\/25\/nouvelle-quatuor-molinari-25-ans-et-sept-concerts-en-2022-2023\/","title":{"rendered":"NOUVELLE | Quatuor Molinari: 25 ans et sept concerts en 2022-2023"},"content":{"rendered":"<figure id=\"attachment_72161\" aria-describedby=\"caption-attachment-72161\" style=\"width: 1200px\" class=\"wp-caption alignnone\"><img decoding=\"async\" loading=\"lazy\" class=\"size-full wp-image-72161\" src=\"https:\/\/www.ludwig-van.com\/montreal\/wp-content\/uploads\/sites\/3\/2022\/08\/Quatuor-Molinari-cr-John-Klepko-cover.jpg\" alt=\"Le Quatuor Molinari f\u00eate ses 25 ans cette ann\u00e9e. (Photo: John Klepko)\" width=\"1200\" height=\"628\" \/><figcaption id=\"caption-attachment-72161\" class=\"wp-caption-text\">Le Quatuor Molinari f\u00eate ses 25 ans cette ann\u00e9e. (Photo: John Klepko)<\/figcaption><\/figure>\n<h3><span style=\"color: #808080;\">Le Quatuor Molinari f\u00eate cette ann\u00e9e son 25e anniversaire. Pour la saison 2022-2023, d\u00e9voil\u00e9e hier, sept concerts seront pr\u00e9sent\u00e9s.<\/span><\/h3>\n<p>Depuis sa fondation en 1997, le <strong>Quatuor Molinari<\/strong> a produit 20 albums et jou\u00e9 plus de 300 \u0153uvres, parmi lesquelles il y a eu 123 pi\u00e8ces canadiennes, dont 75 qu\u00e9b\u00e9coises, 123 cr\u00e9ations et 79 commandes.<\/p>\n<p>Le <strong>Molinari<\/strong> a aussi organis\u00e9 huit \u00e9ditions de son Concours international de composition, qui connait un grand succ\u00e8s. Depuis le d\u00e9but, plus de 1000 partitions in\u00e9dites de 70 pays ont \u00e9t\u00e9 soumises au concours. L&rsquo;ensemble a \u00e9galement remport\u00e9 de nombreuses distinctions, dont 23 prix Opus.<\/p>\n<p>Il a notamment <a href=\"https:\/\/www.ludwig-van.com\/montreal\/2021\/10\/12\/r-murray-schafer-pour-la-musique-et-lamitie\/\" target=\"_blank\" rel=\"noopener\">collabor\u00e9 \u00e9troitement avec le compositeur canadien<\/a> <strong>Murray R. Schafer<\/strong>, d\u00e9c\u00e9d\u00e9 en ao\u00fbt 2021 et \u00e0 qui le Molinari, au fil des ans, a command\u00e9 cinq de ses treize quatuors \u00e0 cordes. Le 15 octobre dernier, le Molinari lui rendait d&rsquo;ailleurs hommage \u00e0 l&rsquo;occasion d&rsquo;un concert.<\/p>\n<p><strong>Olga Ranzenhofer<\/strong>, fondatrice et directrice artistique du Molinari, commente:<\/p>\n<p>\u00ab\u00a0Jamais je n&rsquo;aurais pens\u00e9 d\u00e9couvrir autant de chefs-d&rsquo;\u0153uvre lors de la cr\u00e9ation du Quatuor Molinari, dit-elle. La richesse du r\u00e9pertoire pour quatuor \u00e0 cordes est in\u00e9puisable.\u00a0\u00bb<\/p>\n<p>Les membres du Quatuor Molinari sont <strong>Olga Ranzenhofer<\/strong> (violon), <strong>Antoine Bareil<\/strong> (violon), <strong>Fr\u00e9d\u00e9ric Lambert<\/strong> (alto) et <strong>Pierre-Alain Bouvrette<\/strong> (violoncelle).<\/p>\n<h3>La saison 2022-2023 du Quatuor Molinari<\/h3>\n<p>\u00c0 Montr\u00e9al, deux s\u00e9ries seront pr\u00e9sent\u00e9es cette saison, soit la s\u00e9rie Vingti\u00e8me et plus, et la s\u00e9rie Concerts intimes. Les rencontres musicales Dialogues sur le Plateau se poursuivront.<\/p>\n<h4>S\u00e9rie Vingti\u00e8me et plus<\/h4>\n<p><strong>14 octobre<\/strong>: Concert anniversaire Les 25 ans du Molinari. Quatuors d&rsquo;Alfred Schnittke, de Gy\u00f6rgy Ligeti, <em>Six moments musicaux<\/em> op. 44 de Gy\u00f6rgy Kurt\u00e1g, et le Quatuor no 4 de Krzysztof Penderecki.<\/p>\n<p><strong>9 d\u00e9cembre<\/strong>: Exploration sonore. On soulignera le centenaire de Iannis Xenakis avec son \u0153uvre <em>Ergma<\/em>. Au m\u00eame programme: Hologramme Modal pour quatuor \u00e0 cordes et kam\u00e2nche, du compositeur iranien Showan Tavakol, qui interpr\u00e9tera aussi Oasis, de Franghiz Ali-Zadeh. On entendra finalement le Quatuor no 3 de B\u00e9la Bart\u00f3k.<\/p>\n<p><strong>17 f\u00e9vrier 2023<\/strong>: musique anglaise avec le quatuor no 2 de Britten, et Four Quarters, de Thomas Ad\u00e8s, ainsi que la cr\u00e9ation du 7e quatuor de Brian Cherney.<\/p>\n<p><strong>19 mai 2023<\/strong>: fid\u00e8le \u00e0 sa tradition de pr\u00e9senter de grandes int\u00e9grales de quatuors \u00e0 cordes, le Quatuor Molinari plongera dans l&rsquo;univers fascinant de l&rsquo;Italien Luciano Berio le vendredi 19 mai.<\/p>\n<p><strong>Toutes les repr\u00e9sentations de Vingti\u00e8me et plus auront lieu \u00e0 19h30 \u00e0 la salle de concert du Conservatoire de Montr\u00e9al (4750 Henri-Julien). Billets : 29,50$, 24,50$ et 12,50$.<\/strong><\/p>\n<p>Chaque concert sera pr\u00e9c\u00e9d\u00e9 par les rencontres gratuites <strong><em>Dialogues sur le Plateau<\/em><\/strong>, \u00e0 la Maison de la culture Plateau-Mont-Royal (465 Mont-Royal Est), le dimanche pr\u00e9c\u00e9dent \u00e0 14h. On y pr\u00e9sentera des analyses, des discussions et des extraits musicaux des \u0153uvres au programme de Vingti\u00e8me et plus.<\/p>\n<h4>S\u00e9rie Concerts intimes<\/h4>\n<p>La s\u00e9rie Concerts intimes offrira trois rencontres.<\/p>\n<p><strong>18 septembre 2022<\/strong>: Musique bleue. Oeuvres de Nicolas Gilbert, John Rea, Jacques H\u00e9tu, Brian Cherney, Krzysztof Penderecki.<\/p>\n<p><strong>27 novembre 2022:<\/strong> \u0152uvres de Franghiz Ali-Zadeh, George Crumb, Krzysztof Penderecki, Giacinto Scelsi et Showan Tavakol.<\/p>\n<p><strong>18 d\u00e9cembre 2022<\/strong>: le <strong>Quatuor Molinari<\/strong> et le hautbo\u00efste <strong>Vincent Boilard <\/strong>joueront des quintettes pour hautbois et quatuor de Brian Cherney, Stuart Grant et Elizabeth Raum.<\/p>\n<p>Ces concerts intimes seront donn\u00e9s \u00e0 la Fondation Guido-Molinari (3288 Sainte-Catherine Est) dans un environnement intimiste rempli d&rsquo;oeuvres d&rsquo;art pour un public limit\u00e9 \u00e0 30 personnes.<\/p>\n<h3>\u00c9v\u00e9nement-b\u00e9n\u00e9fice<\/h3>\n<p>Cette saison 2022-2023 sera lanc\u00e9e par un \u00e9v\u00e9nement-b\u00e9n\u00e9fice qui aura lieu le <strong>mardi 20 septembre,<\/strong> \u00e0 18 h, \u00e0 la Fondation Guido-Molinari. Cocktail d\u00eenatoire, concert et encan silencieux seront au menu.<\/p>\n<p><a href=\"https:\/\/quatuormolinari.qc.ca\/\" target=\"_blank\" rel=\"noopener\">D\u00c9TAILS ET BILLETS<\/a><\/p>\n<h2><em>Inscrivez-vous \u00e0 notre infolettre! La musique classique et l&rsquo;op\u00e9ra en 5 minutes, chaque jour<\/em> \u00a0<span style=\"color: #ff0000;\"><a style=\"color: #ff0000;\" href=\"https:\/\/ludwig-van.us9.list-manage.com\/subscribe?u=4f785cb3f9058f2393ccad035&amp;id=b9b160c032\" target=\"_blank\" rel=\"noopener noreferrer\">ICI\u00a0<\/a><\/span><\/h2>\n","protected":false},"excerpt":{"rendered":"<p>Le Quatuor Molinari f\u00eate cette ann\u00e9e son 25e anniversaire. Pour la saison 2022-2023, d\u00e9voil\u00e9e hier, sept concerts seront pr\u00e9sent\u00e9s.<\/p>\n","protected":false},"author":51,"featured_media":72161,"comment_status":"open","ping_status":"open","sticky":false,"template":"","format":"standard","meta":{"om_disable_all_campaigns":false,"jetpack_post_was_ever_published":false},"categories":[42010,10956,10992],"tags":[42007,6235],"yst_prominent_words":[12798,11626,40250,38657,12446,13019,9999,10015,12445,13514,17402,24400],"acf":[],"jetpack_featured_media_url":"https:\/\/www.ludwig-van.com\/montreal\/wp-content\/uploads\/sites\/3\/2022\/08\/Quatuor-Molinari-cr-John-Klepko-cover.jpg","jetpack_sharing_enabled":true,"jetpack_shortlink":"https:\/\/wp.me\/p9bdYt-iLd","amp_enabled":true,"_links":{"self":[{"href":"https:\/\/www.ludwig-van.com\/montreal\/wp-json\/wp\/v2\/posts\/72119"}],"collection":[{"href":"https:\/\/www.ludwig-van.com\/montreal\/wp-json\/wp\/v2\/posts"}],"about":[{"href":"https:\/\/www.ludwig-van.com\/montreal\/wp-json\/wp\/v2\/types\/post"}],"author":[{"embeddable":true,"href":"https:\/\/www.ludwig-van.com\/montreal\/wp-json\/wp\/v2\/users\/51"}],"replies":[{"embeddable":true,"href":"https:\/\/www.ludwig-van.com\/montreal\/wp-json\/wp\/v2\/comments?post=72119"}],"version-history":[{"count":8,"href":"https:\/\/www.ludwig-van.com\/montreal\/wp-json\/wp\/v2\/posts\/72119\/revisions"}],"predecessor-version":[{"id":72189,"href":"https:\/\/www.ludwig-van.com\/montreal\/wp-json\/wp\/v2\/posts\/72119\/revisions\/72189"}],"wp:featuredmedia":[{"embeddable":true,"href":"https:\/\/www.ludwig-van.com\/montreal\/wp-json\/wp\/v2\/media\/72161"}],"wp:attachment":[{"href":"https:\/\/www.ludwig-van.com\/montreal\/wp-json\/wp\/v2\/media?parent=72119"}],"wp:term":[{"taxonomy":"category","embeddable":true,"href":"https:\/\/www.ludwig-van.com\/montreal\/wp-json\/wp\/v2\/categories?post=72119"},{"taxonomy":"post_tag","embeddable":true,"href":"https:\/\/www.ludwig-van.com\/montreal\/wp-json\/wp\/v2\/tags?post=72119"},{"taxonomy":"yst_prominent_words","embeddable":true,"href":"https:\/\/www.ludwig-van.com\/montreal\/wp-json\/wp\/v2\/yst_prominent_words?post=72119"}],"curies":[{"name":"wp","href":"https:\/\/api.w.org\/{rel}","templated":true}]}}