{"id":72072,"date":"2022-08-18T14:46:38","date_gmt":"2022-08-18T18:46:38","guid":{"rendered":"https:\/\/www.ludwig-van.com\/montreal\/?p=72072"},"modified":"2022-08-18T14:47:31","modified_gmt":"2022-08-18T18:47:31","slug":"actualites-nouvelles-musique-connaitre-cette-semaine","status":"publish","type":"post","link":"https:\/\/www.ludwig-van.com\/montreal\/2022\/08\/18\/actualites-nouvelles-musique-connaitre-cette-semaine\/","title":{"rendered":"ACTUALIT\u00c9S\u00a0| Cinq nouvelles sur la musique \u00e0 conna\u00eetre cette semaine"},"content":{"rendered":"<h3 style=\"text-align: center;\"><img decoding=\"async\" loading=\"lazy\" class=\"alignnone size-full wp-image-72083\" src=\"https:\/\/www.ludwig-van.com\/montreal\/wp-content\/uploads\/sites\/3\/2022\/08\/ACTUS-18-AOUT-2022.jpg\" alt=\"\" width=\"1200\" height=\"628\" \/><\/h3>\n<h3>Du nouveau chez Ludwig Van<\/h3>\n<p>Vous l&rsquo;avez peut-\u00eatre d\u00e9j\u00e0 remarqu\u00e9: notre site s&rsquo;est refait une beaut\u00e9, avec un nouveau design plus \u00e9pur\u00e9 qui simplifie la navigation. Mais ce n&rsquo;est pas tout: nous avons lanc\u00e9 cette semaine un nouveau site et une nouvelle infolettre gratuite, tout simplement appel\u00e9s Ludwig Van, qui proposeront au cours des prochains mois des articles en anglais sur les nouvelles et les tendances en musique classique en mettant l&rsquo;accent sur l&rsquo;international. Vous pouvez d\u00e9j\u00e0 consulter <a href=\"https:\/\/www.ludwig-van.com\/main\/\" target=\"_blank\" rel=\"noopener\">la premi\u00e8re \u00e9dition ici.<\/a><\/p>\n<p>&nbsp;<\/p>\n<figure id=\"attachment_72077\" aria-describedby=\"caption-attachment-72077\" style=\"width: 2048px\" class=\"wp-caption alignnone\"><img decoding=\"async\" loading=\"lazy\" class=\"size-full wp-image-72077\" src=\"https:\/\/www.ludwig-van.com\/montreal\/wp-content\/uploads\/sites\/3\/2022\/08\/Rio-de-Janeiro-OSDL-Martine-Cardinal.jpg\" alt=\"L'int\u00e9rieur du Teatro Municipal Pra\u00e7a Floriano, \u00e0 Rio de Janeiro. (Photo: Martine Cardinal)\" width=\"2048\" height=\"1536\" \/><figcaption id=\"caption-attachment-72077\" class=\"wp-caption-text\">L&rsquo;int\u00e9rieur du Teatro Municipal Pra\u00e7a Floriano, \u00e0 Rio de Janeiro. (Photo: Martine Cardinal)<\/figcaption><\/figure>\n<h3>L&rsquo;Orchestre symphonique de Longueuil en Am\u00e9rique du Sud<\/h3>\n<p><strong>L&rsquo;Orchestre symphonique de Longueuil<\/strong> vient de terminer une tourn\u00e9e en Am\u00e9rique du Sud (Colombie et Br\u00e9sil) avec son chef, <strong>Alexandre Da Costa<\/strong>, et deux solistes invit\u00e9s: le pianiste<strong> Jean-Philippe Sylvestre<\/strong> et la soprano <strong>Sharon Azrieli<\/strong>. Il s&rsquo;agit d&rsquo;une premi\u00e8re tourn\u00e9e internationale dans l&rsquo;histoire de l&rsquo;OSDL, qui a donn\u00e9 cinq concerts, proposant son programme \u00ab\u00a0Stradivarius \u00e0 Vienne\u00a0\u00bb au public de Bogot\u00e1, Medell\u00edn, Porto Alegre, Rio de Janeiro et S\u00e3o Paulo.<\/p>\n<p>Toutes nos f\u00e9licitations pour cette premi\u00e8re!<\/p>\n<p>&nbsp;<\/p>\n<figure id=\"attachment_72079\" aria-describedby=\"caption-attachment-72079\" style=\"width: 2048px\" class=\"wp-caption alignnone\"><img decoding=\"async\" loading=\"lazy\" class=\"size-full wp-image-72079\" src=\"https:\/\/www.ludwig-van.com\/montreal\/wp-content\/uploads\/sites\/3\/2022\/08\/Henry-From-cr-Orford-Musique.jpg\" alt=\"Henry From, laur\u00e9at du Prix Orford Musique (Photo: courtoisie d'Orford Musique)\" width=\"2048\" height=\"2048\" \/><figcaption id=\"caption-attachment-72079\" class=\"wp-caption-text\">Henry From, laur\u00e9at du Prix Orford Musique (Photo: courtoisie d&rsquo;Orford Musique)<\/figcaption><\/figure>\n<h3>Prix Orford Musique<\/h3>\n<p>Les<strong> Prix Orford Musique<\/strong> ont \u00e9t\u00e9 remis au terme de la finale du 13 ao\u00fbt dernier. Les laur\u00e9ats sont:<\/p>\n<p>Henry From (piano): premier prix et prix Coup de coeur du public (total des deux: 15 000 $)<\/p>\n<p>Danielle Greene (violon): deuxi\u00e8me prix ( 5 000 $)<\/p>\n<p>Victoria Wong (piano): troisi\u00e8me prix ( 4 000 $)<\/p>\n<p>En plus des prix en argent, chaque gagnant se m\u00e9rite un s\u00e9jour \u00e0 l&rsquo;Acad\u00e9mie ou aux r\u00e9sidences artistiques d&rsquo;Orford Musique. Le jury \u00e9tait compos\u00e9 du chef d\u2019orchestre Marc David, du contrebassiste Joel Quarrington, du chef d\u2019orchestre et compositeur Airat Ichmouratov, ainsi que du pianiste Serhiy Salov.<\/p>\n<p>Toutes nos f\u00e9licitations aux laur\u00e9ats!<\/p>\n<p>&nbsp;<\/p>\n<p>&nbsp;<\/p>\n<figure id=\"attachment_48449\" aria-describedby=\"caption-attachment-48449\" style=\"width: 1024px\" class=\"wp-caption aligncenter\"><img decoding=\"async\" loading=\"lazy\" class=\"wp-image-48449 size-full\" src=\"https:\/\/www.ludwig-van.com\/montreal\/wp-content\/uploads\/sites\/3\/2017\/10\/Charles-Richard-Hamelin-et-la-musique-Russe.jpg\" alt=\"Charles Richard-Hamelin est l'invit\u00e9 de l'Orchestre symphonique de Laval cette semaine.\" width=\"1024\" height=\"576\" srcset=\"https:\/\/www.ludwig-van.com\/montreal\/wp-content\/uploads\/sites\/3\/2017\/10\/Charles-Richard-Hamelin-et-la-musique-Russe.jpg 1024w, https:\/\/www.ludwig-van.com\/montreal\/wp-content\/uploads\/sites\/3\/2017\/10\/Charles-Richard-Hamelin-et-la-musique-Russe-300x169.jpg 300w, https:\/\/www.ludwig-van.com\/montreal\/wp-content\/uploads\/sites\/3\/2017\/10\/Charles-Richard-Hamelin-et-la-musique-Russe-768x432.jpg 768w\" sizes=\"(max-width: 1024px) 100vw, 1024px\" \/><figcaption id=\"caption-attachment-48449\" class=\"wp-caption-text\">Charles Richard-Hamelin (Cr\u00e9dit: Elizabeth Delage)<\/figcaption><\/figure>\n<h3>F\u00eate de la musique de Tremblant: programmation<\/h3>\n<p>La <strong>F\u00eate de la musique de Tremblant<\/strong>, qui aura lieu cette ann\u00e9e du 2 au 5 septembre, a lanc\u00e9 cette semaine sa programmation. Pour cette 22e \u00e9dition, 35 concerts gratuits seront offerts.<\/p>\n<p>Les festivit\u00e9s seront lanc\u00e9es le vendredi 2 septembre \u00e0 20h par <strong>Charles Richard-Hamelin<\/strong> \u00e0 la Premi\u00e8re Sc\u00e8ne Mont-Tremblant. Il pr\u00e9sentera un r\u00e9cital Chopin, avec une s\u00e9lection de sonates, nocturnes et pr\u00e9ludes.<\/p>\n<p>En classique, la programmation comprendra aussi un r\u00e9cital de <strong>Luc Beaus\u00e9jour<\/strong> dans un programme original au piano solo. Le duo <strong>Stick &amp; Bow<\/strong> explorera les liens entre la musique classique et la musique populaire, de Chostakovitch \u00e0 Nina Simone en passant par Radiohead. <strong>Pallade Musica<\/strong> pr\u00e9sentera des \u0153uvres de Jean-S\u00e9bastien Bach en plein air alors que le guitariste <strong>Pascal Valois<\/strong> rassemblera des chefs-d\u2019\u0153uvre de guitare romantique,<\/p>\n<p>La soprano <strong>Myriam Leblanc<\/strong> et <strong>Sylvain Bergeron<\/strong> \u00e0 l\u2019archiluth pr\u00e9senteront un concert autour de la passion amoureuse et la fl\u00fbtiste <strong>Nadia Labrie<\/strong> interpr\u00e9tera des \u0153uvres du compositeur <strong>Claude Bolling<\/strong> accompagn\u00e9e du trio <strong>Emie R Roussel<\/strong> pour un mariage entre fl\u00fbte classique et trio jazz.<\/p>\n<p>Finalement, le dimanche 4 septembre \u00e0 20 h, le troisi\u00e8me grand concert de cette \u00e9dition verra <strong>Daniel B\u00e9langer<\/strong> dans un concert mariant la chanson francophone et la musique classique avec <strong>Ang\u00e8le Dubeau<\/strong> et la Piet\u00e0.<\/p>\n<p><a href=\"https:\/\/fetedelamusiquetremblant.com\/\" target=\"_blank\" rel=\"noopener\">PLUS DE D\u00c9TAILS<\/a><\/p>\n<p>&nbsp;<\/p>\n<p>&nbsp;<\/p>\n<figure id=\"attachment_72073\" aria-describedby=\"caption-attachment-72073\" style=\"width: 843px\" class=\"wp-caption alignnone\"><img decoding=\"async\" loading=\"lazy\" class=\"size-full wp-image-72073\" src=\"https:\/\/www.ludwig-van.com\/montreal\/wp-content\/uploads\/sites\/3\/2022\/08\/Oscar-Peterson.jpg\" alt=\"La pi\u00e8ce de monnaie d'Oscar Peterson a une valeur nominale de 20 $. (Photo: Monnaie royale canadienne)\" width=\"843\" height=\"646\" \/><figcaption id=\"caption-attachment-72073\" class=\"wp-caption-text\">La pi\u00e8ce de monnaie d&rsquo;Oscar Peterson a une valeur nominale de 20 $. (Photo: Monnaie royale canadienne)<\/figcaption><\/figure>\n<h3>Une pi\u00e8ce de monnaie pour Oscar Peterson<\/h3>\n<p>La <strong>Monnaie Royale canadienne<\/strong> a lanc\u00e9 cette semaine une <a href=\"https:\/\/www.mint.ca\/fr\/magasiner\/pieces\/2022\/piece-de-1-oz-en-argent-fin-hommage-a-oscar-peterson?rcmeid=Agency_Conversion_Society_Facebook_Instagram_Image_Conversion_NUMI__205296_Silver_OP_EN_8_22_EN\" target=\"_blank\" rel=\"noopener\">pi\u00e8ce de monnaie de collection<\/a> en hommage au pianiste <strong>Oscar Peterson<\/strong>. Faite d&rsquo;argent pur, la pi\u00e8ce d&rsquo;une valeur nominale de 20 $ a \u00e9t\u00e9 tir\u00e9e \u00e0 5000 exemplaires et elle est vendue 99, 95 $.<\/p>\n<p>N\u00e9 \u00e0 Montr\u00e9al dans la Petite-Bourgogne en 1925, <strong>Oscar Peterson<\/strong> a commenc\u00e9 par apprendre la trompette \u00e0 cinq ans, pour passer ensuite au piano en recevant d&rsquo;abord un enseignement classique par sa s\u0153ur, avant de se tourner vers le jazz et d&rsquo;en devenir une l\u00e9gende par son talent ph\u00e9nom\u00e9nal mais aussi, gr\u00e2ce \u00e0 un travail acharn\u00e9. Il est d\u00e9c\u00e9d\u00e9 en Ontario en 2007.<\/p>\n<h2><em>Inscrivez-vous \u00e0 notre infolettre! La musique classique et l&rsquo;op\u00e9ra en 5 minutes, chaque jour<\/em> \u00a0<span style=\"color: #ff0000;\"><a style=\"color: #ff0000;\" href=\"https:\/\/ludwig-van.us9.list-manage.com\/subscribe?u=4f785cb3f9058f2393ccad035&amp;id=b9b160c032\" target=\"_blank\" rel=\"noopener noreferrer\">ICI\u00a0<\/a><\/span><\/h2>\n","protected":false},"excerpt":{"rendered":"<p>L&rsquo;actualit\u00e9 en musique classique \u00e0 Montr\u00e9al, au Canada et dans le monde. Voici cinq nouvelles que vous devriez conna\u00eetre cette semaine. <\/p>\n","protected":false},"author":51,"featured_media":72083,"comment_status":"open","ping_status":"open","sticky":false,"template":"","format":"standard","meta":{"om_disable_all_campaigns":false,"jetpack_post_was_ever_published":false},"categories":[42010,10956,10992],"tags":[42007,1274,42049,14631,24269],"yst_prominent_words":[23146,10330,21500,33717,9808,14620,9788,9811,10167,21689,22105,21719,14623],"acf":[],"jetpack_featured_media_url":"https:\/\/www.ludwig-van.com\/montreal\/wp-content\/uploads\/sites\/3\/2022\/08\/ACTUS-18-AOUT-2022.jpg","jetpack_sharing_enabled":true,"jetpack_shortlink":"https:\/\/wp.me\/p9bdYt-iKs","amp_enabled":true,"_links":{"self":[{"href":"https:\/\/www.ludwig-van.com\/montreal\/wp-json\/wp\/v2\/posts\/72072"}],"collection":[{"href":"https:\/\/www.ludwig-van.com\/montreal\/wp-json\/wp\/v2\/posts"}],"about":[{"href":"https:\/\/www.ludwig-van.com\/montreal\/wp-json\/wp\/v2\/types\/post"}],"author":[{"embeddable":true,"href":"https:\/\/www.ludwig-van.com\/montreal\/wp-json\/wp\/v2\/users\/51"}],"replies":[{"embeddable":true,"href":"https:\/\/www.ludwig-van.com\/montreal\/wp-json\/wp\/v2\/comments?post=72072"}],"version-history":[{"count":8,"href":"https:\/\/www.ludwig-van.com\/montreal\/wp-json\/wp\/v2\/posts\/72072\/revisions"}],"predecessor-version":[{"id":72084,"href":"https:\/\/www.ludwig-van.com\/montreal\/wp-json\/wp\/v2\/posts\/72072\/revisions\/72084"}],"wp:featuredmedia":[{"embeddable":true,"href":"https:\/\/www.ludwig-van.com\/montreal\/wp-json\/wp\/v2\/media\/72083"}],"wp:attachment":[{"href":"https:\/\/www.ludwig-van.com\/montreal\/wp-json\/wp\/v2\/media?parent=72072"}],"wp:term":[{"taxonomy":"category","embeddable":true,"href":"https:\/\/www.ludwig-van.com\/montreal\/wp-json\/wp\/v2\/categories?post=72072"},{"taxonomy":"post_tag","embeddable":true,"href":"https:\/\/www.ludwig-van.com\/montreal\/wp-json\/wp\/v2\/tags?post=72072"},{"taxonomy":"yst_prominent_words","embeddable":true,"href":"https:\/\/www.ludwig-van.com\/montreal\/wp-json\/wp\/v2\/yst_prominent_words?post=72072"}],"curies":[{"name":"wp","href":"https:\/\/api.w.org\/{rel}","templated":true}]}}