{"id":71997,"date":"2022-08-11T14:26:23","date_gmt":"2022-08-11T18:26:23","guid":{"rendered":"https:\/\/www.ludwig-van.com\/montreal\/?p=71997"},"modified":"2022-08-11T14:26:23","modified_gmt":"2022-08-11T18:26:23","slug":"communaute-invitation-paris-1900-au-son-de-lorgue","status":"publish","type":"post","link":"https:\/\/www.ludwig-van.com\/montreal\/2022\/08\/11\/communaute-invitation-paris-1900-au-son-de-lorgue\/","title":{"rendered":"COMMUNAUT\u00c9 | Invitation: Paris 1900 au son de l&rsquo;orgue"},"content":{"rendered":"<figure id=\"attachment_68780\" aria-describedby=\"caption-attachment-68780\" style=\"width: 1200px\" class=\"wp-caption alignnone\"><img decoding=\"async\" loading=\"lazy\" class=\"size-full wp-image-68780\" src=\"https:\/\/www.ludwig-van.com\/montreal\/wp-content\/uploads\/sites\/3\/2021\/11\/TSNJ-cover.jpg\" alt=\"\" width=\"1200\" height=\"628\" \/><figcaption id=\"caption-attachment-68780\" class=\"wp-caption-text\">Orgue du Tr\u00e8s-Saint-nom-de-J\u00e9sus (Photo: Fr\u00e9d\u00e9ric Pichette)<\/figcaption><\/figure>\n<p>&nbsp;<\/p>\n<h1 style=\"text-align: center;\"><del>Un message de la Soci\u00e9t\u00e9 des orgues de Maisonneuve<\/del><\/h1>\n<p>&nbsp;<\/p>\n<p>&nbsp;<\/p>\n<h2 style=\"text-align: center;\"><strong>Paris 1900 au son de l\u2019orgue<\/strong><\/h2>\n<p>Le dimanche 21 ao\u00fbt, la <strong>Soci\u00e9t\u00e9 des orgues de Maisonneuve<\/strong> pr\u00e9sente l\u2019organiste <strong>Rapha\u00ebl Ashby<\/strong> dans des \u0153uvres de Guilmant, Bonnet, Widor et Debussy, tous des compositeurs actifs \u00e0 Paris au tournant des ann\u00e9es 1900. Datant de 1916, l\u2019orgue Casavant de l\u2019\u00e9glise du <strong>Tr\u00e8s-Saint-Nom-de-J\u00e9sus<\/strong> est tout indiqu\u00e9 pour mettre en valeur ce r\u00e9pertoire.<\/p>\n<p><strong>Rapha\u00ebl Ashby<\/strong> est originaire d\u2019East-Angus dans les Cantons-de-l\u2019Est, au Qu\u00e9bec. Dot\u00e9 d\u2019une formation vari\u00e9e en sciences humaines et en musique, il est pr\u00e9sentement inscrit au doctorat \u00e0 la Schulich School of Music de l\u2019Universit\u00e9 McGill.<\/p>\n<p>Rapha\u00ebl s\u2019est produit au Canada et aux \u00c9tats-Unis sur des orgues prestigieux, tels ceux de l\u2019Oratoire Saint-Joseph \u00e0 Montr\u00e9al, du Sanctuaire du Cap-de-la-Madeleine et de l\u2019\u00e9glise du Tr\u00e8s-Saint-Rosaire \u00e0 Syracuse (NY). Il fait partie du conseil d\u2019administration des Amis de l\u2019Orgue de Montr\u00e9al et de la Soci\u00e9t\u00e9 des orgues de Maisonneuve.<\/p>\n<p>Le r\u00e9cital d\u00e9bute \u00e0 15 h. L\u2019entr\u00e9e est libre et une contribution volontaire est sugg\u00e9r\u00e9e.<br \/>\nL\u2019\u00e9glise se trouve au 4315, rue Adam, m\u00e9tro Pie IX et autobus 139.<\/p>\n<p><em>La publication de communiqu\u00e9s comme celui-ci est r\u00e9serv\u00e9e aux membres de Ludwig van Montr\u00e9al. Pour savoir comment devenir membres, contactez-nous \u00e0 caroline@ludwig-van.com\u00a0<\/em><\/p>\n","protected":false},"excerpt":{"rendered":"<p>Le dimanche 21 ao\u00fbt, la Soci\u00e9t\u00e9 des orgues de Maisonneuve pr\u00e9sente l\u2019organiste Rapha\u00ebl Ashby dans des \u0153uvres de Guilmant, Bonnet, Widor et Debussy, tous des compositeurs actifs \u00e0 Paris au tournant des ann\u00e9es 1900.<\/p>\n","protected":false},"author":1,"featured_media":0,"comment_status":"open","ping_status":"open","sticky":false,"template":"","format":"standard","meta":{"om_disable_all_campaigns":false,"jetpack_post_was_ever_published":false},"categories":[42010,10956,13504],"tags":[],"yst_prominent_words":[38128,14082,11254,36131,13083,7694,20926,36580,7560,27899,11028,36579,36578,36130],"acf":[],"jetpack_featured_media_url":"","jetpack_sharing_enabled":true,"jetpack_shortlink":"https:\/\/wp.me\/p9bdYt-iJf","amp_enabled":true,"_links":{"self":[{"href":"https:\/\/www.ludwig-van.com\/montreal\/wp-json\/wp\/v2\/posts\/71997"}],"collection":[{"href":"https:\/\/www.ludwig-van.com\/montreal\/wp-json\/wp\/v2\/posts"}],"about":[{"href":"https:\/\/www.ludwig-van.com\/montreal\/wp-json\/wp\/v2\/types\/post"}],"author":[{"embeddable":true,"href":"https:\/\/www.ludwig-van.com\/montreal\/wp-json\/wp\/v2\/users\/1"}],"replies":[{"embeddable":true,"href":"https:\/\/www.ludwig-van.com\/montreal\/wp-json\/wp\/v2\/comments?post=71997"}],"version-history":[{"count":2,"href":"https:\/\/www.ludwig-van.com\/montreal\/wp-json\/wp\/v2\/posts\/71997\/revisions"}],"predecessor-version":[{"id":71999,"href":"https:\/\/www.ludwig-van.com\/montreal\/wp-json\/wp\/v2\/posts\/71997\/revisions\/71999"}],"wp:attachment":[{"href":"https:\/\/www.ludwig-van.com\/montreal\/wp-json\/wp\/v2\/media?parent=71997"}],"wp:term":[{"taxonomy":"category","embeddable":true,"href":"https:\/\/www.ludwig-van.com\/montreal\/wp-json\/wp\/v2\/categories?post=71997"},{"taxonomy":"post_tag","embeddable":true,"href":"https:\/\/www.ludwig-van.com\/montreal\/wp-json\/wp\/v2\/tags?post=71997"},{"taxonomy":"yst_prominent_words","embeddable":true,"href":"https:\/\/www.ludwig-van.com\/montreal\/wp-json\/wp\/v2\/yst_prominent_words?post=71997"}],"curies":[{"name":"wp","href":"https:\/\/api.w.org\/{rel}","templated":true}]}}