{"id":71981,"date":"2022-08-11T08:34:19","date_gmt":"2022-08-11T12:34:19","guid":{"rendered":"https:\/\/www.ludwig-van.com\/montreal\/?p=71981"},"modified":"2022-08-11T10:32:14","modified_gmt":"2022-08-11T14:32:14","slug":"compte-rendu-losm-au-parc-olympique-une-soiree-memorable-qui-sort-des-sentiers-battus","status":"publish","type":"post","link":"https:\/\/www.ludwig-van.com\/montreal\/2022\/08\/11\/compte-rendu-losm-au-parc-olympique-une-soiree-memorable-qui-sort-des-sentiers-battus\/","title":{"rendered":"CRITIQUE\u00a0| L&rsquo;OSM au Parc olympique: une soir\u00e9e m\u00e9morable hors des sentiers battus"},"content":{"rendered":"<h3><span style=\"color: #808080;\">Critique du concert de l&rsquo;Orchestre symphonique de Montr\u00e9al au Parc olympique<\/span><\/h3>\n<figure id=\"attachment_71984\" aria-describedby=\"caption-attachment-71984\" style=\"width: 1200px\" class=\"wp-caption alignnone\"><img decoding=\"async\" loading=\"lazy\" class=\"size-full wp-image-71984\" src=\"https:\/\/www.ludwig-van.com\/montreal\/wp-content\/uploads\/sites\/3\/2022\/08\/OSM-Rafael-Payare-cr-Antoine-Saito-cover.jpg\" alt=\"Rafael Payare a dirig\u00e9 l'OSM au Parc olympique, le 10 ao\u00fbt 2022. (Photo: Antoine Saito)\" width=\"1200\" height=\"628\" \/><figcaption id=\"caption-attachment-71984\" class=\"wp-caption-text\">Rafael Payare a dirig\u00e9 l&rsquo;OSM au Parc olympique, le 10 ao\u00fbt 2022. (Photo: Antoine Saito)<\/figcaption><\/figure>\n<h3><span style=\"color: #808080;\">Le traditionnel concert annuel de l&rsquo;Orchestre symphonique de Montr\u00e9al \u00e0 l&rsquo;Esplanade du Parc olympique se d\u00e9roulait sous le th\u00e8me des Am\u00e9riques, hier soir, 10 ao\u00fbt, dans une ambiance festive, en toute simplicit\u00e9 avec un programme qui a su nous amener ailleurs.<\/span><\/h3>\n<p>Dans le pass\u00e9, il y a eu un peu de tout avec l&rsquo;<strong>OSM au Parc olympique<\/strong>: du <a href=\"https:\/\/www.lapresse.ca\/arts\/musique\/musique-classique\/201208\/10\/01-4563904-losm-au-parc-olympique-memorable.php\" target=\"_blank\" rel=\"noopener\">tambour japonais<\/a> (ta\u00efko), <a href=\"https:\/\/www.lapresse.ca\/arts\/musique\/musique-classique\/201308\/15\/01-4680032-osm-foule-record-au-parc-olympique.php\" target=\"_blank\" rel=\"noopener\"><em>Rhapsody in Blue<\/em> avec dix pianistes<\/a> et <em>Let it Be<\/em> chant\u00e9 par la foule avec <strong>Marc Hervieux<\/strong>, un hommage aux victimes d&rsquo;Hiroshima, un ch\u0153ur monumental pour <a href=\"https:\/\/www.lapresse.ca\/arts\/musique\/musique-classique\/201408\/15\/01-4791944-losm-au-parc-olympique-un-concert-epique.php\" target=\"_blank\" rel=\"noopener\"><em>Carmina Burana<\/em><\/a>, <a href=\"https:\/\/www.lapresse.ca\/arts\/spectacles-et-theatre\/critiques-de-spectacles\/201608\/11\/01-5009440-losm-au-parc-olympique-emotions-olympiques.php\" target=\"_blank\" rel=\"noopener\"><em>Les Plan\u00e8tes<\/em> de Holst<\/a> avec des acrobates et des athl\u00e8tes en souvenir des J.O de 1976, une <a href=\"https:\/\/www.lapresse.ca\/arts\/musique\/musique-classique\/201508\/06\/01-4890778-losm-au-parc-olympique-foule-monstre-pour-carmen.php\" target=\"_blank\" rel=\"noopener\">version concert de <em>Carmen<\/em><\/a>, le <a href=\"https:\/\/www.ludwig-van.com\/montreal\/2019\/08\/08\/critique-losm-au-parc-olympique-un-requiem-au-crepuscule\/\" target=\"_blank\" rel=\"noopener\">Requiem de Verdi<\/a> et j&rsquo;en passe. Au cours des neuf derni\u00e8res ann\u00e9es, j&rsquo;ai assist\u00e9 huit fois \u00e0 cet \u00e9v\u00e9nement et chaque fois, l&rsquo;ambiance \u00e9tait diff\u00e9rente, selon la temp\u00e9rature, la foule et les \u0153uvres choisies.<\/p>\n<p>Hier soir, le ciel \u00e9tait d\u00e9gag\u00e9, la temp\u00e9rature ti\u00e8de et agr\u00e9able. Un temps id\u00e9al. Nous n&rsquo;avons pas eu d&rsquo;\u00e9valuation de foule, mais des dizaines de milliers de personnes \u00e9taient au rendez-vous.<\/p>\n<p>Le th\u00e8me de la <strong>Vir\u00e9e classique 2022<\/strong> est celui des Am\u00e9riques, et les pi\u00e8ces au programme refl\u00e9taient ce parti-pris, de m\u00eame que les solistes invit\u00e9s. \u00c0 part une courte introduction de <strong>Magalie L\u00e9pine-Blondeau<\/strong>, rien n&rsquo;est venu interrompre la musique. <strong>Rafael Payare<\/strong> n&rsquo;est pas le genre \u00e0 expliquer la musique ni \u00e0 justifier ses choix au micro. De toute fa\u00e7on, avec un programme charg\u00e9 totalisant environ 1h30 de musique, on n&rsquo;a pas le temps pour les discours. Tant mieux.<\/p>\n<p>Le tout commence avec un extrait de la Symphonie no 9 de Dvorak \u00ab\u00a0Nouveau Monde\u00a0\u00bb, que l&rsquo;OSM joue r\u00e9guli\u00e8rement et dont le nouveau directeur artistique souligne les contrastes avec force. Tout de suite apr\u00e8s, la po\u00e9tesse innue <strong>Natasha Kanap\u00e9 Fontaine<\/strong> et le chanteur <strong>Jeremy Dutcher<\/strong>, membre de la Premi\u00e8re nation mal\u00e9cite de Tobique (Nouveau-Brunswick) arrivent sur sc\u00e8ne. <strong>Natasha Kanap\u00e9 Fontaine<\/strong> r\u00e9cite un court po\u00e8me qui rend hommage au territoire et parle de la nature, du fleuve et de la ta\u00efga, dans sa langue autochtone. Le texte est traduit sur les \u00e9crans g\u00e9ants. Un moment de calme et de recueillement qui fait contraste et nous interpelle.<\/p>\n<p>Je ne connaissais pas <strong>Jeremy Dutcher<\/strong>, et j&rsquo;ai \u00e9t\u00e9 fort impressionn\u00e9e par sa prestation, que je n&rsquo;oublierai jamais. Il chante <em>Mehcinut<\/em>, une magnifique pi\u00e8ce traditionnelle en langue wolastoq. C&rsquo;est une chanson qui prend au c\u0153ur par sa m\u00e9lodie et l&rsquo;ambiance qu&rsquo;elle cr\u00e9e, m\u00eame si on ne comprend pas les paroles. La voix du chanteur est unique, envo\u00fbtante. Des musiciens de l&rsquo;OSM l&rsquo;accompagnent discr\u00e8tement, notamment les violoncelles. Je suis tellement subjugu\u00e9e par sa pr\u00e9sence que j&rsquo;oublie de regarder l&rsquo;\u00e9cran pour conna\u00eetre la signification des mots. \u00c9mouvant et inoubliable.<\/p>\n<p>&nbsp;<\/p>\n<figure id=\"attachment_71987\" aria-describedby=\"caption-attachment-71987\" style=\"width: 1200px\" class=\"wp-caption alignnone\"><img decoding=\"async\" loading=\"lazy\" class=\"size-full wp-image-71987\" src=\"https:\/\/www.ludwig-van.com\/montreal\/wp-content\/uploads\/sites\/3\/2022\/08\/Pacho-Flores-OSM-cr-Antoine-Saito.jpeg\" alt=\"Pacho Flores, trompettiste, \u00e9tait l'invit\u00e9 de l'OSM au concert du Parc olympique, 10 ao\u00fbt 2022. (Photo: Antoine Saito)\" width=\"1200\" height=\"800\" \/><figcaption id=\"caption-attachment-71987\" class=\"wp-caption-text\">Pacho Flores, trompettiste, \u00e9tait l&rsquo;invit\u00e9 de l&rsquo;OSM au concert du Parc olympique, 10 ao\u00fbt 2022. (Photo: Antoine Saito)<\/figcaption><\/figure>\n<h3>Concerto venezolano<\/h3>\n<p>Le moment qui va suivre est tout aussi marquant: le <em>Concerto venezolano<\/em>\u00a0pour trompette et orchestre du compositeur cubain Paquito D&rsquo;Rivera, avec le trompettiste v\u00e9n\u00e9zu\u00e9lien <strong>Pacho Flores<\/strong>, qui l&rsquo;interpr\u00e8te sur pas moins de quatre instruments. Tout un virtuose! Il est aussi accompagn\u00e9 d&rsquo;un joueur de cuatro (petite guitare) <strong>H\u00e9ctor Molina<\/strong>, dont le solo lui vaudra des acclamations de la foule.<\/p>\n<p>Assez long, le concerto de D&rsquo;Rivera est complexe et semble monstrueusement difficile, mais <strong>Pacho Flores<\/strong> est un trompettiste exceptionnel. M\u00e9lange d&rsquo;influences jazz et latino avec des moments tendres et d&rsquo;autres plus endiabl\u00e9s, c&rsquo;est un \u00e9norme succ\u00e8s et le temps fort du concert. Dans la foule, un spectateur assis dans les premi\u00e8res rang\u00e9es brandit un drapeau du Venezuela, et <strong>Rafael Payare<\/strong> le salue de la main lors des applaudissements.<\/p>\n<p>La suite <em>West Side Story<\/em> est un excellent choix pour cette soir\u00e9e am\u00e9ricaine et le concert aurait pu s&rsquo;arr\u00eater l\u00e0. <strong>Rafael Payare<\/strong>, en pleine forme, semble bien s&rsquo;amuser. On allonge toutefois le programme en pr\u00e9sentant <em>Honey and Rue \u00ab\u00a0The Town is lit\u00a0\u00bb<\/em> d&rsquo;Andr\u00e9 Pr\u00e9vin, avec la charismatique soprano de Trinit\u00e9-et-Tobago <strong>Jeanine de Bique<\/strong>, qui sera \u00e9galement en r\u00e9cital demain \u00e0 la <strong>Vir\u00e9e classique<\/strong>. Une chanteuse spectaculaire \u00e0 la voix puissante et expressive, un peu per\u00e7ante dans les aigus.<\/p>\n<p>Pour conclure, on entendra une \u0153uvre fort int\u00e9ressante d&rsquo;un compositeur que j&rsquo;avoue d\u00e9couvrir gr\u00e2ce \u00e0 ce concert: <em>Santa Cruz de Pacairigua<\/em>, du v\u00e9n\u00e9zu\u00e9lien <strong>Evencio Castellanos<\/strong>. Atmosph\u00e8res changeantes, couleurs orchestrales rappelant par moments Gershwin, la pi\u00e8ce est une vaste fresque ou plut\u00f4t, une courtepointe d&rsquo;id\u00e9es assembl\u00e9es dans un tout coh\u00e9rent.<\/p>\n<p>En conclusion, ce deuxi\u00e8me concert dirig\u00e9 par <strong>Rafael Payare<\/strong> au Parc olympique sortait des sentiers battus en nous pr\u00e9sentant un programme o\u00f9 des nouveaut\u00e9s et des solistes aux origines vari\u00e9es nous ont amen\u00e9 un vent de fra\u00eecheur pour renouveler cette tradition ch\u00e8re \u00e0 nos c\u0153urs. On est ailleurs avec <strong>Rafael Payare<\/strong>, qui am\u00e8ne l&rsquo;OSM vers une modernit\u00e9 pertinente par ses choix artistiques audacieux, son style et sa philosophie.<\/p>\n<p><strong>La Vir\u00e9e classique<\/strong> se poursuit tout le weekend avec quelque 24 concerts d&rsquo;artistes d&rsquo;ici et d&rsquo;ailleurs, dans les diff\u00e9rentes salles de la Place des arts, ainsi que des \u00e9v\u00e9nements gratuits sur la rue Sainte-Catherine et au Complexe Desjardins. <a href=\"https:\/\/www.osm.ca\/fr\/viree-classique-2022\/\" target=\"_blank\" rel=\"noopener\">D\u00c9TAILS ET BILLETS<\/a><\/p>\n<h2><em>Inscrivez-vous \u00e0 notre infolettre! La musique classique et l&rsquo;op\u00e9ra en 5 minutes, chaque jour<\/em> \u00a0<span style=\"color: #ff0000;\"><a style=\"color: #ff0000;\" href=\"https:\/\/ludwig-van.us9.list-manage.com\/subscribe?u=4f785cb3f9058f2393ccad035&amp;id=b9b160c032\" target=\"_blank\" rel=\"noopener noreferrer\">ICI\u00a0<\/a><\/span><\/h2>\n","protected":false},"excerpt":{"rendered":"<p>Le traditionnel concert annuel de l&rsquo;Orchestre symphonique de Montr\u00e9al \u00e0 l&rsquo;Esplanade du Parc olympique se d\u00e9roulait sous le th\u00e8me des Am\u00e9riques, hier soir, 10 ao\u00fbt, dans une ambiance festive et en toute simplicit\u00e9 avec un programme qui a su nous amener ailleurs.<\/p>\n","protected":false},"author":51,"featured_media":71984,"comment_status":"open","ping_status":"open","sticky":false,"template":"","format":"standard","meta":{"om_disable_all_campaigns":false,"jetpack_post_was_ever_published":false},"categories":[42010,10956,52],"tags":[42007,4485,25411],"yst_prominent_words":[24116,14253,7202,9808,11092,18472,21693,25633,33286,11620,20367,9870,18156],"acf":[],"jetpack_featured_media_url":"https:\/\/www.ludwig-van.com\/montreal\/wp-content\/uploads\/sites\/3\/2022\/08\/OSM-Rafael-Payare-cr-Antoine-Saito-cover.jpg","jetpack_sharing_enabled":true,"jetpack_shortlink":"https:\/\/wp.me\/p9bdYt-iIZ","amp_enabled":true,"_links":{"self":[{"href":"https:\/\/www.ludwig-van.com\/montreal\/wp-json\/wp\/v2\/posts\/71981"}],"collection":[{"href":"https:\/\/www.ludwig-van.com\/montreal\/wp-json\/wp\/v2\/posts"}],"about":[{"href":"https:\/\/www.ludwig-van.com\/montreal\/wp-json\/wp\/v2\/types\/post"}],"author":[{"embeddable":true,"href":"https:\/\/www.ludwig-van.com\/montreal\/wp-json\/wp\/v2\/users\/51"}],"replies":[{"embeddable":true,"href":"https:\/\/www.ludwig-van.com\/montreal\/wp-json\/wp\/v2\/comments?post=71981"}],"version-history":[{"count":11,"href":"https:\/\/www.ludwig-van.com\/montreal\/wp-json\/wp\/v2\/posts\/71981\/revisions"}],"predecessor-version":[{"id":71995,"href":"https:\/\/www.ludwig-van.com\/montreal\/wp-json\/wp\/v2\/posts\/71981\/revisions\/71995"}],"wp:featuredmedia":[{"embeddable":true,"href":"https:\/\/www.ludwig-van.com\/montreal\/wp-json\/wp\/v2\/media\/71984"}],"wp:attachment":[{"href":"https:\/\/www.ludwig-van.com\/montreal\/wp-json\/wp\/v2\/media?parent=71981"}],"wp:term":[{"taxonomy":"category","embeddable":true,"href":"https:\/\/www.ludwig-van.com\/montreal\/wp-json\/wp\/v2\/categories?post=71981"},{"taxonomy":"post_tag","embeddable":true,"href":"https:\/\/www.ludwig-van.com\/montreal\/wp-json\/wp\/v2\/tags?post=71981"},{"taxonomy":"yst_prominent_words","embeddable":true,"href":"https:\/\/www.ludwig-van.com\/montreal\/wp-json\/wp\/v2\/yst_prominent_words?post=71981"}],"curies":[{"name":"wp","href":"https:\/\/api.w.org\/{rel}","templated":true}]}}