{"id":71877,"date":"2022-08-04T13:43:17","date_gmt":"2022-08-04T17:43:17","guid":{"rendered":"https:\/\/www.ludwig-van.com\/montreal\/?p=71877"},"modified":"2022-08-04T14:08:10","modified_gmt":"2022-08-04T18:08:10","slug":"entrevue-domaine-forget-grands-moments-vivre-ete","status":"publish","type":"post","link":"https:\/\/www.ludwig-van.com\/montreal\/2022\/08\/04\/entrevue-domaine-forget-grands-moments-vivre-ete\/","title":{"rendered":"ENTREVUE\u00a0| Domaine Forget: de grands moments \u00e0 vivre d&rsquo;ici la fin de l&rsquo;\u00e9t\u00e9"},"content":{"rendered":"<figure id=\"attachment_71888\" aria-describedby=\"caption-attachment-71888\" style=\"width: 1200px\" class=\"wp-caption alignnone\"><img decoding=\"async\" loading=\"lazy\" class=\"size-full wp-image-71888\" src=\"https:\/\/www.ludwig-van.com\/montreal\/wp-content\/uploads\/sites\/3\/2022\/08\/Domaine-Forget-1.jpg\" alt=\"Marc Hervieux, Arianne Moffatt et Jonathan Cohen sont au nombre des artistes pr\u00e9sents au Festival international du Domaine Forget de Charlevoix 2022. (Photos: Julien Faug\u00e8re, courtoisie, Atwood Photography)\" width=\"1200\" height=\"628\" \/><figcaption id=\"caption-attachment-71888\" class=\"wp-caption-text\">Marc Hervieux, Arianne Moffatt et Jonathan Cohen sont au nombre des artistes pr\u00e9sents au Festival international du Domaine Forget de Charlevoix 2022. (Photos: Julien Faug\u00e8re, courtoisie, Atwood Photography)<\/figcaption><\/figure>\n<h3><span style=\"color: #808080;\">Les prochains jours seront parmi les plus palpitants de l&rsquo;\u00e9t\u00e9 au Domaine Forget de Charlevoix, avec le weekend Arts sans fronti\u00e8res. Et si vous h\u00e9sitez encore \u00e0 vous d\u00e9placer, Marc Hervieux, porte-parole, a des arguments tr\u00e8s convaincant<\/span>s.<\/h3>\n<p>Bien que tr\u00e8s occup\u00e9 entre son nouveau Caf\u00e9 des bons vivants, \u00e0 Sainte-Ad\u00e8le, ses spectacles, sa famille et autres, le t\u00e9nor, animateur et <a href=\"https:\/\/www.ludwig-van.com\/montreal\/2022\/06\/01\/nouvelle-marc-hervieux-nomme-directeur-general-du-conservatoire\/\" target=\"_blank\" rel=\"noopener\">futur directeur g\u00e9n\u00e9ral du Conservatoire<\/a> de musique et d&rsquo;art dramatique du Qu\u00e9bec a trouv\u00e9 le temps de me parler cette semaine.<\/p>\n<p>Je lui demande d&#8217;embl\u00e9e ce qu&rsquo;il dirait pour convaincre quelqu&rsquo;un qui n&rsquo;est encore jamais all\u00e9 au Domaine Forget de Charlevoix.<\/p>\n<p>\u00ab\u00a0Je leur dirais que cet endroit, c&rsquo;est plusieurs grands plaisirs de la vie r\u00e9unis, dit-il. Le premier plaisir c&rsquo;est de se promener au Qu\u00e9bec et de voir des paysages spectaculaires, pour s&rsquo;y rendre. Tout au long du trajet, c&rsquo;est tellement magnifique! Et une fois sur place, on va \u00eatre estomaqu\u00e9 de voir une aussi belle salle de concert au beau milieu de Charlevoix, o\u00f9 on ne s&rsquo;y attendrait pas n\u00e9cessairement. Et l\u00e0 on va se rendre compte qu&rsquo;il y a un festival qui dure tout un \u00e9t\u00e9, avec plusieurs concerts par semaine et une grande diversit\u00e9, \u00e0 l&rsquo;int\u00e9rieur de la musique classique comme \u00e0 l&rsquo;ext\u00e9rieur, c&rsquo;est-\u00e0-dire en allant aussi vers d&rsquo;autres styles musicaux. Tout est l\u00e0! Quels que soient nos go\u00fbts en classique, on y trouvera son compte car c&rsquo;est une offre immense. Et c&rsquo;est une offre pas seulement artistique mais aussi touristique, avec les produits locaux, et des gens tr\u00e8s accueillants dans la r\u00e9gion.\u00a0\u00bb<\/p>\n<h3>Au menu du Weekend Arts sans fronti\u00e8res<\/h3>\n<p>Du 5 au 7 ao\u00fbt, c&rsquo;est le Weekend Arts sans fronti\u00e8res, la fin de semaine la plus courue du <strong>Festival international du Domaine Forget de Charlevoix<\/strong>, de retour en force apr\u00e8s une interruption forc\u00e9e par la pand\u00e9mie. Au menu, des activit\u00e9s culturelles gratuites pour les petits et les grands : musique, danse, arts visuels et bouffe de rue\u2026<\/p>\n<p>Vendredi, le concert d&rsquo;ouverture de ce weekend nous permettra d&rsquo;entendre Kerson Leong, Violaine Melan\u00e7on, David Gillham (violons); Marina Thibeault (alto); Marc Coppey, Elizabeth Dolin, Thomas Wiebe (violoncelles) et Marc-Andr\u00e9 Hamelin, piano, \u00e0 16 h. Ils joueront des \u0153uvres de Brahms et de Glazunov.<\/p>\n<p>\u00c0 20 h, <strong>Marc-Andr\u00e9 Hamelin<\/strong> remonte sur sc\u00e8ne pour un r\u00e9cital C.P.E. Bach, Hamelin et Beethoven.<\/p>\n<p>Toute la journ\u00e9e de samedi, des spectacles sont propos\u00e9s \u00e0 compter de 11 h, notamment de la danse flamenco et du jazz avec le ph\u00e9nom\u00e9nal pianiste Taurey Butler. Samedi soir, le concert de l&rsquo;<strong>Orchestre symphonique de Qu\u00e9bec<\/strong> sous la direction de <strong>Simon Leclerc<\/strong> avec <strong>Marc Hervieux, Florence K et Laurence Jalbert<\/strong> affiche d\u00e9j\u00e0 complet.<\/p>\n<p>Dimanche, deux r\u00e9citals de musique de chambre gratuits nous seront offerts avec Cameron Crozman et Meagan Milatz (11 h) et le Trio Hochelaga (13h30) ainsi qu&rsquo;un spectacle de danse flamenco avec Audrey Gaussiran, \u00e0 14h30.<\/p>\n<h3>Ariane Moffatt au Domaine Forget<\/h3>\n<p>Ce Weekend sans fronti\u00e8res sera couronn\u00e9 par un grand concert ext\u00e9rieur gratuit avec <strong>Ariane Moffatt<\/strong> et ses amis: \u00e0 la guitare, Joseph Marchand, \u00e0 ses c\u00f4t\u00e9s depuis l&rsquo;album <em>Aquanaute<\/em>, \u00e0 la batterie, Jean-Phi Goncalves, r\u00e9alisateur de l\u2019album <em>Tous les sens, <\/em>aux claviers, Alex McMahon, et finalement, \u00e0 la basse, grande amie depuis les bancs d\u2019\u00e9cole en musique : <strong>Marie-Pierre Arthur<\/strong>! Un spectacle \u00ab pop et dansant \u00bb compos\u00e9 des plus grands succ\u00e8s d\u2019<strong>Ariane Moffatt.<\/strong><\/p>\n<p>&nbsp;<\/p>\n<figure id=\"attachment_53376\" aria-describedby=\"caption-attachment-53376\" style=\"width: 1024px\" class=\"wp-caption aligncenter\"><img decoding=\"async\" loading=\"lazy\" class=\"wp-image-53376 size-full\" src=\"https:\/\/www.ludwig-van.com\/montreal\/wp-content\/uploads\/sites\/3\/2018\/04\/ViolonsDuRoy_JonathanCohen_cAtwoodPhotographie-2a.jpg\" alt=\"Jonathan Cohen\" width=\"1024\" height=\"576\" srcset=\"https:\/\/www.ludwig-van.com\/montreal\/wp-content\/uploads\/sites\/3\/2018\/04\/ViolonsDuRoy_JonathanCohen_cAtwoodPhotographie-2a.jpg 1024w, https:\/\/www.ludwig-van.com\/montreal\/wp-content\/uploads\/sites\/3\/2018\/04\/ViolonsDuRoy_JonathanCohen_cAtwoodPhotographie-2a-300x169.jpg 300w, https:\/\/www.ludwig-van.com\/montreal\/wp-content\/uploads\/sites\/3\/2018\/04\/ViolonsDuRoy_JonathanCohen_cAtwoodPhotographie-2a-768x432.jpg 768w\" sizes=\"(max-width: 1024px) 100vw, 1024px\" \/><figcaption id=\"caption-attachment-53376\" class=\"wp-caption-text\">Jonathan Cohen. (Photo : C. Atwood photographie)<\/figcaption><\/figure>\n<h3>Le Festival jusqu&rsquo;au 20 ao\u00fbt<\/h3>\n<p>Le <strong>Festival international du Domaine Forget de Charlevoix<\/strong> se poursuivra ensuite jusqu&rsquo;au 20 ao\u00fbt, avec de nombreux \u00e9v\u00e9nements d&rsquo;ici le grandiose concert de cl\u00f4ture:<\/p>\n<ul>\n<li>10 ao\u00fbt, 20 h: Compagnie de danse Malpaso D<a href=\"https:\/\/www.domaineforget.com\/programmation\/festival\/compagnie-de-danse-malpaso\/?from=1162&amp;from_p=%3fdf%3d%26dt%3d%26s%3d%26p%3d1%26_%3d1659635489808\" target=\"_blank\" rel=\"noopener\">\u00c9TAILS ET BILLETS<\/a><\/li>\n<li>12 ao\u00fbt, 16 h : Ensemble Penta\u00e8dre, quintette \u00e0 vent <a href=\"https:\/\/www.domaineforget.com\/programmation\/festival\/ensemble-pentaedre-quintette-a-vent\/?from=1162&amp;from_p=%3fdf%3d%26dt%3d%26s%3d%26p%3d2%26_%3d1659635575344\" target=\"_blank\" rel=\"noopener\">D\u00c9TAILS ET BILLETS<\/a><\/li>\n<li>13 ao\u00fbt, 20 h: Une soir\u00e9e avec Eliane Elias <a href=\"https:\/\/www.domaineforget.com\/programmation\/festival\/eliane-elias\/?from=1162&amp;from_p=%3fdf%3d%26dt%3d%26s%3d%26p%3d2\" target=\"_blank\" rel=\"noopener\">D\u00c9TAILS ET BILLETS<\/a><\/li>\n<li>14 ao\u00fbt, 15 h: L&rsquo;Orchestre de chambre de l&rsquo;Acad\u00e9mie avec les Violons du Roy <a href=\"https:\/\/www.domaineforget.com\/programmation\/festival\/orchestre-de-chambre-de-l-academie-et-les-violons-du-roy-14-aout\/?from=1162&amp;from_p=%3fdf%3d%26dt%3d%26s%3d%26p%3d2\" target=\"_blank\" rel=\"noopener\">D\u00c9TAILS ET BILLETS<\/a><\/li>\n<li>19 ao\u00fbt, 16 h: Les concerts de l&rsquo;Acad\u00e9mie: chant (gratuit) <a href=\"https:\/\/www.domaineforget.com\/programmation\/festival\/concert-academie-chant\/?from=1162&amp;from_p=%3fdf%3d%26dt%3d%26s%3d%26p%3d2\" target=\"_blank\" rel=\"noopener\">D\u00c9TAILS<\/a><\/li>\n<\/ul>\n<h3>Grand concert de cl\u00f4ture avec les Violons du Roy<\/h3>\n<p>Les <strong>Violons du Roy<\/strong>, sous la direction de <strong>Jonathan Cohen<\/strong>, accueillent Karina Gauvin, soprano, Marie-Nicole Lemieux, contralto, Jean-Fran\u00e7ois Lapointe, baryton, et Charles Richard-Hamelin, pianiste. Que demander de mieux?<\/p>\n<p>Au programme: des airs de Mozart, Rossini, Delibes, et Saint-Sa\u00ebns, ainsi que le Concerto pour piano no 20 de Mozart.<\/p>\n<p><a href=\"https:\/\/www.domaineforget.com\/programmation\/festival\/les-violons-du-roy-20-aout\/?from=1162&amp;from_p=%3fdf%3d%26dt%3d%26s%3d%26p%3d2\" target=\"_blank\" rel=\"noopener\">D\u00c9TAILS ET BILLETS<\/a><\/p>\n<h2><em>Inscrivez-vous \u00e0 notre infolettre! La musique classique et l&rsquo;op\u00e9ra en 5 minutes, chaque jour<\/em> \u00a0<span style=\"color: #ff0000;\"><a style=\"color: #ff0000;\" href=\"https:\/\/ludwig-van.us9.list-manage.com\/subscribe?u=4f785cb3f9058f2393ccad035&amp;id=b9b160c032\" target=\"_blank\" rel=\"noopener noreferrer\">ICI\u00a0<\/a><\/span><\/h2>\n","protected":false},"excerpt":{"rendered":"<p>Les prochains jours seront parmi les plus palpitants de l&rsquo;\u00e9t\u00e9 au Domaine Forget de Charlevoix, avec le weekend Arts sans fronti\u00e8res. Et si vous h\u00e9sitez encore \u00e0 vous d\u00e9placer, Marc Hervieux, porte-parole, a des arguments tr\u00e8s convaincants.<\/p>\n","protected":false},"author":51,"featured_media":71888,"comment_status":"open","ping_status":"open","sticky":false,"template":"","format":"standard","meta":{"om_disable_all_campaigns":false,"jetpack_post_was_ever_published":false},"categories":[42010,10956,10992],"tags":[42007,42048,14361,21677],"yst_prominent_words":[19182,10159,25287,26052,14335,32459,11060,11069,11061,32465,32449,11068,13199,10096,9974],"acf":[],"jetpack_featured_media_url":"https:\/\/www.ludwig-van.com\/montreal\/wp-content\/uploads\/sites\/3\/2022\/08\/Domaine-Forget-1.jpg","jetpack_sharing_enabled":true,"jetpack_shortlink":"https:\/\/wp.me\/p9bdYt-iHj","amp_enabled":true,"_links":{"self":[{"href":"https:\/\/www.ludwig-van.com\/montreal\/wp-json\/wp\/v2\/posts\/71877"}],"collection":[{"href":"https:\/\/www.ludwig-van.com\/montreal\/wp-json\/wp\/v2\/posts"}],"about":[{"href":"https:\/\/www.ludwig-van.com\/montreal\/wp-json\/wp\/v2\/types\/post"}],"author":[{"embeddable":true,"href":"https:\/\/www.ludwig-van.com\/montreal\/wp-json\/wp\/v2\/users\/51"}],"replies":[{"embeddable":true,"href":"https:\/\/www.ludwig-van.com\/montreal\/wp-json\/wp\/v2\/comments?post=71877"}],"version-history":[{"count":11,"href":"https:\/\/www.ludwig-van.com\/montreal\/wp-json\/wp\/v2\/posts\/71877\/revisions"}],"predecessor-version":[{"id":71890,"href":"https:\/\/www.ludwig-van.com\/montreal\/wp-json\/wp\/v2\/posts\/71877\/revisions\/71890"}],"wp:featuredmedia":[{"embeddable":true,"href":"https:\/\/www.ludwig-van.com\/montreal\/wp-json\/wp\/v2\/media\/71888"}],"wp:attachment":[{"href":"https:\/\/www.ludwig-van.com\/montreal\/wp-json\/wp\/v2\/media?parent=71877"}],"wp:term":[{"taxonomy":"category","embeddable":true,"href":"https:\/\/www.ludwig-van.com\/montreal\/wp-json\/wp\/v2\/categories?post=71877"},{"taxonomy":"post_tag","embeddable":true,"href":"https:\/\/www.ludwig-van.com\/montreal\/wp-json\/wp\/v2\/tags?post=71877"},{"taxonomy":"yst_prominent_words","embeddable":true,"href":"https:\/\/www.ludwig-van.com\/montreal\/wp-json\/wp\/v2\/yst_prominent_words?post=71877"}],"curies":[{"name":"wp","href":"https:\/\/api.w.org\/{rel}","templated":true}]}}