{"id":71735,"date":"2022-07-31T15:52:40","date_gmt":"2022-07-31T19:52:40","guid":{"rendered":"https:\/\/www.ludwig-van.com\/montreal\/?p=71735"},"modified":"2022-07-31T16:05:43","modified_gmt":"2022-07-31T20:05:43","slug":"nouvelle-bryan-cheng-remporte-la-plus-haute-distinction","status":"publish","type":"post","link":"https:\/\/www.ludwig-van.com\/montreal\/2022\/07\/31\/nouvelle-bryan-cheng-remporte-la-plus-haute-distinction\/","title":{"rendered":"NOUVELLE\u00a0| Le violoncelliste Bryan Cheng remporte la plus haute distinction \u00e0 Verbier"},"content":{"rendered":"<figure id=\"attachment_71737\" aria-describedby=\"caption-attachment-71737\" style=\"width: 1200px\" class=\"wp-caption alignnone\"><img decoding=\"async\" loading=\"lazy\" class=\"size-full wp-image-71737\" src=\"https:\/\/www.ludwig-van.com\/montreal\/wp-content\/uploads\/sites\/3\/2022\/07\/Bryan-Cheng-Courtoisie-concours-UNISA.jpg\" alt=\"Bryan Cheng, violoncelliste. (Photo: Courtoisie du Concours international de cordes UNISA)\" width=\"1200\" height=\"628\" \/><figcaption id=\"caption-attachment-71737\" class=\"wp-caption-text\">Bryan Cheng, violoncelliste. (Photo: Courtoisie du Concours international de cordes UNISA)<\/figcaption><\/figure>\n<h3><span style=\"color: #808080;\">Le violoncelliste canadien Bryan Cheng vient \u00e0 nouveau de se d\u00e9marquer \u00e0 l&rsquo;international en remportant la plus haute distinction de la \u00ab\u00a0Verbier Festival Academy\u00a0\u00bb soit le Prix Yves Paternot, qui r\u00e9compense annuellement le musicien le plus prometteur et le plus accompli de cette acad\u00e9mie.\u00a0<\/span><\/h3>\n<p>Ce prix d&rsquo;une valeur de 10 000 francs suisses (13 444 $ canadiens) porte le nom d&rsquo;une figure marquante du Festival, le fondateur de l&rsquo;Association des Amis du Verbier Festival, et membre du Conseil de fondation. En plus du prix en argent, le laur\u00e9at est invit\u00e9 \u00e0 se produire \u00e0 Verbier et pourrait pr\u00e9tendre, en plus, \u00e0 recevoir une aide de 15 000 francs suisses (21 167 $) pour d\u00e9velopper sa carri\u00e8re.<\/p>\n<p>Rappelons que <strong>Bryan Cheng<\/strong>, 25 ans, est laur\u00e9at du Concours OSM 2019, qu&rsquo;il a remport\u00e9 le 2e prix et le Prix du public au Concours international de musique de Gen\u00e8ve en 2021, ainsi que le premier prix au Concours international de cordes UNISA en Afrique du Sud, entre autres. Il fera ses d\u00e9buts \u00e0 la Philharmonie de Berlin au cours de la saison 2022-2023 avec le Deustche Symphonie-Orchester Berlin. Il \u00e9tudie pr\u00e9sentement \u00e0 Berlin avec Jens Peter Maintz. Natif d&rsquo;Ottawa, il est repr\u00e9sent\u00e9 par l&rsquo;Agence Station Bleue.<\/p>\n<p>Il joue sur un violoncelle Antonio Stradivarius \u00ab Dubois \u00bb, Cr\u00e9mone, 1699 gracieusement mis \u00e0 sa disposition par Canimex inc. de Drummondville (Qu\u00e9bec).<\/p>\n<p>On pourra entendre <strong>Bryan Cheng<\/strong> lors de la <strong>Vir\u00e9e classique 2022<\/strong>. Il sera du r\u00e9cital \u00ab\u00a0<a href=\"https:\/\/www.osm.ca\/fr\/concerts\/bryan-cheng-et-andrew-wan-ravel-en-amerique\/\" target=\"_blank\" rel=\"noopener\">Ravel en Am\u00e9rique<\/a>\u00a0\u00bb avec <strong>Andrew Wan<\/strong>, le 13 ao\u00fbt, \u00e0 13h30, au Th\u00e9\u00e2tre Maisonneuve, et participera aussi \u00e0 l&rsquo;Ensemble de la Vir\u00e9e, un ensemble \u00e0 cordes d&rsquo;une quinzaine de musiciens, dans un concert sous la direction de Rafael Payare, le 14 ao\u00fbt, \u00e0 13 h au Th\u00e9\u00e2tre Maisonneuve.<\/p>\n<h2><em>Inscrivez-vous \u00e0 notre infolettre! La musique classique et l&rsquo;op\u00e9ra en 5 minutes, chaque jour<\/em> \u00a0<span style=\"color: #ff0000;\"><a style=\"color: #ff0000;\" href=\"https:\/\/ludwig-van.us9.list-manage.com\/subscribe?u=4f785cb3f9058f2393ccad035&amp;id=b9b160c032\" target=\"_blank\" rel=\"noopener noreferrer\">ICI\u00a0<\/a><\/span><\/h2>\n","protected":false},"excerpt":{"rendered":"<p>Le violoncelliste canadien Bryan Cheng vient \u00e0 nouveau de se d\u00e9marquer \u00e0 l&rsquo;international en remportant la plus haute distinction de la \u00ab\u00a0Verbier Festival Academy\u00a0\u00bb soit le Prix Yves Paternot, qui r\u00e9compense annuellement le musicien le plus prometteur et le plus accompli de cette acad\u00e9mie.\u00a0<\/p>\n","protected":false},"author":51,"featured_media":71737,"comment_status":"open","ping_status":"open","sticky":false,"template":"","format":"standard","meta":{"om_disable_all_campaigns":false,"jetpack_post_was_ever_published":false},"categories":[42010,10956,10992],"tags":[42007,9672],"yst_prominent_words":[12481,15982,18726,15983,10473,12254,9998,10705,9857,39430,39798,24034],"acf":[],"jetpack_featured_media_url":"https:\/\/www.ludwig-van.com\/montreal\/wp-content\/uploads\/sites\/3\/2022\/07\/Bryan-Cheng-Courtoisie-concours-UNISA.jpg","jetpack_sharing_enabled":true,"jetpack_shortlink":"https:\/\/wp.me\/p9bdYt-iF1","amp_enabled":true,"_links":{"self":[{"href":"https:\/\/www.ludwig-van.com\/montreal\/wp-json\/wp\/v2\/posts\/71735"}],"collection":[{"href":"https:\/\/www.ludwig-van.com\/montreal\/wp-json\/wp\/v2\/posts"}],"about":[{"href":"https:\/\/www.ludwig-van.com\/montreal\/wp-json\/wp\/v2\/types\/post"}],"author":[{"embeddable":true,"href":"https:\/\/www.ludwig-van.com\/montreal\/wp-json\/wp\/v2\/users\/51"}],"replies":[{"embeddable":true,"href":"https:\/\/www.ludwig-van.com\/montreal\/wp-json\/wp\/v2\/comments?post=71735"}],"version-history":[{"count":4,"href":"https:\/\/www.ludwig-van.com\/montreal\/wp-json\/wp\/v2\/posts\/71735\/revisions"}],"predecessor-version":[{"id":71740,"href":"https:\/\/www.ludwig-van.com\/montreal\/wp-json\/wp\/v2\/posts\/71735\/revisions\/71740"}],"wp:featuredmedia":[{"embeddable":true,"href":"https:\/\/www.ludwig-van.com\/montreal\/wp-json\/wp\/v2\/media\/71737"}],"wp:attachment":[{"href":"https:\/\/www.ludwig-van.com\/montreal\/wp-json\/wp\/v2\/media?parent=71735"}],"wp:term":[{"taxonomy":"category","embeddable":true,"href":"https:\/\/www.ludwig-van.com\/montreal\/wp-json\/wp\/v2\/categories?post=71735"},{"taxonomy":"post_tag","embeddable":true,"href":"https:\/\/www.ludwig-van.com\/montreal\/wp-json\/wp\/v2\/tags?post=71735"},{"taxonomy":"yst_prominent_words","embeddable":true,"href":"https:\/\/www.ludwig-van.com\/montreal\/wp-json\/wp\/v2\/yst_prominent_words?post=71735"}],"curies":[{"name":"wp","href":"https:\/\/api.w.org\/{rel}","templated":true}]}}