{"id":71713,"date":"2022-07-30T09:59:30","date_gmt":"2022-07-30T13:59:30","guid":{"rendered":"https:\/\/www.ludwig-van.com\/montreal\/?p=71713"},"modified":"2022-08-15T11:33:18","modified_gmt":"2022-08-15T15:33:18","slug":"nouvelle-ahuntsic-en-fugue-devoile-une-invitante-programmation-2022","status":"publish","type":"post","link":"https:\/\/www.ludwig-van.com\/montreal\/2022\/07\/30\/nouvelle-ahuntsic-en-fugue-devoile-une-invitante-programmation-2022\/","title":{"rendered":"NOUVELLE\u00a0| Ahuntsic en fugue d\u00e9voile une invitante programmation 2022"},"content":{"rendered":"<figure id=\"attachment_71731\" aria-describedby=\"caption-attachment-71731\" style=\"width: 1200px\" class=\"wp-caption alignnone\"><img decoding=\"async\" loading=\"lazy\" class=\"wp-image-71731 size-full\" src=\"https:\/\/www.ludwig-van.com\/montreal\/wp-content\/uploads\/sites\/3\/2022\/07\/Ahuntsic-en-fugue.jpg\" alt=\"\u00c0 gauche: concert d'une \u00e9dition pass\u00e9e d'Ahuntsic en fugue. \u00c0 droite: Andrew Wan, Quatuor Molinari. (Photos: courtoisie)\" width=\"1200\" height=\"628\" \/><figcaption id=\"caption-attachment-71731\" class=\"wp-caption-text\">\u00c0 gauche: concert d&rsquo;une \u00e9dition pass\u00e9e d&rsquo;Ahuntsic en fugue. \u00c0 droite: Andrew Wan, Quatuor Molinari. (Photos: courtoisie)<\/figcaption><\/figure>\n<h3><span style=\"color: #808080;\">Les Concerts Ahuntsic en fugue auront lieu cette ann\u00e9e du 17 au 28 ao\u00fbt avec sept \u00e9v\u00e9nements qui sauront certainement ravir non seulement les citoyens de l&rsquo;arrondissement, mais aussi les m\u00e9lomanes curieux d&rsquo;un peu partout qui pourront satisfaire leur amour de la musique tout en visitant l&rsquo;un des plus beaux quartiers de Montr\u00e9al.<\/span><\/h3>\n<p>Cette ann\u00e9e encore, les concerts seront pr\u00e9sent\u00e9s dans les quatre districts de l&rsquo;arrondissement Ahuntsic-Cartierville, poursuivant sa philosophie de d\u00e9centralisation et de d\u00e9veloppement des quartiers sur le plan culturel, une visions d\u00e9ploy\u00e9s par <strong>Ahuntsic en fugue<\/strong> depuis 2014. Pour une neuvi\u00e8me ann\u00e9e, la musique ira donc \u00e0 la rencontre des citoyens dans les districts de Saint-Sulpice, Ahuntsic, Chabanel et Cartierville.<\/p>\n<p><strong>Cl\u00e9ment Canac Marquis<\/strong>, directeur artistique, souligne que le propre d&rsquo;<strong>Ahuntsic en fugue<\/strong> est que chaque concert est une exp\u00e9rience, et c&rsquo;est pourquoi certains d&rsquo;entre eux sont sc\u00e9naris\u00e9s.<\/p>\n<p>Cette ann\u00e9e, ce sera le cas, notamment, du concert <a href=\"https:\/\/ahuntsicenfugue.ca\/concerts-2\/concert-du-vendredi-26-aout\/\" target=\"_blank\" rel=\"noopener\">Entre soi et l&rsquo;autre<\/a>, qui aura lieu l<strong>e 26 ao\u00fbt au Loft 433, dans Chabanel ouest<\/strong>, et pr\u00e9sentera une distribution impressionnante d&rsquo;artistes avec la contralto et <a href=\"https:\/\/www.ludwig-van.com\/montreal\/2022\/06\/13\/nouvelle-rose-naggar-tremblay-nommee-revelation-classique-radio-canada\/\" target=\"_blank\" rel=\"noopener\">R\u00e9v\u00e9lation classique Radio-Canada<\/a> <strong>Rose Naggar-Tremblay<\/strong>, le <strong>Quatuor Molinari<\/strong>, <strong>Julie Triquet<\/strong> (violon) <strong>Am\u00e9lie Benoit-Bastien<\/strong> (violon), <strong>Simon Duchesne<\/strong> (guitare), <strong>David Brongo<\/strong> (percussions) et la com\u00e9dienne <strong>Marie-\u00c8ve Beaulieu<\/strong>, que l&rsquo;on a vue, entre autres, dans les s\u00e9ries <em>Minuit le soir, Les hauts et les bas de Sophie Paquin<\/em>, et <em>Virginie.\u00a0<\/em><\/p>\n<p>On pourra donc y entendre des \u0153uvres de Richard Wagner, Michel Longtin, Olivier Grief, Georges Crumb, Jimmy Hendrix et David Bowie dans une sc\u00e9nographie \u00e0 travers le vaste espace de ce loft industriel.<\/p>\n<p>\u00ab\u00a0C&rsquo;est un concert qui apporte un questionnement sur la dynamique de l&rsquo;espace en soi et les autres, dit <strong>Cl\u00e9ment Canac Marquis<\/strong>. L&rsquo;id\u00e9e est de prendre un amalgame de pi\u00e8ces qui traitent de la prise de territoire et dont on fait ressortir une sous-narration qu&rsquo;on sc\u00e9narise, avec une com\u00e9dienne. Ce sont des concerts que je d\u00e9veloppe depuis environ quatre ans. On cr\u00e9e une histoire avec plusieurs pi\u00e8ces que l&rsquo;on relie. Il faut le vivre. Celui-l\u00e0 sera extraordinaire car nous avons d\u00e9ploy\u00e9 plus de moyens et nous avons un metteur en sc\u00e8ne, Fabien Lachance.\u00a0\u00bb<\/p>\n<p>&nbsp;<\/p>\n<figure id=\"attachment_67316\" aria-describedby=\"caption-attachment-67316\" style=\"width: 515px\" class=\"wp-caption aligncenter\"><img decoding=\"async\" loading=\"lazy\" class=\"size-full wp-image-67316\" src=\"https:\/\/www.ludwig-van.com\/montreal\/wp-content\/uploads\/sites\/3\/2021\/07\/Clement-et-Lucie.jpeg\" alt=\"Cl\u00e9ment Canac Marquis et Lucie Hamel, fondateurs d'Ahuntsic en fugue. (Photo: courtoisie)\" width=\"515\" height=\"481\" \/><figcaption id=\"caption-attachment-67316\" class=\"wp-caption-text\">Cl\u00e9ment Canac Marquis et Lucie Hamel, respectivement directeur artistique et directrice g\u00e9n\u00e9rale d&rsquo;Ahuntsic en fugue. (Photo: courtoisie)<\/figcaption><\/figure>\n<h3>Deux concerts gratuits<\/h3>\n<p>Deux des sept concerts de la programmation sont gratuits. D&rsquo;abord, <strong>le 17 ao\u00fbt<\/strong>, le concert d&rsquo;ouverture d&rsquo;Ahuntsic en fugue, <strong><em>Didem Basar &#8211; Continum<\/em><\/strong>, pr\u00e9sente des \u0153uvres de la compositrice <strong>Didem Basar<\/strong>, membre de Constantinople qui joue du kanoun turc, un instrument \u00e0 cordes pinc\u00e9es de la famille des cithares sur table. <strong>Samuel-San Vachon<\/strong> (contrebasse), <strong>Patrick Graham<\/strong> (percussions) et le <strong>Quatuor Andara<\/strong> seront avec elle pour interpr\u00e9ter ses \u0153uvres inspir\u00e9es de ses voyages. On peut r<a href=\"https:\/\/lepointdevente.com\/billets\/caf-didem\" target=\"_blank\" rel=\"noopener\">\u00e9server ses billets gratuits en ligne<\/a>, pour cet \u00e9v\u00e9nement pr\u00e9sent\u00e9 \u00e0 l&rsquo;<strong>\u00c9glise Notre-Dame-des-Anges, \u00e0 20 h.\u00a0<\/strong><\/p>\n<p>&nbsp;<\/p>\n<h3>La 1000e orange<\/h3>\n<p>Le deuxi\u00e8me concert <strong>gratuit<\/strong>, le 20 ao\u00fbt, est La 1000e orange, un \u00e9v\u00e9nement en soutien \u00e0 l&rsquo;Ukraine avec trois membres du <strong>Nouveau Quatuor Orford<\/strong>, soit <strong>Andrew Wan, Brian Manker<\/strong> et <strong>Sharon Wei<\/strong>, en compagnie de la pianiste <strong>Angela Park<\/strong>. Deux familles de r\u00e9fugi\u00e9s seront pr\u00e9sentes au concert.<\/p>\n<p>\u00ab\u00a0Ce concert a pour but d&rsquo;aider un organisme d&rsquo;Ahuntsic-Cartierville qui <a href=\"https:\/\/journaldesvoisins.com\/des-residants-dahuntsic-se-preparent-pour-accueillir-dune-famille-ukrainienne\/\" target=\"_blank\" rel=\"noopener\">aide les r\u00e9fugi\u00e9s<\/a>, non seulement ukrainiens mais aussi syriens, et autres. Avec les \u00e9v\u00e9nements survenus en Ukraine, ils ont fait un appel \u00e0 tous. Le concert fait r\u00e9f\u00e9rence \u00e0 la R\u00e9volution orange d&rsquo;Ukraine de 2014 qui a \u00e9t\u00e9 compl\u00e8tement bafou\u00e9e. On parle d&rsquo;un peuple qui est all\u00e9 dans la rue pour son autonomie. C&rsquo;est cela qui est bafou\u00e9. En m\u00eame temps, nous pr\u00e9sentons la <em>Milli\u00e8me Orange<\/em> de <strong>Caroline Shaw<\/strong>. Le concept de l&rsquo;\u0153uvre est que chaque fois qu&rsquo;on prend une orange, c&rsquo;est un moment unique. Le concert est gratuit, mais nous allons faire <a href=\"https:\/\/dondaccueil.ca\/don\/\" target=\"_blank\" rel=\"noopener\">une collecte de fonds pour l&rsquo;organisme<\/a>.\u00a0\u00bb<\/p>\n<p>Ils interpr\u00e9teront le Quatuor pour piano et cordes no 2 de Mozart, le Quatuor pour piano et cordes no 3 de Brahms, et la pi\u00e8ce de la compositrice am\u00e9ricaine <strong>Caroline Shaw<\/strong>, <em>Thousandth Orange<\/em> (<em>Milli\u00e8me Orange<\/em>). <strong>Caroline Shaw<\/strong> est l&rsquo;une des compositrices les plus en vue aux \u00c9tats-Unis depuis quelques ann\u00e9es, et s&rsquo;est m\u00e9rit\u00e9 le Prix Pulitzer de musique en 2013. <strong>Le 20 ao\u00fbt,\u00a0 20 h, salle Marguerite-Bourgeoys du Coll\u00e8ge Regina Assumpta.<\/strong> <a href=\"https:\/\/lepointdevente.com\/billets\/caf-orange\" target=\"_blank\" rel=\"noopener\">Billets gratuits \u00e0 r\u00e9server ici.\u00a0<\/a><\/p>\n<h3>Ticket pour Broadway<\/h3>\n<p>Les airs des plus belles com\u00e9dies musicales de Broadway r\u00e9pondront au concerto pour piano <em>Rhapsody in Blue<\/em> de George Gershwin, avec les 30 choristes de l&rsquo;ensemble <strong>The Lyric Theater Singers,<\/strong> qui se sp\u00e9cialise dans le r\u00e9pertoire de Broadway, et la pianiste <strong>Pamela Reimer<\/strong>, accompagn\u00e9s de <strong>Buzz Cuivres<\/strong>, le tout sous la direction musicale de <strong>Bob Bachelor<\/strong>. <strong>Le 18 ao\u00fbt, 20 h, \u00c9glise Saint-Andr\u00e9-Ap\u00f4tre.<\/strong> <a href=\"https:\/\/lepointdevente.com\/billets\/caf-ticket\" target=\"_blank\" rel=\"noopener\">D\u00c9TAILS ET BILLETS<\/a><\/p>\n<h3>Le souffle de Brahms<\/h3>\n<p>Des trios de Brahms pour cor, piano et violon, et pour clarinette, piano et violoncelle, avec des jeunes musiciens talentueux d&rsquo;ici:<\/p>\n<p>Corine Chartr\u00e9-Lefebvre, cor<br \/>\n\u00c9liane Charest-Beauchamp, violon<br \/>\nDominique B-Ostiguy, violoncelle<br \/>\nJean-Fran\u00e7ois Normand, clarinette<br \/>\nChlo\u00e9 Dumoulin, piano<\/p>\n<p><strong>Le 22 ao\u00fbt, \u00c9glise Saint-Isaac-Jogues.<\/strong> <a href=\"https:\/\/lepointdevente.com\/billets\/caf-brahms\" target=\"_blank\" rel=\"noopener\">D\u00c9TAILS ET BILLETS<\/a><\/p>\n<h3>Musique classique&#8230;couleurs jazz.<\/h3>\n<p><strong>Piano Cam\u00e9l\u00e9ons<\/strong>, c\u2019est la rencontre de deux virtuoses, <strong>Matt Herskowitz<\/strong> et <strong>John Roney<\/strong>, qui<br \/>\njettent un regard nouveau sur des chefs-d\u2019\u0153uvre bien connus du r\u00e9pertoire classique \u2013 Bach,<br \/>\nDebussy, Chopin, Schumann, Beethoven, etc. -, en les enrichissant d\u2019improvisations dignes des<br \/>\nmeilleurs pianistes de jazz. <strong>Le 24 ao\u00fbt, 20 h, \u00c9glise de la Visitation.<\/strong> <a href=\"https:\/\/ahuntsicenfugue.ca\/concerts-2\/concert-du-mercredi-24-aout\/\" target=\"_blank\" rel=\"noopener\">D\u00c9TAILS ET BILLETS<\/a><\/p>\n<p>&nbsp;<\/p>\n<figure id=\"attachment_60162\" aria-describedby=\"caption-attachment-60162\" style=\"width: 1024px\" class=\"wp-caption alignnone\"><img decoding=\"async\" loading=\"lazy\" class=\"wp-image-60162 size-full\" src=\"https:\/\/www.ludwig-van.com\/montreal\/wp-content\/uploads\/sites\/3\/2018\/05\/Philip-Chiu-photo-Luc-Robitaille.jpg\" alt=\"Philip Chiu\" width=\"1024\" height=\"731\" srcset=\"https:\/\/www.ludwig-van.com\/montreal\/wp-content\/uploads\/sites\/3\/2018\/05\/Philip-Chiu-photo-Luc-Robitaille.jpg 1024w, https:\/\/www.ludwig-van.com\/montreal\/wp-content\/uploads\/sites\/3\/2018\/05\/Philip-Chiu-photo-Luc-Robitaille-300x214.jpg 300w, https:\/\/www.ludwig-van.com\/montreal\/wp-content\/uploads\/sites\/3\/2018\/05\/Philip-Chiu-photo-Luc-Robitaille-768x548.jpg 768w\" sizes=\"(max-width: 1024px) 100vw, 1024px\" \/><figcaption id=\"caption-attachment-60162\" class=\"wp-caption-text\">Philippe Chiu, pianiste, jouera avec Tristan Longval-Gagn\u00e9, David Brongo et Alexandre Lavoie. (Photo: courtoisie)<\/figcaption><\/figure>\n<h3>Grand concert de cl\u00f4ture: Musique de la divine proportion<\/h3>\n<p>Une rare occasion d&rsquo;entendre la Sonate pour deux pianos et deux percussionnistes de B\u00e9la Bart\u00f3k, avec d&rsquo;excellents musiciens, soit les pianistes <strong>Philippe Chiu<\/strong> et <strong>Tristan Longval-Gagn\u00e9<\/strong> et les percussionnistes <strong>David Brongo<\/strong> et <strong>Alexandre Lavoie<\/strong>. Au m\u00eame programme: les <em>Variations sur un th\u00e8me de Haydn<\/em>, de Brahms, et la Suite pour deux pianos no 2 de Rachmaninov. <strong>Le 28 ao\u00fbt, 20 h, salle Marguerite-Bourgeoys du Coll\u00e8ge Regina Assumpta.<\/strong> <a href=\"https:\/\/lepointdevente.com\/billets\/caf-divine\" target=\"_blank\" rel=\"noopener\">D\u00c9TAILS ET BILLETS<\/a><\/p>\n<h2><em>Inscrivez-vous \u00e0 notre infolettre! La musique classique et l&rsquo;op\u00e9ra en 5 minutes, chaque jour<\/em> \u00a0<span style=\"color: #ff0000;\"><a style=\"color: #ff0000;\" href=\"https:\/\/ludwig-van.us9.list-manage.com\/subscribe?u=4f785cb3f9058f2393ccad035&amp;id=b9b160c032\" target=\"_blank\" rel=\"noopener noreferrer\">ICI\u00a0<\/a><\/span><\/h2>\n","protected":false},"excerpt":{"rendered":"<p>Les Concerts Ahuntsic en fugue auront lieu cette ann\u00e9e du 17 au 28 ao\u00fbt avec sept \u00e9v\u00e9nements qui sauront certainement ravir non seulement les citoyens de l&rsquo;arrondissement, mais aussi les m\u00e9lomanes curieux d&rsquo;un peu partout qui pourront satisfaire leur amour de la musique tout en visitant l&rsquo;un des plus beaux quartiers de Montr\u00e9al.<\/p>\n","protected":false},"author":51,"featured_media":71731,"comment_status":"open","ping_status":"open","sticky":false,"template":"","format":"standard","meta":{"om_disable_all_campaigns":false,"jetpack_post_was_ever_published":false},"categories":[42010,10956,10992],"tags":[42007,23551],"yst_prominent_words":[10159,16434,25287,17994,25285,26052,29218,18188],"acf":[],"jetpack_featured_media_url":"https:\/\/www.ludwig-van.com\/montreal\/wp-content\/uploads\/sites\/3\/2022\/07\/Ahuntsic-en-fugue.jpg","jetpack_sharing_enabled":true,"jetpack_shortlink":"https:\/\/wp.me\/p9bdYt-iEF","amp_enabled":true,"_links":{"self":[{"href":"https:\/\/www.ludwig-van.com\/montreal\/wp-json\/wp\/v2\/posts\/71713"}],"collection":[{"href":"https:\/\/www.ludwig-van.com\/montreal\/wp-json\/wp\/v2\/posts"}],"about":[{"href":"https:\/\/www.ludwig-van.com\/montreal\/wp-json\/wp\/v2\/types\/post"}],"author":[{"embeddable":true,"href":"https:\/\/www.ludwig-van.com\/montreal\/wp-json\/wp\/v2\/users\/51"}],"replies":[{"embeddable":true,"href":"https:\/\/www.ludwig-van.com\/montreal\/wp-json\/wp\/v2\/comments?post=71713"}],"version-history":[{"count":22,"href":"https:\/\/www.ludwig-van.com\/montreal\/wp-json\/wp\/v2\/posts\/71713\/revisions"}],"predecessor-version":[{"id":72038,"href":"https:\/\/www.ludwig-van.com\/montreal\/wp-json\/wp\/v2\/posts\/71713\/revisions\/72038"}],"wp:featuredmedia":[{"embeddable":true,"href":"https:\/\/www.ludwig-van.com\/montreal\/wp-json\/wp\/v2\/media\/71731"}],"wp:attachment":[{"href":"https:\/\/www.ludwig-van.com\/montreal\/wp-json\/wp\/v2\/media?parent=71713"}],"wp:term":[{"taxonomy":"category","embeddable":true,"href":"https:\/\/www.ludwig-van.com\/montreal\/wp-json\/wp\/v2\/categories?post=71713"},{"taxonomy":"post_tag","embeddable":true,"href":"https:\/\/www.ludwig-van.com\/montreal\/wp-json\/wp\/v2\/tags?post=71713"},{"taxonomy":"yst_prominent_words","embeddable":true,"href":"https:\/\/www.ludwig-van.com\/montreal\/wp-json\/wp\/v2\/yst_prominent_words?post=71713"}],"curies":[{"name":"wp","href":"https:\/\/api.w.org\/{rel}","templated":true}]}}