{"id":71672,"date":"2022-07-22T14:30:52","date_gmt":"2022-07-22T18:30:52","guid":{"rendered":"https:\/\/www.ludwig-van.com\/montreal\/?p=71672"},"modified":"2022-07-22T14:30:52","modified_gmt":"2022-07-22T18:30:52","slug":"actualites-quatre-bonnes-nouvelles-en-musique-classique-pour-terminer-la-semaine","status":"publish","type":"post","link":"https:\/\/www.ludwig-van.com\/montreal\/2022\/07\/22\/actualites-quatre-bonnes-nouvelles-en-musique-classique-pour-terminer-la-semaine\/","title":{"rendered":"ACTUALIT\u00c9S | Trois bonnes nouvelles en musique classique pour terminer la semaine"},"content":{"rendered":"<figure id=\"attachment_71675\" aria-describedby=\"caption-attachment-71675\" style=\"width: 1200px\" class=\"wp-caption alignnone\"><img decoding=\"async\" loading=\"lazy\" class=\"size-full wp-image-71675\" src=\"https:\/\/www.ludwig-van.com\/montreal\/wp-content\/uploads\/sites\/3\/2022\/07\/Actualites-NYO-cover.jpg\" alt=\"L'Orchestre national des jeunes du Canada (NYO Canada). (Photo: courtoisie)\" width=\"1200\" height=\"628\" \/><figcaption id=\"caption-attachment-71675\" class=\"wp-caption-text\">L&rsquo;Orchestre national des jeunes du Canada (NYO Canada). (Photo: courtoisie)<\/figcaption><\/figure>\n<h3>L&rsquo;Orchestre national des jeunes du Canada est au Qu\u00e9bec<\/h3>\n<p>L&rsquo;Orchestre national des jeunes du Canada, ou <strong>NYO Canada<\/strong>, est pr\u00e9sentement au Qu\u00e9bec dans le cadre de sa tourn\u00e9e Borealis et donne un concert ce soir, 19 h 30, \u00e0 la Maison symphonique, sous la direction de Sascha Goetzel.<\/p>\n<p>Au programme, des \u0153uvres de Brahms, Strauss, Rotta, une premi\u00e8re du compositeur Montr\u00e9alais Leo Purich intitul\u00e9e <em>Canop\u00e9es<\/em>, ainsi qu&rsquo;une premi\u00e8re de la compositrice de Colombie-Britannique Katerina Gimon intitul\u00e9e <em>Roots Beneath<\/em>.<\/p>\n<p>L&rsquo;ensemble jouera \u00e9galement le 29 juillet \u00e0 Mont-Laurier (Espace Th\u00e9\u00e2tre) et \u00e0 Qu\u00e9bec, au Palais Montcalm, le 1er ao\u00fbt.<\/p>\n<p>&nbsp;<\/p>\n<figure id=\"attachment_71077\" aria-describedby=\"caption-attachment-71077\" style=\"width: 1200px\" class=\"wp-caption alignnone\"><img decoding=\"async\" loading=\"lazy\" class=\"size-full wp-image-71077\" src=\"https:\/\/www.ludwig-van.com\/montreal\/wp-content\/uploads\/sites\/3\/2022\/05\/Domaine-Forget-1200-courtoisie.jpg\" alt=\"Le Domaine Forget. (Photo: courtoisie)\" width=\"1200\" height=\"674\" \/><figcaption id=\"caption-attachment-71077\" class=\"wp-caption-text\">Le Domaine Forget. (Photo: courtoisie)<\/figcaption><\/figure>\n<h3>Un don majeur pour le Domaine Forget de Charlevoix<\/h3>\n<p>Le <strong>Domaine Forget de Charlevoix<\/strong> a re\u00e7u un don majeur de la Fondation Sandra et Alain Bouchard. Cette contribution financi\u00e8re exceptionnelle permettra \u00e0 l\u2019institution de d\u00e9velopper son Acad\u00e9mie internationale de musique et de danse, en accueillant l\u2019Orchestre M\u00e9tropolitain en r\u00e9sidence cet \u00e9t\u00e9 durant le stage de direction d\u2019orchestre.<\/p>\n<p>\u00ab Ce g\u00e9n\u00e9reux don offre l\u2019opportunit\u00e9 aux \u00e9tudiants qui participent au stage de direction d\u2019orchestre de travailler avec un orchestre professionnel, \u00e9l\u00e9ment essentiel \u00e0 la formation de tout jeune chef d\u2019orchestre qui s\u2019oriente vers une carri\u00e8re, en plus d\u2019offrir un des grands concerts de la saison du Festival international. \u00bb, souligne Ginette Gauthier, directrice g\u00e9n\u00e9rale du Domaine Forget de Charlevoix, par communiqu\u00e9.<\/p>\n<p>Toutefois, le montant du don n&rsquo;a pas \u00e9t\u00e9 d\u00e9voil\u00e9.<\/p>\n<p>&nbsp;<\/p>\n<figure id=\"attachment_59722\" aria-describedby=\"caption-attachment-59722\" style=\"width: 1024px\" class=\"wp-caption aligncenter\"><img decoding=\"async\" loading=\"lazy\" class=\"wp-image-59722 size-full\" src=\"https:\/\/www.ludwig-van.com\/montreal\/wp-content\/uploads\/sites\/3\/2019\/05\/Amphithe\u00e2tre-Fernand-Lindsay-Lanaudiere-WEB-Pure-Perception.jpg\" alt=\"\" width=\"1024\" height=\"682\" srcset=\"https:\/\/www.ludwig-van.com\/montreal\/wp-content\/uploads\/sites\/3\/2019\/05\/Amphithe\u00e2tre-Fernand-Lindsay-Lanaudiere-WEB-Pure-Perception.jpg 1024w, https:\/\/www.ludwig-van.com\/montreal\/wp-content\/uploads\/sites\/3\/2019\/05\/Amphithe\u00e2tre-Fernand-Lindsay-Lanaudiere-WEB-Pure-Perception-300x200.jpg 300w, https:\/\/www.ludwig-van.com\/montreal\/wp-content\/uploads\/sites\/3\/2019\/05\/Amphithe\u00e2tre-Fernand-Lindsay-Lanaudiere-WEB-Pure-Perception-768x512.jpg 768w\" sizes=\"(max-width: 1024px) 100vw, 1024px\" \/><figcaption id=\"caption-attachment-59722\" class=\"wp-caption-text\">L&rsquo;amphith\u00e9\u00e2tre Fernand-Lindsay du Festival de Lanaudi\u00e8re recevra cet \u00e9t\u00e9 de nombreux artistes d&rsquo;ici et d&rsquo;ailleurs. (Photo: Pure Perception)<\/figcaption><\/figure>\n<h3>Nouveau programme de mentorat \u00e0 Lanaudi\u00e8re<\/h3>\n<p>Le Festival de Lanaudi\u00e8re annonce le lancement d\u2019un projet-pilote pour favoriser la mobilit\u00e9 internationale des musiciens classiques canadiens les plus prometteurs. Rendu possible gr\u00e2ce \u00e0 la g\u00e9n\u00e9rosit\u00e9 de la Fondation P\u00e8re-Lindsay et du Fonds Jacques-Martin, ce projet permettra \u00e0 six des jeunes musiciens classiques canadiens les plus \u00e9tablis au pays de cr\u00e9er des liens professionnels privil\u00e9gi\u00e9s avec les musiciens internationaux de passage au Festival cet \u00e9t\u00e9.<\/p>\n<p>Les six musiciennes et musiciens choisis pour cette ann\u00e9e sont : Marie B\u00e9gin (violon), Samuel Blanchette-Gagnon (piano), Ariane Brisson (fl\u00fbte), Hugo Laporte (voix), Antoine Malette-Ch\u00e9nier (harpe) et Rose Naggar-Tremblay (voix). \u00c0 eux six, ces musiciens ont remport\u00e9 presque toutes les distinctions en musique classique au Qu\u00e9bec dans les derni\u00e8res ann\u00e9es, du Prix d\u2019Europe au Concours OSM, en passant par les R\u00e9v\u00e9lations classiques Radio-Canada.<\/p>\n<h2><em>Inscrivez-vous \u00e0 notre infolettre! La musique classique et l&rsquo;op\u00e9ra en 5 minutes, chaque jour<\/em> \u00a0<span style=\"color: #ff0000;\"><a style=\"color: #ff0000;\" href=\"https:\/\/ludwig-van.us9.list-manage.com\/subscribe?u=4f785cb3f9058f2393ccad035&amp;id=b9b160c032\" target=\"_blank\" rel=\"noopener noreferrer\">ICI\u00a0<\/a><\/span><\/h2>\n","protected":false},"excerpt":{"rendered":"<p>L&rsquo;Orchestre national des jeunes du Canada est au Qu\u00e9bec L&rsquo;Orchestre national des jeunes du Canada, ou NYO Canada, est pr\u00e9sentement au Qu\u00e9bec dans le cadre de sa tourn\u00e9e Borealis et donne un concert ce soir, 19 h 30, \u00e0 la Maison symphonique, sous la direction de Sascha Goetzel. Au programme, des \u0153uvres de Brahms, Strauss, [&hellip;]<\/p>\n","protected":false},"author":51,"featured_media":71675,"comment_status":"open","ping_status":"open","sticky":false,"template":"","format":"standard","meta":{"om_disable_all_campaigns":false,"jetpack_post_was_ever_published":false},"categories":[42010,10956,10992],"tags":[],"yst_prominent_words":[7070,19446,14335,32459,15883,32465,33085,10292,33083,35792,10167,33084,33082,33098,14774],"acf":[],"jetpack_featured_media_url":"https:\/\/www.ludwig-van.com\/montreal\/wp-content\/uploads\/sites\/3\/2022\/07\/Actualites-NYO-cover.jpg","jetpack_sharing_enabled":true,"jetpack_shortlink":"https:\/\/wp.me\/p9bdYt-iE0","amp_enabled":true,"_links":{"self":[{"href":"https:\/\/www.ludwig-van.com\/montreal\/wp-json\/wp\/v2\/posts\/71672"}],"collection":[{"href":"https:\/\/www.ludwig-van.com\/montreal\/wp-json\/wp\/v2\/posts"}],"about":[{"href":"https:\/\/www.ludwig-van.com\/montreal\/wp-json\/wp\/v2\/types\/post"}],"author":[{"embeddable":true,"href":"https:\/\/www.ludwig-van.com\/montreal\/wp-json\/wp\/v2\/users\/51"}],"replies":[{"embeddable":true,"href":"https:\/\/www.ludwig-van.com\/montreal\/wp-json\/wp\/v2\/comments?post=71672"}],"version-history":[{"count":3,"href":"https:\/\/www.ludwig-van.com\/montreal\/wp-json\/wp\/v2\/posts\/71672\/revisions"}],"predecessor-version":[{"id":71676,"href":"https:\/\/www.ludwig-van.com\/montreal\/wp-json\/wp\/v2\/posts\/71672\/revisions\/71676"}],"wp:featuredmedia":[{"embeddable":true,"href":"https:\/\/www.ludwig-van.com\/montreal\/wp-json\/wp\/v2\/media\/71675"}],"wp:attachment":[{"href":"https:\/\/www.ludwig-van.com\/montreal\/wp-json\/wp\/v2\/media?parent=71672"}],"wp:term":[{"taxonomy":"category","embeddable":true,"href":"https:\/\/www.ludwig-van.com\/montreal\/wp-json\/wp\/v2\/categories?post=71672"},{"taxonomy":"post_tag","embeddable":true,"href":"https:\/\/www.ludwig-van.com\/montreal\/wp-json\/wp\/v2\/tags?post=71672"},{"taxonomy":"yst_prominent_words","embeddable":true,"href":"https:\/\/www.ludwig-van.com\/montreal\/wp-json\/wp\/v2\/yst_prominent_words?post=71672"}],"curies":[{"name":"wp","href":"https:\/\/api.w.org\/{rel}","templated":true}]}}