{"id":71661,"date":"2022-07-21T12:14:30","date_gmt":"2022-07-21T16:14:30","guid":{"rendered":"https:\/\/www.ludwig-van.com\/montreal\/?p=71661"},"modified":"2022-08-02T11:17:26","modified_gmt":"2022-08-02T15:17:26","slug":"entretien-pierre-laurent-aimard-messiaen-et-lamour-des-oiseaux","status":"publish","type":"post","link":"https:\/\/www.ludwig-van.com\/montreal\/2022\/07\/21\/entretien-pierre-laurent-aimard-messiaen-et-lamour-des-oiseaux\/","title":{"rendered":"ENTRETIEN | Pierre-Laurent Aimard, Messiaen et l&rsquo;amour des oiseaux"},"content":{"rendered":"<figure id=\"attachment_71807\" aria-describedby=\"caption-attachment-71807\" style=\"width: 1200px\" class=\"wp-caption alignnone\"><img decoding=\"async\" loading=\"lazy\" class=\"size-full wp-image-71807\" src=\"https:\/\/www.ludwig-van.com\/montreal\/wp-content\/uploads\/sites\/3\/2022\/07\/Pierre-Laurent-Aimard-cr-Julie-Wesley.jpg\" alt=\"Pierre-Laurent Aimard, pianiste. (Photo: Julie Wesely)\" width=\"1200\" height=\"628\" \/><figcaption id=\"caption-attachment-71807\" class=\"wp-caption-text\">Pierre-Laurent Aimard, pianiste. (Photo: Julie Wesely)<\/figcaption><\/figure>\n<h3>Une aventure musicale inusit\u00e9e et fascinante prendra place au Festival international de Lanaudi\u00e8re ce week-end : <strong>Pierre-Laurent Aimard<\/strong> interpr\u00e8te l&rsquo;int\u00e9grale du <em>Catalogue d&rsquo;oiseaux<\/em> d&rsquo;Olivier Messiaen en quatre r\u00e9citals.<\/h3>\n<p>Contact\u00e9 par t\u00e9l\u00e9phone \u00e0 Berlin, le pianiste nous parle de ce projet et de sa relation avec le grand compositeur fran\u00e7ais.<\/p>\n<p>La derni\u00e8re fois que <strong>Pierre-Laurent Aimard<\/strong> est venu au Qu\u00e9bec, il a jou\u00e9 le Concerto no 1 de Bartok avec l&rsquo;OSM \u00e0 la Maison symphonique, <a href=\"https:\/\/www.ludwig-van.com\/montreal\/2019\/10\/31\/critique-francois-xavier-roth-osm\/\" target=\"_blank\" rel=\"noopener\">une prestation saisissante.\u00a0<\/a><\/p>\n<p><strong>LVM: \u00ab\u00a0Vous avez \u00e9tudi\u00e9 avec Yvonne Loriod, qui fut l&rsquo;\u00e9pouse de Messiaen et \u00e0 qui il a justement d\u00e9di\u00e9 ce Catalogue d&rsquo;oiseaux. Ce sont d\u00e9j\u00e0 de bonnes raisons d&rsquo;interpr\u00e9ter ce cycle, que vous avez d&rsquo;ailleurs enregistr\u00e9, mais vous avez s\u00fbrement d&rsquo;autres raisons.\u00a0<\/strong><\/p>\n<p><strong>Pierre-Laurent Aimard:<\/strong> \u00ab\u00a0Je crois que c&rsquo;est un cycle capital dans l&rsquo;histoire du piano et dans l&rsquo;histoire de la musique en g\u00e9n\u00e9ral, pour plusieurs raisons. Or, il est peu pr\u00e9sent sur les sc\u00e8nes, surtout en tant qu&rsquo;ensemble. Il n&rsquo;est presque jamais donn\u00e9 dans son enti\u00e8ret\u00e9, et je trouve important de le donner. D&rsquo;abord, c&rsquo;est un monument du piano. Il y a l\u00e0 une \u00e9criture pour l&rsquo;instrument qui a une virtuosit\u00e9 et une coloration qui sont compl\u00e8tement sp\u00e9cifiques et originales, et qui ont un grand pouvoir d&rsquo;\u00e9vocation pour l&rsquo;auditeur.<\/p>\n<p>Ensuite, c&rsquo;est une \u0153uvre ancr\u00e9e dans les ann\u00e9es 50, qui sont des ann\u00e9es d&rsquo;avant-garde, et c&rsquo;est une \u0153uvre dans une langage et une esth\u00e9tique tr\u00e8s personnelles mais qui sont \u00e9minemment d&rsquo;avant-garde, parce que la langue est compl\u00e8tement nouvelle, la source est compl\u00e8tement nouvelle. On n&rsquo;a jamais \u00e9crit une musique int\u00e9gralement inspir\u00e9e ou bas\u00e9e sur des musiques de la nature, avec des chants constants qui ne sont pas des chants, et avec des formes qui viennent aussi de la nature et non pas de la culture humaine. On a donc une sorte d&rsquo;audace de cr\u00e9ation, des recherches sur le timbre, sur le temps, sur l&rsquo;acoustique avec des situations sonores, ainsi qu&rsquo;une int\u00e9gration du silence comme composante musicale. Cela en fait une \u0153uvre tr\u00e8s novatrice.<\/p>\n<p>C&rsquo;est \u00e9galement une \u0153uvre tr\u00e8s proph\u00e9tique puisque c&rsquo;est un hymne \u00e0 la nature. En faisant un catalogue des chants d&rsquo;oiseaux il y a un d\u00e9sir m\u00e9thodologique, presque scientifique, de faire entendre un ensemble de repr\u00e9sentants de la nature. Or, on sait ce qui est advenu \u00e0 la nature depuis, et notamment aux oiseaux. Les ornithologues nous disent que l&rsquo;on ne peut plus, aujourd&rsquo;hui, entendre un tiers des oiseaux qui chantent dans ces catalogues. C&rsquo;est une \u0153uvre, qui, comme t\u00e9moignage et comme annonce, prend aujourd&rsquo;hui un sens important. Je remarque que le public, de nos jours, est touch\u00e9 plus profond\u00e9ment par l&rsquo;\u0153uvre qu&rsquo;il ne l&rsquo;\u00e9tait il y a quelques d\u00e9cennies.\u00a0\u00bb<\/p>\n<p><strong>LVM: chaque oiseau repr\u00e9sente aussi une province fran\u00e7aise?\u00a0<\/strong><\/p>\n<p><strong>Pierre-Laurent Aimard:<\/strong> \u00ab\u00a0En effet, il y a une volont\u00e9 de r\u00e9unir, dans un paysage, un certain nombre d&rsquo;oiseaux participants, de fa\u00e7on \u00e0 caract\u00e9riser les pi\u00e8ces qui, m\u00eame si elles sont bas\u00e9es sur le m\u00eame principe, sont d&rsquo;une extraordinaire vari\u00e9t\u00e9.\u00a0\u00bb<\/p>\n<p><strong>LVM: selon le programme du festival, il semble que vous avez modifi\u00e9 l&rsquo;ordre des pi\u00e8ces?<\/strong><\/p>\n<p><strong>Pierre-Laurent Aimard:<\/strong> \u00ab\u00a0Oui et non. Oui, si vous parlez de l&rsquo;ordre de publication, mais l&rsquo;ordre de publication n&rsquo;est pas n\u00e9cessairement l&rsquo;ordre d&rsquo;ex\u00e9cution car ce ne sont pas des oeuvres qui ont \u00e9t\u00e9 pens\u00e9es pour le rituel traditionnel du concert post-romantique. Leur forme, leur dramaturgie ne correspond pas \u00e0 ce cadre, et l&rsquo;ensemble de ces pi\u00e8ces, qui constitue un corpus de deux heures et demie, n&rsquo;est pas du tout destin\u00e9 aux proportions du concert traditionnel. C&rsquo;est pour cela que je propose un \u00e9v\u00e9nement particulier qui est \u00e9clat\u00e9 dans le temps, et nous fait voyager dans le temps, dans la journ\u00e9e, comme les pi\u00e8ces nous invitent \u00e0 le faire. C&rsquo;est pour trouver une forme pour cet ensemble pi\u00e8ces &#8211; qui n&rsquo;est pas vraiment un cycle, du reste &#8211; correspondant mieux \u00e0 son esprit et faire sentir ce voyage dans le temps qu&rsquo;est ce catalogue, soit une esp\u00e8ce de mise en ordre d&rsquo;\u00e9coute de la nature par l&rsquo;humain.\u00a0\u00bb<\/p>\n<p><strong>LVM: vous avez bien connu et c\u00f4toy\u00e9 Messiaen. Pouvez-vous nous en parler? Qu&rsquo;est-ce qui vous a le plus marqu\u00e9 chez lui?\u00a0<\/strong><\/p>\n<p><strong>Pierre-Laurent Aimard:<\/strong> \u00ab\u00a0Je l&rsquo;ai connu depuis l&rsquo;\u00e2ge de 12 ans, donc depuis 1969, alors c&rsquo;est un long parcours. Ce qui m&rsquo;a toujours frapp\u00e9, chez lui, c&rsquo;est sa paix int\u00e9rieure. C&rsquo;\u00e9tait un \u00eatre tr\u00e8s paisible. Et sa capacit\u00e9 d&rsquo;\u00e9coute. Des ph\u00e9nom\u00e8nes acoustiques, bien s\u00fbr, mais aussi des humains, et c&rsquo;est ce qui en a fait un tr\u00e8s grand professeur. C&rsquo;est quelqu&rsquo;un qui avait une capacit\u00e9 d&rsquo;observation, par l&rsquo;ou\u00efe, tr\u00e8s frappante. Il \u00e9tait tr\u00e8s \u00e0 l&rsquo;\u00e9coute des gens.\u00a0\u00bb<\/p>\n<p><strong>LVM: \u00eates-vous, vous-m\u00eame, un amoureux de la nature, des animaux, de la for\u00eat?\u00a0<\/strong><\/p>\n<p><strong>Pierre-Laurent Aimard:<\/strong> \u00ab\u00a0Comme tout \u00eatre humain, oui, je suis reli\u00e9 \u00e0 la nature. \u00c0 l&rsquo;origine, mes premi\u00e8res promenades d&rsquo;observation dans la nature et particuli\u00e8rement d&rsquo;observation ornithologiques, je les dois \u00e0 Messiaen, car pour essayer de comprendre ces catalogues d&rsquo;oiseaux et bien les jouer, j&rsquo;ai essay\u00e9 de faire ce qu&rsquo;il a fait tant de fois. Et ce que j&rsquo;ai observ\u00e9, c&rsquo;est que la nature nous dicte un autre temps, un autre temps de l&rsquo;\u00e9coute. Un temps bas\u00e9 sur la patience. On doit parfois attendre un chant d&rsquo;oiseau tr\u00e8s longtemps. Et aussi, un temps bas\u00e9 sur l&rsquo;inattendu, car on ne sait jamais qui va chanter, quand, et de quelle direction. C&rsquo;est un type d&rsquo;\u00e9coute qui n&rsquo;est pas du tout celui qu&rsquo;on a dans nos habitudes occidentales.<\/p>\n<p>De ce point de vue, Messiaen nous enseigne beaucoup \u00e0 \u00e9couter. La nature nous invite \u00e0 l&rsquo;observation, \u00e0 la m\u00e9ditation et l\u00e0 encore, nous sommes \u00e0 ce moment-l\u00e0 des \u00eatres d&rsquo;\u00e9coute beaucoup moins actifs et volontaristes que quand on \u00e9coute d&rsquo;autres musiques. Quand vous allez dans la nature, vous ne savez jamais ce qui va se passer et ce que vous allez entendre, mais quand vous d\u00e9cidez d&rsquo;aller \u00e9couter telle ou telle symphonie, c&rsquo;est un choix, et vous savez \u00e0 quel type de forme ou de dramaturgie vous allez vous exposer. Il faut avoir une forme d&rsquo;acceptation. D&rsquo;ailleurs, le meilleur auditoire que j&rsquo;ai eu pour le Catalogue d&rsquo;oiseaux, ce n&rsquo;\u00e9tait pas un public de concert traditionnel, mais bien le public pr\u00e9sent dans un sanctuaire d&rsquo;oiseaux, avec des observateurs qui faisaient des marches. Ils ont compris imm\u00e9diatement le sens de cette musique, et comment l&rsquo;\u00e9couter. J&rsquo;ai trouv\u00e9 que c&rsquo;\u00e9tait un auditoire id\u00e9al.\u00a0\u00bb<\/p>\n<p><strong>LVM: aimeriez-vous ajouter un mot de conclusion?<\/strong><\/p>\n<p><strong>Pierre-Laurent Aimard<\/strong>: \u00ab\u00a0Je suis heureux d&rsquo;aller \u00e0 la rencontre d&rsquo;un public qui accepter de venir \u00e0 des heures inhabituelles pour vivre une aventure musicale. La sc\u00e8ne n&rsquo;est pas un endroit pour la routine et la d\u00e9magogie culturelle, c&rsquo;est un endroit pour la d\u00e9couverte et l&rsquo;aventure, parfois audacieuse. De voir que les gens sont pr\u00eats \u00e0 partager cela, \u00e7a me touche beaucoup.\u00a0\u00bb<\/p>\n<h4><strong>Horaire des r\u00e9citals de Pierre-Laurent Aimard \u00e0 l&rsquo;Amphith\u00e9\u00e2tre Fernand-Lindsay:\u00a0<\/strong><\/h4>\n<p><strong>R\u00e9cital 1: Vendredi 22 juillet, 22 h<\/strong>. Avant le concert, d\u00e8s 20 h, on propose une projection sur \u00e9cran sur le chant des oiseaux, suivie d&rsquo;une sieste musicale avec harpe. <a href=\"https:\/\/lanaudiere.org\/fr\/programmation\/chants-doiseaux-miroirs-de-lame\/\" target=\"_blank\" rel=\"noopener\">D\u00c9TAILS ET BILLETS<\/a><\/p>\n<p><strong>R\u00e9cital 2: Samedi 23 juillet, 8 h du matin.<\/strong> Petit d\u00e9jeuner, caf\u00e9 et viennoiseries, d\u00e8s 7 h. <a href=\"https:\/\/lanaudiere.org\/fr\/programmation\/chants-doiseaux-miroirs-de-lame-2\/\" target=\"_blank\" rel=\"noopener\">D\u00c9TAILS ET BILLETS<\/a><\/p>\n<p><strong>R\u00e9cital 3: Samedi 23 juillet, 14 h.<\/strong> Balade musical en sentier offerte apr\u00e8s le concert. <a href=\"https:\/\/lanaudiere.org\/fr\/programmation\/chants-doiseaux-miroirs-de-lame-3\/\" target=\"_blank\" rel=\"noopener\">D\u00c9TAILS ET BILLETS<\/a><\/p>\n<p><strong>R\u00e9cital 4: Samedi 23 juillet, 20 h.<\/strong> <a href=\"https:\/\/lanaudiere.org\/fr\/programmation\/chants-doiseaux-miroirs-de-lame-4\/\" target=\"_blank\" rel=\"noopener\">D\u00c9TAILS ET BILLETS<\/a><\/p>\n<h2><em>Inscrivez-vous \u00e0 notre infolettre! La musique classique et l&rsquo;op\u00e9ra en 5 minutes, chaque jour<\/em> \u00a0<span style=\"color: #ff0000;\"><a style=\"color: #ff0000;\" href=\"https:\/\/ludwig-van.us9.list-manage.com\/subscribe?u=4f785cb3f9058f2393ccad035&amp;id=b9b160c032\" target=\"_blank\" rel=\"noopener noreferrer\">ICI\u00a0<\/a><\/span><\/h2>\n","protected":false},"excerpt":{"rendered":"<p>Une aventure musicale inusit\u00e9e et fascinante prendra place au Festival international de Lanaudi\u00e8re ce week-end : Pierre-Laurent Aimard interpr\u00e8te l&rsquo;int\u00e9grale du Catalogue d&rsquo;oiseaux d&rsquo;Olivier Messiaen en quatre r\u00e9citals.<\/p>\n","protected":false},"author":51,"featured_media":71807,"comment_status":"open","ping_status":"open","sticky":false,"template":"","format":"standard","meta":{"om_disable_all_campaigns":false,"jetpack_post_was_ever_published":false},"categories":[42010,10956,10998],"tags":[42007,42044],"yst_prominent_words":[10159,9842,26052,14707,33372,36063,36078,30476,11542],"acf":[],"jetpack_featured_media_url":"https:\/\/www.ludwig-van.com\/montreal\/wp-content\/uploads\/sites\/3\/2022\/07\/Pierre-Laurent-Aimard-cr-Julie-Wesley.jpg","jetpack_sharing_enabled":true,"jetpack_shortlink":"https:\/\/wp.me\/p9bdYt-iDP","amp_enabled":true,"_links":{"self":[{"href":"https:\/\/www.ludwig-van.com\/montreal\/wp-json\/wp\/v2\/posts\/71661"}],"collection":[{"href":"https:\/\/www.ludwig-van.com\/montreal\/wp-json\/wp\/v2\/posts"}],"about":[{"href":"https:\/\/www.ludwig-van.com\/montreal\/wp-json\/wp\/v2\/types\/post"}],"author":[{"embeddable":true,"href":"https:\/\/www.ludwig-van.com\/montreal\/wp-json\/wp\/v2\/users\/51"}],"replies":[{"embeddable":true,"href":"https:\/\/www.ludwig-van.com\/montreal\/wp-json\/wp\/v2\/comments?post=71661"}],"version-history":[{"count":10,"href":"https:\/\/www.ludwig-van.com\/montreal\/wp-json\/wp\/v2\/posts\/71661\/revisions"}],"predecessor-version":[{"id":71808,"href":"https:\/\/www.ludwig-van.com\/montreal\/wp-json\/wp\/v2\/posts\/71661\/revisions\/71808"}],"wp:featuredmedia":[{"embeddable":true,"href":"https:\/\/www.ludwig-van.com\/montreal\/wp-json\/wp\/v2\/media\/71807"}],"wp:attachment":[{"href":"https:\/\/www.ludwig-van.com\/montreal\/wp-json\/wp\/v2\/media?parent=71661"}],"wp:term":[{"taxonomy":"category","embeddable":true,"href":"https:\/\/www.ludwig-van.com\/montreal\/wp-json\/wp\/v2\/categories?post=71661"},{"taxonomy":"post_tag","embeddable":true,"href":"https:\/\/www.ludwig-van.com\/montreal\/wp-json\/wp\/v2\/tags?post=71661"},{"taxonomy":"yst_prominent_words","embeddable":true,"href":"https:\/\/www.ludwig-van.com\/montreal\/wp-json\/wp\/v2\/yst_prominent_words?post=71661"}],"curies":[{"name":"wp","href":"https:\/\/api.w.org\/{rel}","templated":true}]}}