{"id":71650,"date":"2022-07-18T14:54:08","date_gmt":"2022-07-18T18:54:08","guid":{"rendered":"https:\/\/www.ludwig-van.com\/montreal\/?p=71650"},"modified":"2022-07-18T14:56:09","modified_gmt":"2022-07-18T18:56:09","slug":"actualites-trois-nouvelles-en-musique-classique-a-connaitre-aujourdhui","status":"publish","type":"post","link":"https:\/\/www.ludwig-van.com\/montreal\/2022\/07\/18\/actualites-trois-nouvelles-en-musique-classique-a-connaitre-aujourdhui\/","title":{"rendered":"ACTUALIT\u00c9S | Trois nouvelles en musique classique \u00e0 conna\u00eetre aujourd&rsquo;hui"},"content":{"rendered":"<figure id=\"attachment_71653\" aria-describedby=\"caption-attachment-71653\" style=\"width: 1200px\" class=\"wp-caption alignnone\"><img decoding=\"async\" loading=\"lazy\" class=\"size-full wp-image-71653\" src=\"https:\/\/www.ludwig-van.com\/montreal\/wp-content\/uploads\/sites\/3\/2022\/07\/Orchestre-Metropolitain-cover.jpg\" alt=\"L'Orchestre M\u00e9tropolitain a attir\u00e9 16 000 spectateurs en deux soirs au Th\u00e9\u00e2tre de Verdure. Juillet 2022. (Photo: Sylvain L\u00e9gar\u00e9)\" width=\"1200\" height=\"628\" \/><figcaption id=\"caption-attachment-71653\" class=\"wp-caption-text\">L&rsquo;Orchestre M\u00e9tropolitain a notamment jou\u00e9 deux soirs au Th\u00e9\u00e2tre de Verdure, sur le Plateau Mont-Royal. (Photo: Sylvain L\u00e9gar\u00e9)<\/figcaption><\/figure>\n<h3>L&rsquo;Orchestre M\u00e9tropolitain attire 16 000 personnes dans les parcs de Montr\u00e9al<\/h3>\n<p>L&rsquo;OM a attir\u00e9 16 000 spectateurs \u00e0 ses concerts gratuits donn\u00e9s jusqu&rsquo;\u00e0 maintenant dans les parcs, sous la direction de la cheffe <strong>M\u00e9lanie L\u00e9onard<\/strong>. Dans le cadre de sa s\u00e9rie estivale <em>L&rsquo;OM prend l&rsquo;air<\/em>, il interpr\u00e9tait la Symphonie no 3 de Louise Farrenc et la Symphonie no 5 de Beethoven.<\/p>\n<p>Le prochain concert ext\u00e9rieur gratuit de l&rsquo;OM aura lieu le 2 ao\u00fbt, au pied du Mont-Royal, sous la direction de <strong>Yannick N\u00e9zet-S\u00e9guin<\/strong>. Au programme: les deux symphonies mentionn\u00e9es ci-haut, avec, en plus, un extrait de l&rsquo;Ouverture \u00ab\u00a0Ville cosmopolite\u00a0\u00bb d&rsquo;<strong>Airat Ichmouratov<\/strong>, et <em>Eko-Bmijwang<\/em> (Aussi longtemps que la rivi\u00e8re coule) de <strong>Barbara Assiginaak.<\/strong> Mais avant cela, l&rsquo;orchestre sera aussi au <strong>Festival International du Domaine Forget <\/strong>le 23 juillet ainsi qu&rsquo;au Festival international de Lanaudi\u00e8re le 31 juillet pour le concert <em>Rossimania. <\/em><a href=\"https:\/\/orchestremetropolitain.com\/fr\/concerts\/rossinimania\/?show_date_id=4667\" target=\"_blank\" rel=\"noopener\">D\u00c9TAILS<\/a><\/p>\n<p>Par la suite, l&rsquo;OM sera au <strong>Festival des arts de Saint-Sauveur<\/strong> le 5 ao\u00fbt, et au <strong>Festival international de Lanaudi\u00e8re les 6 et 7 ao\u00fbt.\u00a0<\/strong><\/p>\n<p>&nbsp;<\/p>\n<h3>Fin de tournage du film \u00ab\u00a0Les jours heureux\u00a0\u00bb \u00e0 la Maison symphonique<\/h3>\n<p>Le tournage du film \u00ab\u00a0Les jours heureux\u00a0\u00bb, de Chlo\u00e9 Robichaud, s&rsquo;est termin\u00e9 cette semaine \u00e0 la Maison symphonique. Le long-m\u00e9trage raconte l&rsquo;histoire d&rsquo;une cheffe d&rsquo;orchestre, incarn\u00e9e par l&rsquo;actrice Sophie Desmarais, qui vit une relation toxique avec son p\u00e8re. Pour les fins du film, elle a dirig\u00e9 l&rsquo;OM dans quelques extraits musicaux, et re\u00e7u les conseils de Yannick-N\u00e9zet S\u00e9guin.<\/p>\n<p>Il s&rsquo;agit d&rsquo;un troisi\u00e8me long-m\u00e9trage pour la cin\u00e9aste, qui a \u00e9galement r\u00e9alis\u00e9 Sarah pr\u00e9f\u00e8re la course, en 2012, et Pays, en 2016.<\/p>\n<h3>Un livre sur Yourcenar &#8211; Une \u00eele de passions<\/h3>\n<p>Le livre <em>Yourcenar &#8211; Une \u00eele de passions &#8211; La cr\u00e9ation d&rsquo;un op\u00e9ra<\/em>, sign\u00e9 <strong>Marie-Claire Blais<\/strong> et <strong>H\u00e9l\u00e8ne Dorion<\/strong>, est maintenant disponible aux \u00c9ditions de l&rsquo;Homme.<\/p>\n<p>Description:<\/p>\n<p><em>L&rsquo;op\u00e9ra imagin\u00e9 par H\u00e9l\u00e8ne Dorion et \u00e9crit \u00e0 quatre mains avec Marie-Claire Blais est ici offert dans son int\u00e9gralit\u00e9 et pr\u00e9sent\u00e9 par les librettistes qui en racontent la mise au monde. Chacun \u00e0 leur tour, les concepteurs et les principaux interpr\u00e8tes ouvrent leur atelier, leurs carnets de croquis et de notes pour rappeler les doutes et les fulgurances qui ont jalonn\u00e9 le travail. Derri\u00e8re l&rsquo;acte de cr\u00e9er, nous d\u00e9couvrons la r\u00e9flexion, l&rsquo;intuition, l&rsquo;imagination et l&rsquo;inspiration qui ont men\u00e9 \u00e0 la naissance de l&rsquo;\u0153uvre, de l&rsquo;id\u00e9e initiale jusqu&rsquo;\u00e0 sa concr\u00e9tisation, le soir de premi\u00e8re.<\/em><\/p>\n<p><a href=\"http:\/\/www.editions-homme.com\/yourcenar-ile-passions\/marie-claire-blais\/livre\/9782761959384\" target=\"_blank\" rel=\"noopener\">D\u00c9TAILS<\/a><\/p>\n<p>Rappelons que la premi\u00e8re de cet op\u00e9ra d&rsquo;<strong>\u00c9ric Champagne<\/strong> aura lieu le 28 juillet au Palais Montcalm, dans le cadre du <strong>Festival d&rsquo;Op\u00e9ra de Qu\u00e9bec<\/strong>, avec les <strong>Violons du Roy<\/strong> sous la direction de <strong>Thomas Leduc-Moreau<\/strong>. La mezzo-soprano <strong>St\u00e9phanie Pothier<\/strong> incarnera l&rsquo;\u00e9crivaine dans une mise en sc\u00e8ne d&rsquo;<strong>Angela Konrad.<\/strong> L&rsquo;op\u00e9ra de chambre sera pr\u00e9sent\u00e9 de nouveau au m\u00eame endroit, le 30. De plus, il sera aussi pr\u00e9sent\u00e9 \u00e0 Montr\u00e9al les 4 et 6 ao\u00fbt, salle Pierre-Mercure.<\/p>\n<p><a href=\"https:\/\/festivaloperaquebec.com\/programmation\/yourcenar-une-ile-de-passions\/\" target=\"_blank\" rel=\"noopener\">D\u00c9TAILS ET BILLETS POUR QU\u00c9BEC<\/a><\/p>\n<p><a href=\"https:\/\/centrepierrepeladeau.tuxedobillet.com\/main\/yourcenar-une-ile-de-passions\" target=\"_blank\" rel=\"noopener\">D\u00c9TAILS ET BILLETS POUR MONTR\u00c9AL<\/a><\/p>\n<p>&nbsp;<\/p>\n<h2><em>Inscrivez-vous \u00e0 notre infolettre! La musique classique et l&rsquo;op\u00e9ra en 5 minutes, chaque jour<\/em> \u00a0<span style=\"color: #ff0000;\"><a style=\"color: #ff0000;\" href=\"https:\/\/ludwig-van.us9.list-manage.com\/subscribe?u=4f785cb3f9058f2393ccad035&amp;id=b9b160c032\" target=\"_blank\" rel=\"noopener noreferrer\">ICI\u00a0<\/a><\/span><\/h2>\n","protected":false},"excerpt":{"rendered":"<p>L&rsquo;OM a attir\u00e9 16 000 spectateurs \u00e0 ses deux concerts gratuits donn\u00e9s au Th\u00e9\u00e2tre de Verdure, sur le Plateau Mont-Royal, sous la direction de la cheffe M\u00e9lanie L\u00e9onard.<\/p>\n","protected":false},"author":51,"featured_media":71653,"comment_status":"open","ping_status":"open","sticky":false,"template":"","format":"standard","meta":{"om_disable_all_campaigns":false,"jetpack_post_was_ever_published":false},"categories":[42010,10956],"tags":[42007,2521],"yst_prominent_words":[23751,26052,7412,11060,11708,9836,9869,31409,11819],"acf":[],"jetpack_featured_media_url":"https:\/\/www.ludwig-van.com\/montreal\/wp-content\/uploads\/sites\/3\/2022\/07\/Orchestre-Metropolitain-cover.jpg","jetpack_sharing_enabled":true,"jetpack_shortlink":"https:\/\/wp.me\/p9bdYt-iDE","amp_enabled":true,"_links":{"self":[{"href":"https:\/\/www.ludwig-van.com\/montreal\/wp-json\/wp\/v2\/posts\/71650"}],"collection":[{"href":"https:\/\/www.ludwig-van.com\/montreal\/wp-json\/wp\/v2\/posts"}],"about":[{"href":"https:\/\/www.ludwig-van.com\/montreal\/wp-json\/wp\/v2\/types\/post"}],"author":[{"embeddable":true,"href":"https:\/\/www.ludwig-van.com\/montreal\/wp-json\/wp\/v2\/users\/51"}],"replies":[{"embeddable":true,"href":"https:\/\/www.ludwig-van.com\/montreal\/wp-json\/wp\/v2\/comments?post=71650"}],"version-history":[{"count":6,"href":"https:\/\/www.ludwig-van.com\/montreal\/wp-json\/wp\/v2\/posts\/71650\/revisions"}],"predecessor-version":[{"id":71657,"href":"https:\/\/www.ludwig-van.com\/montreal\/wp-json\/wp\/v2\/posts\/71650\/revisions\/71657"}],"wp:featuredmedia":[{"embeddable":true,"href":"https:\/\/www.ludwig-van.com\/montreal\/wp-json\/wp\/v2\/media\/71653"}],"wp:attachment":[{"href":"https:\/\/www.ludwig-van.com\/montreal\/wp-json\/wp\/v2\/media?parent=71650"}],"wp:term":[{"taxonomy":"category","embeddable":true,"href":"https:\/\/www.ludwig-van.com\/montreal\/wp-json\/wp\/v2\/categories?post=71650"},{"taxonomy":"post_tag","embeddable":true,"href":"https:\/\/www.ludwig-van.com\/montreal\/wp-json\/wp\/v2\/tags?post=71650"},{"taxonomy":"yst_prominent_words","embeddable":true,"href":"https:\/\/www.ludwig-van.com\/montreal\/wp-json\/wp\/v2\/yst_prominent_words?post=71650"}],"curies":[{"name":"wp","href":"https:\/\/api.w.org\/{rel}","templated":true}]}}