{"id":71640,"date":"2022-07-15T14:06:52","date_gmt":"2022-07-15T18:06:52","guid":{"rendered":"https:\/\/www.ludwig-van.com\/montreal\/?p=71640"},"modified":"2022-07-15T22:51:18","modified_gmt":"2022-07-16T02:51:18","slug":"nouvelle-le-site-le-concert-bleu-sera-au-banc-dessai-cet-automne","status":"publish","type":"post","link":"https:\/\/www.ludwig-van.com\/montreal\/2022\/07\/15\/nouvelle-le-site-le-concert-bleu-sera-au-banc-dessai-cet-automne\/","title":{"rendered":"NOUVELLE | Le site Le Concert bleu sera au banc d&rsquo;essai cet automne"},"content":{"rendered":"<figure id=\"attachment_71647\" aria-describedby=\"caption-attachment-71647\" style=\"width: 1200px\" class=\"wp-caption alignnone\"><img decoding=\"async\" loading=\"lazy\" class=\"size-full wp-image-71647\" src=\"https:\/\/www.ludwig-van.com\/montreal\/wp-content\/uploads\/sites\/3\/2022\/07\/Concert-bleu-cover.jpg\" alt=\"\" width=\"1200\" height=\"628\" \/><figcaption id=\"caption-attachment-71647\" class=\"wp-caption-text\">La plateforme num\u00e9rique Le Concert bleu sera au banc d&rsquo;essai cet automne avec des artistes et organismes qu\u00e9b\u00e9cois. (Photo: courtoisie du Festival Classica)<\/figcaption><\/figure>\n<h3><span style=\"color: #808080;\">Le site Le Concert bleu, dont le d\u00e9veloppement a \u00e9t\u00e9 mis en branle en juillet 2020, sera mis au banc d&rsquo;essai cet automne, et sera donc test\u00e9 par des artistes et des organismes d&rsquo;ici.<\/span><\/h3>\n<p>La plateforme num\u00e9rique est destin\u00e9e \u00e0 diffuser des contenus musicaux, notamment des concerts de musique classique en webdiffusion. Le mandat a \u00e9t\u00e9 confi\u00e9 au Festival Classica, \u00e0 qui une aide financi\u00e8re de 800 000 $ a \u00e9t\u00e9 confi\u00e9es dans le cadre du programme <em>Autres interventions particuli\u00e8res en culture et en communications <\/em>du minist\u00e8re de la Culture et des communications. \u00c0 ce jour, les sommes investies dans ce projet sont de 2,3 M$.<\/p>\n<p>\u00ab Le Concert bleu a pour mission de d\u00e9ployer une plateforme num\u00e9rique pour la diffusion et le rayonnement de la musique classique du Qu\u00e9bec sur le plan national et international en proposant une mon\u00e9tisation innovante et g\u00e9n\u00e9reuse pour le milieu culturel qu\u00e9b\u00e9cois \u00bb, souligne <strong>Marc Boucher<\/strong>, directeur g\u00e9n\u00e9ral et artistique du Festival.<\/p>\n<p>Rappelons qu&rsquo;\u00e0 la suite des multiples fermetures de salles et annulations de spectacles apr\u00e8s le d\u00e9but de la pand\u00e9mie, <strong>Marc Boucher<\/strong> avait eu cette id\u00e9e de cr\u00e9er une plateforme de diffusion num\u00e9rique pour le milieu de la musique classique. Au-del\u00e0 de la webdiffusion servant \u00e0 pallier aux concerts en salle, il s&rsquo;agit \u00e9galement d&rsquo;\u00e9largir l&rsquo;offre culturelle pour les r\u00e9gions en dehors des grandes villes, qui n&rsquo;ont pas le m\u00eame acc\u00e8s aux concerts. Cette nouvelle vitrine qu\u00e9b\u00e9coise de la musique classique sera d\u00e9velopp\u00e9e en collaboration avec la firme qu\u00e9b\u00e9coise de transformation num\u00e9rique ellicom\/LCI LX.<\/p>\n<p>\u00ab L\u2019objectif est vraiment de cr\u00e9er le lien entre les musiciens qu\u00e9b\u00e9cois et le public. Ce sera une vitrine pour le talent d\u2019ici, r\u00e9serv\u00e9e \u00e0 la musique classique \u00bb, disait alors Marc Boucher.<\/p>\n<p>Pour l&rsquo;instant, <a href=\"https:\/\/www.leconcertbleu.com\/fr\/\" target=\"_blank\" rel=\"noopener\">un site est d\u00e9j\u00e0 en ligne<\/a> et sert principalement \u00e0 expliquer les diff\u00e9rentes facettes du projet. On y annonce notamment que \u00ab\u00a0<em>Les options virtuelles de la plateforme proposeront une exp\u00e9rience immersive et multisensorielle : catalogue, concerts en direct ou en diff\u00e9r\u00e9, m\u00e9diath\u00e8que, salle de discussion, salle interactive \u00e0 explorer \u00e0 360\u00b0, les coulisses du concert, segments de concerts \u00e0 360\u00b0, capsules de m\u00e9ditation musicales, classes de ma\u00eetres, rencontres avec les artistes, enregistrement et int\u00e9gration de conf\u00e9rences et d\u2019entrevues.<\/em>\u00a0\u00bb<\/p>\n<h3>D\u00e9couvrabilit\u00e9<\/h3>\n<p>Il s&rsquo;agit d&rsquo;un projet complexe sur le plan technologique, et d&rsquo;un d\u00e9fi sur le plan de la d\u00e9couvrabilit\u00e9, c&rsquo;est-\u00e0-dire, le potentiel et la capacit\u00e9, pour un contenu web, d&rsquo;\u00eatre trouv\u00e9 et de capter l&rsquo;attention des utilisateurs qu&rsquo;il cible \u00e0 travers un oc\u00e9an d&rsquo;information. En effet, il ne suffit pas de cr\u00e9er un contenu de qualit\u00e9 pour s&rsquo;assurer qu&rsquo;il sera vu et entendu. En plus d&rsquo;\u00eatre en comp\u00e9tition les uns avec les autres, les contenus culturels qu\u00e9b\u00e9cois en ligne sont en comp\u00e9tition avec tous les autres types de contenu, qu&rsquo;il s&rsquo;agisse des m\u00e9dias sociaux, des sites d&rsquo;actualit\u00e9 et des plateformes de g\u00e9ants comme Netflix.<\/p>\n<p>Divers acteurs du monde num\u00e9rique sont donc impliqu\u00e9s, dont Meta D, entreprise de recherche et de formation sur les enjeux de la culture num\u00e9rique, et Synapse C, entreprise soutenant la valorisation des donn\u00e9es des arts et de la culture au Qu\u00e9bec et au Canada.<\/p>\n<p>De plus, afin d\u2019assurer l\u2019acceptabilit\u00e9 et l\u2019adh\u00e9sion du milieu de la musique, un comit\u00e9 de travail a \u00e9t\u00e9 form\u00e9 afin de r\u00e9pondre aux besoins de diffusion num\u00e9rique et de mon\u00e9tisation \u00e9quitable, pr\u00e9cise le communiqu\u00e9 diffus\u00e9 par le Festival Classica.<\/p>\n<p>Ce comit\u00e9 a particip\u00e9 \u00e0 l\u2019\u00e9laboration du plan d\u2019affaires du Concert bleu afin de s\u2019assurer que le projet soit rassembleur et pertinent pour les artistes qu\u00e9b\u00e9cois. \u00c0 cette fin, une consultation pr\u00e9liminaire de certains membres du Conseil qu\u00e9b\u00e9cois de la musique (CQM) a permis d\u2019identifier les enjeux et les priorit\u00e9s propres \u00e0 ces derniers.<\/p>\n<h2><em>Inscrivez-vous \u00e0 notre infolettre! La musique classique et l&rsquo;op\u00e9ra en 5 minutes, chaque jour<\/em> \u00a0<span style=\"color: #ff0000;\"><a style=\"color: #ff0000;\" href=\"https:\/\/ludwig-van.us9.list-manage.com\/subscribe?u=4f785cb3f9058f2393ccad035&amp;id=b9b160c032\" target=\"_blank\" rel=\"noopener noreferrer\">ICI\u00a0<\/a><\/span><\/h2>\n","protected":false},"excerpt":{"rendered":"<p>Le site Le Concert bleu, dont le d\u00e9veloppement a \u00e9t\u00e9 mis en branle en juillet 2020, sera mis au banc d&rsquo;essai cet automne, et sera donc test\u00e9 par des artistes et des organismes d&rsquo;ici.<\/p>\n","protected":false},"author":51,"featured_media":71647,"comment_status":"open","ping_status":"open","sticky":false,"template":"","format":"standard","meta":{"om_disable_all_campaigns":false,"jetpack_post_was_ever_published":false},"categories":[42010,10956,10992],"tags":[42007,19920,39724],"yst_prominent_words":[11743,30403,20588,10175,7202,39716,8858,40498,7412,12354,14813,18456,9811,10167,39723,39715,39721,12519],"acf":[],"jetpack_featured_media_url":"https:\/\/www.ludwig-van.com\/montreal\/wp-content\/uploads\/sites\/3\/2022\/07\/Concert-bleu-cover.jpg","jetpack_sharing_enabled":true,"jetpack_shortlink":"https:\/\/wp.me\/p9bdYt-iDu","amp_enabled":true,"_links":{"self":[{"href":"https:\/\/www.ludwig-van.com\/montreal\/wp-json\/wp\/v2\/posts\/71640"}],"collection":[{"href":"https:\/\/www.ludwig-van.com\/montreal\/wp-json\/wp\/v2\/posts"}],"about":[{"href":"https:\/\/www.ludwig-van.com\/montreal\/wp-json\/wp\/v2\/types\/post"}],"author":[{"embeddable":true,"href":"https:\/\/www.ludwig-van.com\/montreal\/wp-json\/wp\/v2\/users\/51"}],"replies":[{"embeddable":true,"href":"https:\/\/www.ludwig-van.com\/montreal\/wp-json\/wp\/v2\/comments?post=71640"}],"version-history":[{"count":7,"href":"https:\/\/www.ludwig-van.com\/montreal\/wp-json\/wp\/v2\/posts\/71640\/revisions"}],"predecessor-version":[{"id":71649,"href":"https:\/\/www.ludwig-van.com\/montreal\/wp-json\/wp\/v2\/posts\/71640\/revisions\/71649"}],"wp:featuredmedia":[{"embeddable":true,"href":"https:\/\/www.ludwig-van.com\/montreal\/wp-json\/wp\/v2\/media\/71647"}],"wp:attachment":[{"href":"https:\/\/www.ludwig-van.com\/montreal\/wp-json\/wp\/v2\/media?parent=71640"}],"wp:term":[{"taxonomy":"category","embeddable":true,"href":"https:\/\/www.ludwig-van.com\/montreal\/wp-json\/wp\/v2\/categories?post=71640"},{"taxonomy":"post_tag","embeddable":true,"href":"https:\/\/www.ludwig-van.com\/montreal\/wp-json\/wp\/v2\/tags?post=71640"},{"taxonomy":"yst_prominent_words","embeddable":true,"href":"https:\/\/www.ludwig-van.com\/montreal\/wp-json\/wp\/v2\/yst_prominent_words?post=71640"}],"curies":[{"name":"wp","href":"https:\/\/api.w.org\/{rel}","templated":true}]}}