{"id":71619,"date":"2022-07-11T13:21:55","date_gmt":"2022-07-11T17:21:55","guid":{"rendered":"https:\/\/www.ludwig-van.com\/montreal\/?p=71619"},"modified":"2022-07-11T13:21:55","modified_gmt":"2022-07-11T17:21:55","slug":"actualites-six-nouvelles-en-musique-classique-a-connaitre-cette-semaine","status":"publish","type":"post","link":"https:\/\/www.ludwig-van.com\/montreal\/2022\/07\/11\/actualites-six-nouvelles-en-musique-classique-a-connaitre-cette-semaine\/","title":{"rendered":"ACTUALIT\u00c9S | Six nouvelles en musique classique \u00e0 conna\u00eetre cette semaine"},"content":{"rendered":"<h3><span style=\"color: #808080;\">Nouvelles en musique classique au Qu\u00e9bec, juillet 2022<\/span><\/h3>\n<figure id=\"attachment_71631\" aria-describedby=\"caption-attachment-71631\" style=\"width: 1200px\" class=\"wp-caption alignnone\"><img decoding=\"async\" loading=\"lazy\" class=\"size-full wp-image-71631\" src=\"https:\/\/www.ludwig-van.com\/montreal\/wp-content\/uploads\/sites\/3\/2022\/07\/Faust-cover.jpg\" alt=\"Des costumes de Faust pour le Festival d'Op\u00e9ra de Qu\u00e9bec. (Photo: Jessica Photographie)\" width=\"1200\" height=\"628\" \/><figcaption id=\"caption-attachment-71631\" class=\"wp-caption-text\">Des costumes de Faust pour le Festival d&rsquo;Op\u00e9ra de Qu\u00e9bec. (Photo: Jessica Photographie)<\/figcaption><\/figure>\n<h3>Le Festival d&rsquo;Op\u00e9ra de Qu\u00e9bec d\u00e9voile des photos de <em>Faust<\/em><\/h3>\n<p>Le <strong>Festival d&rsquo;Op\u00e9ra de Qu\u00e9bec<\/strong> a profit\u00e9 d&rsquo;un s\u00e9ance d&rsquo;essayage pour d\u00e9voiler des photos des costumes de la production de <em>Faust<\/em> qui prendra l&rsquo;affiche du 29 juillet au 4 ao\u00fbt. Il aura fallu plus de 25 m\u00e8tres de lainage rouge pour confectionner le costume de M\u00e9phitoph\u00e9l\u00e8s, peut-on lire sur la page Facebook de l&rsquo;Op\u00e9ra de Qu\u00e9bec. Ces somptueux costumes nous donnent certainement envie d&rsquo;assister \u00e0 la production!<\/p>\n<p>&nbsp;<\/p>\n<p><!--more--><\/p>\n<p>&nbsp;<\/p>\n<figure id=\"attachment_71621\" aria-describedby=\"caption-attachment-71621\" style=\"width: 686px\" class=\"wp-caption alignnone\"><img decoding=\"async\" loading=\"lazy\" class=\"size-full wp-image-71621\" src=\"https:\/\/www.ludwig-van.com\/montreal\/wp-content\/uploads\/sites\/3\/2022\/07\/Sylvia-LEcuyer.jpg\" alt=\"Sylvia L'\u00c9cuyer (Photo: page Facebook de Sylvia L'\u00c9cuyer)\" width=\"686\" height=\"686\" \/><figcaption id=\"caption-attachment-71621\" class=\"wp-caption-text\">Sylvia L&rsquo;\u00c9cuyer (Photo: page Facebook de Sylvia L&rsquo;\u00c9cuyer)<\/figcaption><\/figure>\n<h3>Sylvia L&rsquo;\u00c9cuyer prend une retraite bien m\u00e9rit\u00e9e<\/h3>\n<p>L&rsquo;animatrice bien connue de Radio-Canada <strong>Sylvia L&rsquo;\u00c9cuyer<\/strong> a annonc\u00e9 r\u00e9cemment qu&rsquo;elle quittait son micro apr\u00e8s 37 ans, dont 15 \u00e0 l&rsquo;animation de l&rsquo;\u00e9mission <em><strong>Place \u00e0 l&rsquo;Op\u00e9ra<\/strong><\/em>. Elle profitera de cette retraite bien m\u00e9rit\u00e9e \u00e0 73 ans pour \u00ab\u00a0cultiver son jardin, voyager pour \u00e9couter de l\u2019op\u00e9ra, marcher en Dordogne et faire du kayak\u00a0\u00bb, annonce-t-elle. Elle continuera \u00e9galement d&rsquo;agir au d\u00e9veloppement de la Soci\u00e9t\u00e9 pour les arts en milieu de sant\u00e9 (SAMS), qu&rsquo;elle a contribu\u00e9e \u00e0 fonder en 2009. On lui souhaite de bien profiter de cette nouvelle \u00e9tape de sa vie.<\/p>\n<p>&nbsp;<\/p>\n<figure id=\"attachment_66527\" aria-describedby=\"caption-attachment-66527\" style=\"width: 1200px\" class=\"wp-caption alignnone\"><img decoding=\"async\" loading=\"lazy\" class=\"size-full wp-image-66527\" src=\"https:\/\/www.ludwig-van.com\/montreal\/wp-content\/uploads\/sites\/3\/2021\/04\/Portrait-Dina-Gilbert-1200.jpg\" alt=\"\" width=\"1200\" height=\"559\" \/><figcaption id=\"caption-attachment-66527\" class=\"wp-caption-text\">Dina Gilbert, cheffe d&rsquo;orchestre. (Photo: fournie par l&rsquo;OSM)<\/figcaption><\/figure>\n<h3>Dina Gilbert dirigera en France<\/h3>\n<p>La cheffe d&rsquo;orchestre qu\u00e9b\u00e9coise <strong>Dina Gilbert<\/strong> fera ses d\u00e9buts en mars 2023 avec l&rsquo;Orchestre national de Metz comme cheffe invit\u00e9e, pour une toun\u00e9e cinq concerts avec le pianiste Jonathan Fournel, dans le Concerto no 1 de Chopin. En d\u00e9cembre, elle sera \u00e9galement invit\u00e9e de l&rsquo;Orchestre national des Pays de la Loire pour trois concerts.<\/p>\n<p>&nbsp;<\/p>\n<p style=\"text-align: center;\"><img decoding=\"async\" loading=\"lazy\" class=\"alignnone wp-image-54947 size-full\" src=\"https:\/\/www.ludwig-van.com\/montreal\/wp-content\/uploads\/sites\/3\/2018\/06\/serhiy-salov-credit_julie_beauchemin-refaite.jpg\" alt=\"\" width=\"1024\" height=\"683\" srcset=\"https:\/\/www.ludwig-van.com\/montreal\/wp-content\/uploads\/sites\/3\/2018\/06\/serhiy-salov-credit_julie_beauchemin-refaite.jpg 1024w, https:\/\/www.ludwig-van.com\/montreal\/wp-content\/uploads\/sites\/3\/2018\/06\/serhiy-salov-credit_julie_beauchemin-refaite-300x200.jpg 300w, https:\/\/www.ludwig-van.com\/montreal\/wp-content\/uploads\/sites\/3\/2018\/06\/serhiy-salov-credit_julie_beauchemin-refaite-768x512.jpg 768w\" sizes=\"(max-width: 1024px) 100vw, 1024px\" \/><\/p>\n<h3>Serhiy Salov enseignera \u00e0 Sherbrooke<\/h3>\n<p>Le pianiste montr\u00e9alais <strong>Serhiy Salov<\/strong> enseignera \u00e0 l&rsquo;\u00c9cole de musique de l&rsquo;Universit\u00e9 de Sherbrooke \u00e0 partir de l&rsquo;automne, a-t-on appris dans les derniers jours.<\/p>\n<p>\u00ab\u00a0C&rsquo;est avec joie et fiert\u00e9 que j&rsquo;annonce le d\u00e9but de mon parcours p\u00e9dagogique \u00e0 L&rsquo;universit\u00e9 de Sherbrooke, \u00e0 compter de l&rsquo;ann\u00e9e scolaire prochaine. Je vais faire de mon mieux afin de continuer \u00e0 maintenir \u00e0 Sherbrooke un contrepoint digne du paysage musical qu\u00e9b\u00e9cois\u00a0\u00bb, a d\u00e9clar\u00e9 le pianiste.<\/p>\n<p>&nbsp;<\/p>\n<figure id=\"attachment_71629\" aria-describedby=\"caption-attachment-71629\" style=\"width: 2048px\" class=\"wp-caption alignnone\"><img decoding=\"async\" loading=\"lazy\" class=\"wp-image-71629 size-full\" src=\"https:\/\/www.ludwig-van.com\/montreal\/wp-content\/uploads\/sites\/3\/2022\/07\/Parc-olympique-OSM.jpg\" alt=\"L'OSM retournera au Parc olympique le 10 ao\u00fbt prochain, pour lancer la Vir\u00e9e classique 2022, sous la direction de Rafael Payare. (Photo: courtoisie de l'OSM)\" width=\"2048\" height=\"1365\" \/><figcaption id=\"caption-attachment-71629\" class=\"wp-caption-text\">L&rsquo;OSM retournera au Parc olympique le 10 ao\u00fbt prochain, pour lancer la Vir\u00e9e classique 2022, sous la direction de Rafael Payare. (Photo: courtoisie de l&rsquo;OSM)<\/figcaption><\/figure>\n<h3>Vir\u00e9e classique: b\u00e9n\u00e9voles recherch\u00e9s<\/h3>\n<p><strong>L&rsquo;Orchestre symphonique de Montr\u00e9al<\/strong> recherche des b\u00e9n\u00e9voles pour sa <a href=\"https:\/\/www.ludwig-van.com\/montreal\/2022\/04\/19\/nouvelle-losm-annonce-une-tournee-en-coree-du-sud-et-la-programmation-de-sa-viree-classique-2022\/\" target=\"_blank\" rel=\"noopener\">Vir\u00e9e classique 2022<\/a>, qui se tiendra du 10 au 14 ao\u00fbt. Les b\u00e9n\u00e9voles pourront soit \u00eatre pr\u00e9sents au kiosque d&rsquo;information, aider aux ateliers ou \u00e0 l&rsquo;installation, \u00e0 l&rsquo;accueil des artistes et aux loges, servir de pr\u00e9pos\u00e9 aux vestiaires ou \u00e0 la cantine, ainsi que faire passer des sondages au public. En remerciement de leur participation, ils pourront assister gratuitement \u00e0 un concert de la saison 2022-2023 de l&rsquo;OSM, et seront invit\u00e9s \u00e0 un vin d&rsquo;honneur avec les musiciens et les employ\u00e9s de l&rsquo;OSM dans la soir\u00e9e du 14 ao\u00fbt. <a href=\"https:\/\/www.osm.ca\/wp-content\/uploads\/VIREE-CLASSIQUE-2022-AFFICHAGE-2.pdf?fbclid=IwAR0NYvId_cDzsR_Z7jcOo7Y11Lm94wlUcJd4_j1pvUkEDOrJMsFEzEb1Thc\" target=\"_blank\" rel=\"noopener\">D\u00c9TAILS<\/a><\/p>\n","protected":false},"excerpt":{"rendered":"<p>Les actualit\u00e9s en musique classique \u00e0 Montr\u00e9al et au Qu\u00e9bec, juillet 2022. Le Festival d&rsquo;Op\u00e9ra de Qu\u00e9bec, Sylvia L&rsquo;\u00c9cuyer, Dina Gilbert, Serhiy Salov, l&rsquo;OSM. <\/p>\n","protected":false},"author":51,"featured_media":71631,"comment_status":"open","ping_status":"open","sticky":false,"template":"","format":"standard","meta":{"om_disable_all_campaigns":false,"jetpack_post_was_ever_published":false},"categories":[42010,10956,10992],"tags":[42007,21250,2542],"yst_prominent_words":[33394,34631,13955,18300,14251,11891,10292,10443,17053,9838,9909,17749,18156],"acf":[],"jetpack_featured_media_url":"https:\/\/www.ludwig-van.com\/montreal\/wp-content\/uploads\/sites\/3\/2022\/07\/Faust-cover.jpg","jetpack_sharing_enabled":true,"jetpack_shortlink":"https:\/\/wp.me\/p9bdYt-iD9","amp_enabled":true,"_links":{"self":[{"href":"https:\/\/www.ludwig-van.com\/montreal\/wp-json\/wp\/v2\/posts\/71619"}],"collection":[{"href":"https:\/\/www.ludwig-van.com\/montreal\/wp-json\/wp\/v2\/posts"}],"about":[{"href":"https:\/\/www.ludwig-van.com\/montreal\/wp-json\/wp\/v2\/types\/post"}],"author":[{"embeddable":true,"href":"https:\/\/www.ludwig-van.com\/montreal\/wp-json\/wp\/v2\/users\/51"}],"replies":[{"embeddable":true,"href":"https:\/\/www.ludwig-van.com\/montreal\/wp-json\/wp\/v2\/comments?post=71619"}],"version-history":[{"count":8,"href":"https:\/\/www.ludwig-van.com\/montreal\/wp-json\/wp\/v2\/posts\/71619\/revisions"}],"predecessor-version":[{"id":71633,"href":"https:\/\/www.ludwig-van.com\/montreal\/wp-json\/wp\/v2\/posts\/71619\/revisions\/71633"}],"wp:featuredmedia":[{"embeddable":true,"href":"https:\/\/www.ludwig-van.com\/montreal\/wp-json\/wp\/v2\/media\/71631"}],"wp:attachment":[{"href":"https:\/\/www.ludwig-van.com\/montreal\/wp-json\/wp\/v2\/media?parent=71619"}],"wp:term":[{"taxonomy":"category","embeddable":true,"href":"https:\/\/www.ludwig-van.com\/montreal\/wp-json\/wp\/v2\/categories?post=71619"},{"taxonomy":"post_tag","embeddable":true,"href":"https:\/\/www.ludwig-van.com\/montreal\/wp-json\/wp\/v2\/tags?post=71619"},{"taxonomy":"yst_prominent_words","embeddable":true,"href":"https:\/\/www.ludwig-van.com\/montreal\/wp-json\/wp\/v2\/yst_prominent_words?post=71619"}],"curies":[{"name":"wp","href":"https:\/\/api.w.org\/{rel}","templated":true}]}}