{"id":71536,"date":"2022-07-01T09:45:53","date_gmt":"2022-07-01T13:45:53","guid":{"rendered":"https:\/\/www.ludwig-van.com\/montreal\/?p=71536"},"modified":"2022-07-02T13:05:16","modified_gmt":"2022-07-02T17:05:16","slug":"sous-la-loupe-cinq-suggestions-pour-melomanes-casaniers-en-vacances","status":"publish","type":"post","link":"https:\/\/www.ludwig-van.com\/montreal\/2022\/07\/01\/sous-la-loupe-cinq-suggestions-pour-melomanes-casaniers-en-vacances\/","title":{"rendered":"SOUS LA LOUPE | Cinq suggestions pour m\u00e9lomanes casaniers en vacances"},"content":{"rendered":"<p style=\"text-align: center;\"><img decoding=\"async\" loading=\"lazy\" class=\"alignnone size-full wp-image-71547\" src=\"https:\/\/www.ludwig-van.com\/montreal\/wp-content\/uploads\/sites\/3\/2022\/07\/SOUS-LA-LOUPE.jpg\" alt=\"\" width=\"1200\" height=\"628\" \/><\/p>\n<h3><span style=\"color: #808080;\">La foire d&#8217;empoigne au bureau des passeports et \u00e0 l&rsquo;a\u00e9roport ne vous tente pas? Voici quelques suggestions pour m\u00e9lomanes casaniers, histoire d&rsquo;occuper vos temps libres cet \u00e9t\u00e9 quand vous avez plut\u00f4t envie de rester tranquille \u00e0 la maison&#8230;ou au chalet.\u00a0<\/span><\/h3>\n<h2>Disques<\/h2>\n<p>Grand collectionneur et nostalgique dans l&rsquo;\u00e2me, notre d\u00e9vou\u00e9 collaborateur, <strong>Christophe Rodriguez<\/strong>, aime se promener entre le jazz, la musique de film et le classique. Il nous parle aujourd&rsquo;hui de quelques albums \u00e9cout\u00e9s r\u00e9cemment.<\/p>\n<p>&nbsp;<\/p>\n<p style=\"text-align: center;\"><img decoding=\"async\" loading=\"lazy\" class=\"alignnone size-full wp-image-71541\" src=\"https:\/\/www.ludwig-van.com\/montreal\/wp-content\/uploads\/sites\/3\/2022\/07\/Claude-Bolling.jpg\" alt=\"\" width=\"500\" height=\"494\" \/><\/p>\n<p><strong>Claude Bolling\/ Yo-Yo Ma\/ Suite for cello &amp; jazz piano Trio \/ Fr\u00e9meaux&amp; Associ\u00e9s<\/strong><\/p>\n<p>\u00ab\u00a0Dans les ann\u00e9es 80, le pianiste de jazz\/chef d\u2019orchestre\/compositeur Claude Bolling a r\u00e9alis\u00e9 la jonction entre la musique classique et le jazz. Pour ce projet que l\u2019on peut qualifier de \u00ab cross over \u00bb, il a fait appel au fl\u00fbtiste Jean-Pierre Rampal (Suite for Flute), au violoniste Pinkas Zukerman, au guitariste Alexandre Lagoya, au trompettiste Maurice Andr\u00e9 (disque l\u00e9gendaire) ainsi qu\u2019au tout jeune violoncelliste Yo-Yo Ma. En 1984, au Studio Davout, pass\u00e9 h\u00e9las sous le pic des d\u00e9molisseurs, il retrouvait le contrebassiste Marc-Marc-Michel Lebevillon, le batteur Jean-Luc Dayan et le violoncelliste. Sans jamais c\u00e9der aux trompettes de la Renomm\u00e9e, Claude Bolling nous offrait un disque capiteux, brillant ou le swing fait vraiment bon m\u00e9nage avec l\u2019univers classique. Cette r\u00e9\u00e9dition qui n\u2019a pas vieilli d\u2019un iota s\u2019\u00e9coute toujours avec le m\u00eame bonheur. De la fougue, de la finesse avec ces indicibles moments de bonheur.\u00a0\u00bb &#8211; <strong>Christophe Rodriguez<\/strong><\/p>\n<p>&nbsp;<\/p>\n<p style=\"text-align: center;\"><img decoding=\"async\" loading=\"lazy\" class=\"alignnone wp-image-71542\" src=\"https:\/\/www.ludwig-van.com\/montreal\/wp-content\/uploads\/sites\/3\/2022\/07\/Fantasias-Melisande-McNabney-800.jpg\" alt=\"\" width=\"500\" height=\"500\" \/><\/p>\n<p><strong>\u00a0<\/strong><\/p>\n<p><strong>M\u00e9lisande Mc Nabney\/Fantasias\/Bach\/Mozart\/ATMA classique\/Naxos <\/strong><\/p>\n<p>\u00ab\u00a0De la fantaisie, dites-vous? Certainement! Que ce soit \u00e0 l\u2019orgue, au clavecin ou au pianoforte dans le cas pr\u00e9sent, M\u00e9lisande Mc Nabney a un talent ind\u00e9niable et de l\u2019imagination pour sortir des sentiers battus. Si j\u2019aime beaucoup moins le pianoforte que le piano (question de go\u00fbt \u00e9videmment), cet album consacr\u00e9 aux univers de Bach et de Mozart devrait n\u00e9anmoins s\u00e9duire ceux qui l\u2019appr\u00e9cient. Avec son <em>Improvisation\u00a0: fantaisie libre et modulation,<\/em> autour de ces compositeurs, tout est limpide. Jamais trop technique, la musicienne, qui insuffle de la clart\u00e9 et rebondit sur les nuances et les dynamiques de ses improvisations nous fait appr\u00e9cier le pianoforte dans toute sa pl\u00e9nitude.\u00a0\u00bb &#8211; <strong>Christophe Rodriguez<\/strong><\/p>\n<h2>Les trouvailles du web<\/h2>\n<p>V\u00e9ritable accro de la plateforme YouTube, notre r\u00e9dactrice en chef aime d\u00e9couvrir des vid\u00e9os musicales qui sortent des sentiers battus. Voici quelques-unes de ses plus r\u00e9centes trouvailles:<\/p>\n<p>&nbsp;<\/p>\n<div class=\"jetpack-video-wrapper\"><span class=\"embed-youtube\" style=\"text-align:center; display: block;\"><iframe loading=\"lazy\" class=\"youtube-player\" width=\"640\" height=\"360\" src=\"https:\/\/www.youtube.com\/embed\/dJ0AkP_BFhs?version=3&#038;rel=1&#038;showsearch=0&#038;showinfo=1&#038;iv_load_policy=1&#038;fs=1&#038;hl=fr-FR&#038;autohide=2&#038;wmode=transparent\" allowfullscreen=\"true\" style=\"border:0;\" sandbox=\"allow-scripts allow-same-origin allow-popups allow-presentation\"><\/iframe><\/span><\/div>\n<h3>Une sc\u00e8ne d&rsquo;<em>Amadeus<\/em> et la partition du <em>Requiem\u00a0<\/em><\/h3>\n<p>\u00ab\u00a0M\u00eame si l&rsquo;on sait que le magnifique <em>Amadeus<\/em> de Milo\u0161 Forman (adapt\u00e9 d&rsquo;une pi\u00e8ce de Peter Shaffer) n&rsquo;est pas un reflet fid\u00e8le de la r\u00e9alit\u00e9 historique, notamment en ce qui concerne la relation entre Mozart et Salieri, il n&rsquo;en demeure pas moins qu&rsquo;il s&rsquo;agit d&rsquo;un film extraordinaire pour tout m\u00e9lomane ou cin\u00e9phile, qui m\u00e9ritait pleinement ses huit Oscars en 1984.<\/p>\n<p>J&rsquo;ai vu ce film plus de dix fois, et la sc\u00e8ne de l&rsquo;\u00e9criture du <em>Requiem<\/em> o\u00f9 Mozart, malade, est aid\u00e9 par Salieri, est une de mes pr\u00e9f\u00e9r\u00e9es. On la revoit ici, avec l&rsquo;ajout de la partition au fur et \u00e0 mesure. Fascinant.\u00a0\u00bb &#8211; <strong>Caroline Rodgers<\/strong><\/p>\n<p>&nbsp;<\/p>\n<div class=\"jetpack-video-wrapper\"><span class=\"embed-youtube\" style=\"text-align:center; display: block;\"><iframe loading=\"lazy\" class=\"youtube-player\" width=\"640\" height=\"360\" src=\"https:\/\/www.youtube.com\/embed\/5bsTSu7hb-I?version=3&#038;rel=1&#038;showsearch=0&#038;showinfo=1&#038;iv_load_policy=1&#038;fs=1&#038;hl=fr-FR&#038;autohide=2&#038;wmode=transparent\" allowfullscreen=\"true\" style=\"border:0;\" sandbox=\"allow-scripts allow-same-origin allow-popups allow-presentation\"><\/iframe><\/span><\/div>\n<h3>Elizabeth Zharoff, la soprano youtoubeuse<\/h3>\n<p>\u00ab\u00a0C&rsquo;est par hasard que je suis tomb\u00e9e sur <strong><em>The Charismatic Voice<\/em><\/strong>, la cha\u00eene YouTube d&rsquo;<strong>Elizabeth Zharoff<\/strong>, soprano dipl\u00f4m\u00e9e de grandes \u00e9coles (Oberlin, Curtis).<\/p>\n<p>Elle y parle de la voix sous toutes ses formes et dans tous les genres, notamment en commentant sans pr\u00e9tention les prestations d&rsquo;artistes populaires, entre autres sur le plan de leur technique vocale. En plus d&rsquo;\u00eatre un exemple de polyvalence, de d\u00e9brouillardise, de cr\u00e9ativit\u00e9 et d&rsquo;ouverture d&rsquo;esprit, elle poss\u00e8de une personnalit\u00e9 attachante et un enthousiasme communicatif. On ne sera donc pas \u00e9tonn\u00e9 de constater que sa cha\u00eene compte plus de 21 000 abonn\u00e9s.<\/p>\n<p>\u00c9tant moi-m\u00eame admiratrice du groupe mythique <strong>Jethro Tull<\/strong> et de son incroyable soliste <strong>Ian Anderson<\/strong>, qui, on le sait, en plus de chanter, jouait de la fl\u00fbte traversi\u00e8re comme nul autre (en se tenant parfois sur une seule jambe) j&rsquo;ai choisi cet exemple, mais la chanteuse a produit des dizaines de vid\u00e9os. De quoi s&rsquo;occuper pendant des heures.\u00a0\u00bb &#8211; <strong>Caroline Rodgers<\/strong><\/p>\n<p>&nbsp;<\/p>\n<h2>LIVRE<\/h2>\n<p>&nbsp;<\/p>\n<p style=\"text-align: center;\"><img decoding=\"async\" loading=\"lazy\" class=\"alignnone size-full wp-image-71545\" src=\"https:\/\/www.ludwig-van.com\/montreal\/wp-content\/uploads\/sites\/3\/2022\/07\/Vies-de-papier.jpg\" alt=\"\" width=\"335\" height=\"548\" \/><\/p>\n<h3>Les vies de papier<\/h3>\n<p>\u00ab\u00a0D&rsquo;abord s\u00e9duite par le joli titre du roman du libano-am\u00e9ricain <strong>Rabih Alameddine<\/strong>, <em>Les vies de papier<\/em>, j&rsquo;ignorais qu&rsquo;il aurait un lien, bien que t\u00e9nu, avec la musique. Recluse et seule dans son appartement d&rsquo;un immeuble d\u00e9cr\u00e9pit de Beyrouth, Aaliya, 72 ans, \u00e9voque ses souvenirs. Libraire \u00e0 la retraite, elle a subi la guerre, dormi avec une kalachnikov pour se prot\u00e9ger des intrus, et vu sa ville se transformer au fil des ans et des bouleversements politiques. Traductrice autodidacte, elle traduit pour le plaisir les classiques de ses auteurs favoris, tout en \u00e9coutant des vieux disques des pianistes l\u00e9gendaires: Gould, Rubinstein, Richter. Elle explique aussi comment s&rsquo;est initi\u00e9e d&rsquo;elle-m\u00eame \u00e0 la musique classique, petit \u00e0 petit, au gr\u00e9 des achats de bon vieux vinyles.<\/p>\n<p>Roman sans v\u00e9ritable intrigue, superbe hommage \u00e0 la litt\u00e9rature, \u00e0 l&rsquo;ind\u00e9pendance d&rsquo;esprit, \u00e0 la solidarit\u00e9 f\u00e9minine et \u00e0 la m\u00e9moire du temps qui passe, <strong><em>Les vies de papier<\/em><\/strong> nous rappelle aussi que l&rsquo;on peut profiter de la vie \u00e0 tout \u00e2ge. On s&rsquo;\u00e9tonne \u00e9galement de la merveilleuse justesse du ton de l&rsquo;auteur quand il s&rsquo;agit de donner une voix et une personnalit\u00e9 cr\u00e9dibles \u00e0 une femme sans tomber dans les clich\u00e9s.<\/p>\n<p>\u00c0 lire \u00e0 petites doses en prenant un bon caf\u00e9.\u00a0\u00bb &#8211; <strong>Caroline Rodgers<\/strong><\/p>\n<h2><em>Inscrivez-vous \u00e0 notre infolettre! La musique classique et l&rsquo;op\u00e9ra en 5 minutes, chaque jour<\/em> \u00a0<span style=\"color: #ff0000;\"><a style=\"color: #ff0000;\" href=\"https:\/\/ludwig-van.us9.list-manage.com\/subscribe?u=4f785cb3f9058f2393ccad035&amp;id=b9b160c032\" target=\"_blank\" rel=\"noopener noreferrer\">ICI\u00a0<\/a><\/span><\/h2>\n","protected":false},"excerpt":{"rendered":"<p>La foire d&#8217;empoigne au bureau des passeports et \u00e0 l&rsquo;a\u00e9roport ne vous tente pas? Voici quelques suggestions pour m\u00e9lomanes casaniers, histoire d&rsquo;occuper vos temps libres cet \u00e9t\u00e9 quand vous avez plut\u00f4t envie de rester tranquille \u00e0 la maison&#8230;ou au chalet.\u00a0<\/p>\n","protected":false},"author":1,"featured_media":71547,"comment_status":"open","ping_status":"open","sticky":false,"template":"","format":"standard","meta":{"om_disable_all_campaigns":false,"jetpack_post_was_ever_published":false},"categories":[42010,10956,52],"tags":[42007,2352,3640],"yst_prominent_words":[10935,10987,9932,35661,10175,11167,41216,14553,12564,11160,29001,7859,9811,10167,18552],"acf":[],"jetpack_featured_media_url":"https:\/\/www.ludwig-van.com\/montreal\/wp-content\/uploads\/sites\/3\/2022\/07\/SOUS-LA-LOUPE.jpg","jetpack_sharing_enabled":true,"jetpack_shortlink":"https:\/\/wp.me\/p9bdYt-iBO","amp_enabled":true,"_links":{"self":[{"href":"https:\/\/www.ludwig-van.com\/montreal\/wp-json\/wp\/v2\/posts\/71536"}],"collection":[{"href":"https:\/\/www.ludwig-van.com\/montreal\/wp-json\/wp\/v2\/posts"}],"about":[{"href":"https:\/\/www.ludwig-van.com\/montreal\/wp-json\/wp\/v2\/types\/post"}],"author":[{"embeddable":true,"href":"https:\/\/www.ludwig-van.com\/montreal\/wp-json\/wp\/v2\/users\/1"}],"replies":[{"embeddable":true,"href":"https:\/\/www.ludwig-van.com\/montreal\/wp-json\/wp\/v2\/comments?post=71536"}],"version-history":[{"count":15,"href":"https:\/\/www.ludwig-van.com\/montreal\/wp-json\/wp\/v2\/posts\/71536\/revisions"}],"predecessor-version":[{"id":71566,"href":"https:\/\/www.ludwig-van.com\/montreal\/wp-json\/wp\/v2\/posts\/71536\/revisions\/71566"}],"wp:featuredmedia":[{"embeddable":true,"href":"https:\/\/www.ludwig-van.com\/montreal\/wp-json\/wp\/v2\/media\/71547"}],"wp:attachment":[{"href":"https:\/\/www.ludwig-van.com\/montreal\/wp-json\/wp\/v2\/media?parent=71536"}],"wp:term":[{"taxonomy":"category","embeddable":true,"href":"https:\/\/www.ludwig-van.com\/montreal\/wp-json\/wp\/v2\/categories?post=71536"},{"taxonomy":"post_tag","embeddable":true,"href":"https:\/\/www.ludwig-van.com\/montreal\/wp-json\/wp\/v2\/tags?post=71536"},{"taxonomy":"yst_prominent_words","embeddable":true,"href":"https:\/\/www.ludwig-van.com\/montreal\/wp-json\/wp\/v2\/yst_prominent_words?post=71536"}],"curies":[{"name":"wp","href":"https:\/\/api.w.org\/{rel}","templated":true}]}}