{"id":71456,"date":"2022-06-22T08:18:33","date_gmt":"2022-06-22T12:18:33","guid":{"rendered":"https:\/\/www.ludwig-van.com\/montreal\/?p=71456"},"modified":"2022-06-22T08:18:33","modified_gmt":"2022-06-22T12:18:33","slug":"communaute-les-jeunesses-musicales-canada-devoilent-une-programmation-de-12-concerts-a-montreal","status":"publish","type":"post","link":"https:\/\/www.ludwig-van.com\/montreal\/2022\/06\/22\/communaute-les-jeunesses-musicales-canada-devoilent-une-programmation-de-12-concerts-a-montreal\/","title":{"rendered":"COMMUNAUT\u00c9 | Les Jeunesses musicales Canada d\u00e9voilent une programmation de 12 concerts \u00e0 Montr\u00e9al"},"content":{"rendered":"<p style=\"text-align: center;\"><img decoding=\"async\" loading=\"lazy\" class=\"alignnone wp-image-71459 size-full\" src=\"https:\/\/www.ludwig-van.com\/montreal\/wp-content\/uploads\/sites\/3\/2022\/06\/Programmation-JM-Canada.png\" alt=\"Jeunesses Musicales Canada\" width=\"1200\" height=\"800\" \/><\/p>\n<h1 style=\"text-align: center;\"><del>Un message des Jeunesses musicales Canada<\/del><\/h1>\n<p style=\"text-align: center;\"><strong>UNE SAISON HAUTE EN COULEUR<\/strong><br \/>\n<strong>LANCEMENT DE LA SAISON 2022-2023 DE LA SALLE JOSEPH-ROULEAU<\/strong><\/p>\n<h3><span style=\"color: #808080;\">Les <strong>Jeunesses Musicales Canada<\/strong> sont fi\u00e8res de d\u00e9voiler la programmation de leur 73e saison \u00e0 la salle Joseph-Rouleau de la Maison Andr\u00e9-Bourbeau. D\u00e8s octobre, les <strong>JM Canada<\/strong> invitent le public \u00e0 un voyage musical riche et color\u00e9 avec 12 concerts pour petits et grands dans le cadre des Concerts ap\u00e9ro et des Concertinos famille.<\/span><\/h3>\n<h3>Les Concerts ap\u00e9ro<\/h3>\n<p>Six jeudi soirs dans la saison, les meilleurs musiciens et musiciennes de la rel\u00e8ve jouent un programme comment\u00e9 de soixante \u00e0 soixante-quinze minutes sans entracte. \u00c0 moins d\u2019avis contraire, le public est attendu d\u00e8s 18 h pour d\u00e9guster gratuitement un verre de vin s\u00e9lectionn\u00e9 et offert par notre partenaire R\u00e9Zin, juste avant chaque concert, qui d\u00e9bute \u00e0 19 h.<\/p>\n<p>L\u2019artiste en r\u00e9sidence, Meagan Milatz, invite le public \u00e0 voyager avec elle et ses complices avec trois concerts uniques : <strong>Les voix d\u2019Europe de l\u2019Est<\/strong>, pr\u00e9sent\u00e9 le 20 octobre 2022 avec la violoniste Isabella D\u2019\u00c9loize, explorera les sonorit\u00e9s de l\u2019Europe de l\u2019Est; Mosa\u00efques hongroises, pr\u00e9sent\u00e9 le 17 novembre 2022 avec le violoniste Andrew Wan et le clarinettiste Todd Cope, invitera l\u2019auditoire \u00e0 d\u00e9couvrir le paysage musical de la Hongrie; le 1er d\u00e9cembre 2022, Meagan Milatz propose une exploration de la musique \u00e9crite pour piano solo au XIXe si\u00e8cle avec Le piano romantique.<\/p>\n<p>Le 26 janvier 2023, le violoncelliste Dominique Beaus\u00e9jour-Ostiguy et le guitariste Renaud C\u00f4t\u00e9-Gigu\u00e8re souligneront le 100e anniversaire d\u2019Astor Piazzolla, ce grand compositeur aux sons de ses plus grandes inspirations, avec le concert <strong>Hommage \u00e0 Piazzolla. <\/strong><\/p>\n<p>Le 23 f\u00e9vrier 2023, une ode \u00e0 la nature avec <strong>Entre Ciel et Terre<\/strong> sera pr\u00e9sent\u00e9 par le clarinettiste Louis-Beno\u00eet Caron, accompagn\u00e9 du pianiste Julien Leblanc.<\/p>\n<p>Puis, le 30 mars 2023, pour terminer la saison, le Rolston String Quartet, compos\u00e9 de Luri Lee et de Jason Issokson au violon, de Hezekiah Leung \u00e0 alto et Peter Eom au violoncelle, offrira <strong>Quatuor de renom<\/strong>, un parcours \u00e0 travers diff\u00e9rentes pi\u00e8ces connues de quatuor \u00e0 cordes.<\/p>\n<p><a href=\"https:\/\/www.jmcanada.ca\/fr\/public\/billetterie\/\" target=\"_blank\" rel=\"noopener\">BILLETS<\/a><\/p>\n<h3>Les Concertinos familles<\/h3>\n<p>D\u00e8s l\u2019\u00e2ge de 3 ans, les jeunes m\u00e9lomanes pourront se laisser s\u00e9duire par les <strong>Concertinos familles<\/strong> avec six concerts th\u00e9\u00e2traux et \u00e9ducatifs qui leur donneront la possibilit\u00e9 de s\u2019initier \u00e0 la fl\u00fbte, au luth, \u00e0 la clarinette et \u00e0 la musique \u00e9lectroacoustique. Une belle vari\u00e9t\u00e9 pour explorer les possibilit\u00e9s de la musique. Ces concerts sont pr\u00e9sent\u00e9s les dimanches \u00e0 10 h et \u00e0 11 h 30.<\/p>\n<p>Les 23 et 30 octobre 2022, juste \u00e0 temps pour l\u2019Halloween, le concert <strong>La marmite ensorcel\u00e9e<\/strong> explorera les diff\u00e9rentes sonorit\u00e9s tant\u00f4t rigolotes, tant\u00f4t effrayantes, produites avec des instruments \u00e0 percussion et la voix avec la sorci\u00e8re Oups-Patatras.<\/p>\n<p>Puis, les 4 et 11 d\u00e9cembre 2022, <strong>Le grand bal de No\u00ebl<\/strong> avec ses pingouins moqueurs et ses chansons de No\u00ebl mettra petits et grands dans l\u2019esprit des F\u00eates.<\/p>\n<p><strong>La r\u00e9cr\u00e9ation de Mozart<\/strong>, le 12 f\u00e9vrier 2023, viendra ensuite mettre un peu de fantaisie avec un jeune Mozart indisciplin\u00e9. Ensuite, le concert Les Athl\u00e8tes de la fl\u00fbte \u00e0 bec \u00e9tonnera le public le 19 mars 2023 avec leur adresse olympique et leur panoplie de fl\u00fbtes \u00e0 bec.<\/p>\n<p>Le 16 avril 2023, le concert <strong>Le luth, l\u2019ami des rois<\/strong> transportera les enfants \u00e0 la cour de France, d\u2019Angleterre et du Danemark pour leur faire d\u00e9couvrir un instrument aux allures de bijou oriental.<\/p>\n<p>Enfin, pr\u00e9sent\u00e9 le 14 mai 2023, \u00e0 10 h seulement, <strong>Zoom-Boum-Boum<\/strong> offrira aux tout-petits une initiation \u00e0 la musique \u00e9lectroacoustique \u00e0 travers le monde imaginaire de Sam o\u00f9 tout devient musique.<\/p>\n<p><a href=\"https:\/\/www.jmcanada.ca\/fr\/public\/billetterie\/\" target=\"_blank\" rel=\"noopener\">BILLETS<\/a><\/p>\n<p><em>La publication de communiqu\u00e9s tels que celui-ci est r\u00e9serv\u00e9e aux membres de la Communaut\u00e9 musicale de Ludwig van Montr\u00e9al. Pour savoir comment devenir membre, \u00e9crivez-nous \u00e0 caroline@ludwig-van.com<\/em><\/p>\n<h2><em>Inscrivez-vous \u00e0 notre infolettre! La musique classique et l&rsquo;op\u00e9ra en 5 minutes, chaque jour<\/em> \u00a0<span style=\"color: #ff0000;\"><a style=\"color: #ff0000;\" href=\"https:\/\/ludwig-van.us9.list-manage.com\/subscribe?u=4f785cb3f9058f2393ccad035&amp;id=b9b160c032\" target=\"_blank\" rel=\"noopener noreferrer\">ICI\u00a0<\/a><\/span><\/h2>\n","protected":false},"excerpt":{"rendered":"<p>Les Jeunesses Musicales Canada sont fi\u00e8res de d\u00e9voiler la programmation de leur 73e saison \u00e0 la salle Joseph-Rouleau de la Maison Andr\u00e9-Bourbeau. D\u00e8s octobre, les JM Canada invitent le public \u00e0 un voyage musical riche et color\u00e9 avec 12 concerts pour petits et grands dans le cadre des Concerts ap\u00e9ro et des Concertinos famille.<\/p>\n","protected":false},"author":1,"featured_media":71460,"comment_status":"open","ping_status":"open","sticky":false,"template":"","format":"standard","meta":{"om_disable_all_campaigns":false,"jetpack_post_was_ever_published":false},"categories":[42010,10956,10992],"tags":[42007,21771],"yst_prominent_words":[14144,39938,38977,7202,8858,10325,10321,10306,23353,10322,9811,16302,7595,10546,21770],"acf":[],"jetpack_featured_media_url":"https:\/\/www.ludwig-van.com\/montreal\/wp-content\/uploads\/sites\/3\/2022\/06\/JMC-Recreation-Mozart.jpg","jetpack_sharing_enabled":true,"jetpack_shortlink":"https:\/\/wp.me\/p9bdYt-iAw","amp_enabled":true,"_links":{"self":[{"href":"https:\/\/www.ludwig-van.com\/montreal\/wp-json\/wp\/v2\/posts\/71456"}],"collection":[{"href":"https:\/\/www.ludwig-van.com\/montreal\/wp-json\/wp\/v2\/posts"}],"about":[{"href":"https:\/\/www.ludwig-van.com\/montreal\/wp-json\/wp\/v2\/types\/post"}],"author":[{"embeddable":true,"href":"https:\/\/www.ludwig-van.com\/montreal\/wp-json\/wp\/v2\/users\/1"}],"replies":[{"embeddable":true,"href":"https:\/\/www.ludwig-van.com\/montreal\/wp-json\/wp\/v2\/comments?post=71456"}],"version-history":[{"count":6,"href":"https:\/\/www.ludwig-van.com\/montreal\/wp-json\/wp\/v2\/posts\/71456\/revisions"}],"predecessor-version":[{"id":71464,"href":"https:\/\/www.ludwig-van.com\/montreal\/wp-json\/wp\/v2\/posts\/71456\/revisions\/71464"}],"wp:featuredmedia":[{"embeddable":true,"href":"https:\/\/www.ludwig-van.com\/montreal\/wp-json\/wp\/v2\/media\/71460"}],"wp:attachment":[{"href":"https:\/\/www.ludwig-van.com\/montreal\/wp-json\/wp\/v2\/media?parent=71456"}],"wp:term":[{"taxonomy":"category","embeddable":true,"href":"https:\/\/www.ludwig-van.com\/montreal\/wp-json\/wp\/v2\/categories?post=71456"},{"taxonomy":"post_tag","embeddable":true,"href":"https:\/\/www.ludwig-van.com\/montreal\/wp-json\/wp\/v2\/tags?post=71456"},{"taxonomy":"yst_prominent_words","embeddable":true,"href":"https:\/\/www.ludwig-van.com\/montreal\/wp-json\/wp\/v2\/yst_prominent_words?post=71456"}],"curies":[{"name":"wp","href":"https:\/\/api.w.org\/{rel}","templated":true}]}}