{"id":71406,"date":"2022-06-17T07:59:13","date_gmt":"2022-06-17T11:59:13","guid":{"rendered":"https:\/\/www.ludwig-van.com\/montreal\/?p=71406"},"modified":"2022-06-17T08:05:11","modified_gmt":"2022-06-17T12:05:11","slug":"concert-200-musiciens-et-choristes-sur-scene-pour-mahler-3-au-gala-de-la-terre-pour-les-enfants","status":"publish","type":"post","link":"https:\/\/www.ludwig-van.com\/montreal\/2022\/06\/17\/concert-200-musiciens-et-choristes-sur-scene-pour-mahler-3-au-gala-de-la-terre-pour-les-enfants\/","title":{"rendered":"CONCERT | 200 musiciens et choristes sur sc\u00e8ne pour Mahler 3 au Gala de la terre pour les enfants"},"content":{"rendered":"<figure id=\"attachment_71411\" aria-describedby=\"caption-attachment-71411\" style=\"width: 1200px\" class=\"wp-caption alignnone\"><img decoding=\"async\" loading=\"lazy\" class=\"size-full wp-image-71411\" src=\"https:\/\/www.ludwig-van.com\/montreal\/wp-content\/uploads\/sites\/3\/2022\/06\/Nicolas-Ellis-Antoine-Saito.jpg\" alt=\"Nicolas Ellis dirigera la Symphonie no 3 de Mahler au Gala de la terre pour les enfants, le 22 juin 2022 \u00e0 la Maison symphonique. (Photo: Antoine Saito)\" width=\"1200\" height=\"628\" \/><figcaption id=\"caption-attachment-71411\" class=\"wp-caption-text\">Nicolas Ellis dirigera la Symphonie no 3 de Mahler au Gala de la terre pour les enfants, le 22 juin 2022 \u00e0 la Maison symphonique. (Photo: Antoine Saito)<\/figcaption><\/figure>\n<h3><span style=\"color: #808080;\">C&rsquo;est sans contredit le plus gros \u00e9v\u00e9nement musical de cette fin de saison \u00e0 la Maison symphonique: la Symphonie no 3 de Mahler avec 100 musiciens et 100 choristes, r\u00e9unis par l&rsquo;Orchestre de l&rsquo;Agora sous la direction de Nicolas Ellis au Gala de la Terre pour les enfants, le 22 juin, \u00e0 20 h.<\/span><\/h3>\n<p><a href=\"https:\/\/placedesarts.com\/fr\/evenement\/3e-symphonie-de-mahler-gala-de-la-terre-pour-les-enfants\" target=\"_blank\" rel=\"noopener\">BILLETS<\/a><\/p>\n<p>En 2020, un autre Gala de la terre avait \u00e9t\u00e9 planifi\u00e9 par l&rsquo;OA, mais il avait \u00e9t\u00e9 annul\u00e9 en raison de la pand\u00e9mie. Une lev\u00e9e de fonds avait toutefois eu lieu, permettant de r\u00e9colter 138 000 $ pour les organismes associ\u00e9s.<\/p>\n<p>Cette ann\u00e9e, l&rsquo;organisation a d\u00e9j\u00e0 franchi la barre des <strong>220 000 $<\/strong> en dons et l&rsquo;objectif est de <strong>300 000 $<\/strong>, qui seront remis \u00e0 UNICEF Canada, Conservation de la nature Canada, et \u00e0 la Fondation Sierra Club Canada. Ce sera possible si le concert arrive \u00e0 remplir toute la Maison symphonique, car 100% de la vente des billets est vers\u00e9e \u00e0 la cause.<\/p>\n<p>\u00ab\u00a0Si les gens viennent \u00e9couter un magnifique concert, une exp\u00e9rience assez unique, la Troisi\u00e8me de Mahler avec <strong>Marie-Nicole Lemieux<\/strong>, ils font aussi un geste pour l&rsquo;environnement\u00a0\u00bb, dit <strong>Nicolas Ellis<\/strong>, directeur artistique de l&rsquo;<strong>Orchestre de l&rsquo;Agora,\u00a0<\/strong>qu&rsquo;il a fond\u00e9 en 2011.<\/p>\n<p>\u00ab\u00a0Il y a \u00e9norm\u00e9ment de causes \u00e0 soutenir, aujourd&rsquo;hui, et \u00e0 titre d&rsquo;individus, nous sommes tous interpell\u00e9s \u00e0 y contribuer, mais je pense que tout le monde peut s&rsquo;entendre que la crise environnementale est l&rsquo;enjeu qui, \u00e0 long terme, n&rsquo;\u00e9pargnera personne. C&rsquo;est un enjeu qui devient une priorit\u00e9 partout, mais que l&rsquo;on a souvent la f\u00e2cheuse tendance \u00e0 reporter \u00e0 demain. Pour nous, c&rsquo;\u00e9tait important de cr\u00e9er un \u00e9v\u00e9nement autour de l&rsquo;environnement.\u00a0\u00bb<\/p>\n<p>C&rsquo;est une philanthrope, <strong>Bita Cattelan<\/strong>, qui a approch\u00e9 l&rsquo;<strong>Orchestre de l&rsquo;Agora<\/strong> pour mettre sur pied ce projet. Elle souhaitait soutenir la cause de l&rsquo;environnement et celle des enfants, explique le chef d&rsquo;orchestre.<\/p>\n<p>\u00ab\u00a0Le Club Sierra est un organisme qui intervient beaucoup dans le fleuve Saint-Laurent pour la pr\u00e9servation de la vie marine, dont les baleines, ainsi que sur la c\u00f4te est, des deux c\u00f4t\u00e9s de la fronti\u00e8re. Pour Conservation nature Canada \u0153uvre aussi au Canada, et un projet sp\u00e9cifique est associ\u00e9 au Gala de la terre, soit l&rsquo;Institut Kenauk, qui sensibilise les jeunes \u00e0 la pr\u00e9servation de la nature, et qui a pour but de promouvoir la conservation des for\u00eats. Finalement, on a voulu s&rsquo;associer l&rsquo;UNICEF au projet parce qu&rsquo;il \u0153uvre apr\u00e8s des enfants. La Troisi\u00e8me de Mahler fait appel \u00e0 un ch\u0153ur d&rsquo;enfants, et c&rsquo;est donc l&rsquo;occasion de rassembler des jeunes autour de ce grand \u00e9v\u00e9nement.\u00a0\u00bb<\/p>\n<p>&nbsp;<\/p>\n<figure id=\"attachment_70877\" aria-describedby=\"caption-attachment-70877\" style=\"width: 493px\" class=\"wp-caption aligncenter\"><img decoding=\"async\" loading=\"lazy\" class=\"size-full wp-image-70877\" src=\"https:\/\/www.ludwig-van.com\/montreal\/wp-content\/uploads\/sites\/3\/2022\/05\/Marie-Nicole-Lemieux.jpg\" alt=\"Marie-Nicole Lemieux chantera au concert de cl\u00f4ture du Festival international du Domaine Forget, le 20 ao\u00fbt 2022. (Photo: courtoisie)\" width=\"493\" height=\"490\" \/><figcaption id=\"caption-attachment-70877\" class=\"wp-caption-text\">Marie-Nicole Lemieux chantera au Gala de la terre pour les enfants, le 22 juin 2022. (Photo: courtoisie)<\/figcaption><\/figure>\n<p>Trois ch\u0153urs d&rsquo;enfants participeront au concert, soit les <strong>Petits chanteurs du Mont Royal<\/strong>, les <strong>Petites Voix du Plateau<\/strong>, et le <strong>Ch\u0153ur des enfants de Montr\u00e9al<\/strong>. Un ch\u0153ur de femmes, l&rsquo;<strong>Ensemble Ga\u00efa<\/strong>, et le ch\u0153ur les <strong>Voix parall\u00e8les<\/strong> chanteront avec eux.<\/p>\n<p>Avec 100 musiciens sur sc\u00e8ne et une centaine de chanteurs, on peut s&rsquo;attendre \u00e0 une soir\u00e9e m\u00e9morable. En plus des musiciens de l&rsquo;<strong>Orchestre de l&rsquo;Agora<\/strong>, des musiciens de plusieurs orchestres un peu partout Qu\u00e9bec seront de la partie.<\/p>\n<p>\u00ab\u00a0Je ne pense pas qu&rsquo;il y ait eu un tel \u00e9v\u00e9nement r\u00e9unissant un orchestre de taille mahl\u00e9rienne au Canada depuis le d\u00e9but de la pand\u00e9mie, dit <strong>Nicolas Ellis<\/strong>. Ce sera extraordinaire de vivre cette exp\u00e9rience, pour la nature. C&rsquo;est positif et rassembleur, avec un orchestre qui est repr\u00e9sentatif de l&rsquo;\u00e9cosyst\u00e8me musical qu\u00e9b\u00e9cois, avec des musiciens de Rimouski, Trois-Rivi\u00e8res, Sherbrooke, Qu\u00e9bec, Montr\u00e9al, et Laval.\u00a0\u00bb<\/p>\n<p>Le<strong> Gala de la Terre pour les enfants<\/strong>, pr\u00e9sent\u00e9 par Canimex en partenariat avec Age of Union, vise \u00e0 offrir un monde meilleur \u00e0 nos enfants, et 100% des revenus de billetterie et des fonds recueillis iront \u00e0 aux organismes b\u00e9n\u00e9ficiaires reconnus. Le pr\u00e9sident d\u2019honneur de l\u2019\u00e9v\u00e9nement est <strong>Dax Dasilva<\/strong> (fondateur de l\u2019alliance environnementale Age of Union) et les ambassadeurs du Gala sont l\u2019artiste <strong>Pascale Bourbeau<\/strong> et l&rsquo;explorateur <strong>Bernard Voyer.<\/strong><\/p>\n<p><a href=\"https:\/\/placedesarts.com\/fr\/evenement\/3e-symphonie-de-mahler-gala-de-la-terre-pour-les-enfants\" target=\"_blank\" rel=\"noopener\">ACHETER DES BILLETS<\/a><\/p>\n<h2><em>Inscrivez-vous \u00e0 notre infolettre! La musique classique et l&rsquo;op\u00e9ra en 5 minutes, chaque jour<\/em> \u00a0<span style=\"color: #ff0000;\"><a style=\"color: #ff0000;\" href=\"https:\/\/ludwig-van.us9.list-manage.com\/subscribe?u=4f785cb3f9058f2393ccad035&amp;id=b9b160c032\" target=\"_blank\" rel=\"noopener noreferrer\">ICI\u00a0<\/a><\/span><\/h2>\n","protected":false},"excerpt":{"rendered":"<p>C&rsquo;est sans contredit le plus gros \u00e9v\u00e9nement musical de cette fin de saison \u00e0 la Maison symphonique: la Symphonie no 3 de Mahler avec 100 musiciens et 100 choristes, r\u00e9unis par l&rsquo;Orchestre de l&rsquo;Agora sous la direction de Nicolas Ellis au Gala de la Terre pour les enfants, le 22 juin, \u00e0 20 h.<\/p>\n","protected":false},"author":51,"featured_media":71411,"comment_status":"open","ping_status":"open","sticky":false,"template":"","format":"standard","meta":{"om_disable_all_campaigns":false,"jetpack_post_was_ever_published":false},"categories":[42010,10956,10998,10992],"tags":[42007,12771,34096],"yst_prominent_words":[23706,38777,9869,12010,13947,34095,11819,13946],"acf":[],"jetpack_featured_media_url":"https:\/\/www.ludwig-van.com\/montreal\/wp-content\/uploads\/sites\/3\/2022\/06\/Nicolas-Ellis-Antoine-Saito.jpg","jetpack_sharing_enabled":true,"jetpack_shortlink":"https:\/\/wp.me\/p9bdYt-izI","amp_enabled":true,"_links":{"self":[{"href":"https:\/\/www.ludwig-van.com\/montreal\/wp-json\/wp\/v2\/posts\/71406"}],"collection":[{"href":"https:\/\/www.ludwig-van.com\/montreal\/wp-json\/wp\/v2\/posts"}],"about":[{"href":"https:\/\/www.ludwig-van.com\/montreal\/wp-json\/wp\/v2\/types\/post"}],"author":[{"embeddable":true,"href":"https:\/\/www.ludwig-van.com\/montreal\/wp-json\/wp\/v2\/users\/51"}],"replies":[{"embeddable":true,"href":"https:\/\/www.ludwig-van.com\/montreal\/wp-json\/wp\/v2\/comments?post=71406"}],"version-history":[{"count":8,"href":"https:\/\/www.ludwig-van.com\/montreal\/wp-json\/wp\/v2\/posts\/71406\/revisions"}],"predecessor-version":[{"id":71415,"href":"https:\/\/www.ludwig-van.com\/montreal\/wp-json\/wp\/v2\/posts\/71406\/revisions\/71415"}],"wp:featuredmedia":[{"embeddable":true,"href":"https:\/\/www.ludwig-van.com\/montreal\/wp-json\/wp\/v2\/media\/71411"}],"wp:attachment":[{"href":"https:\/\/www.ludwig-van.com\/montreal\/wp-json\/wp\/v2\/media?parent=71406"}],"wp:term":[{"taxonomy":"category","embeddable":true,"href":"https:\/\/www.ludwig-van.com\/montreal\/wp-json\/wp\/v2\/categories?post=71406"},{"taxonomy":"post_tag","embeddable":true,"href":"https:\/\/www.ludwig-van.com\/montreal\/wp-json\/wp\/v2\/tags?post=71406"},{"taxonomy":"yst_prominent_words","embeddable":true,"href":"https:\/\/www.ludwig-van.com\/montreal\/wp-json\/wp\/v2\/yst_prominent_words?post=71406"}],"curies":[{"name":"wp","href":"https:\/\/api.w.org\/{rel}","templated":true}]}}