{"id":71142,"date":"2022-06-04T06:49:11","date_gmt":"2022-06-04T10:49:11","guid":{"rendered":"https:\/\/www.ludwig-van.com\/montreal\/?p=71142"},"modified":"2022-06-04T06:49:11","modified_gmt":"2022-06-04T10:49:11","slug":"nouvelle-le-cmim-devoile-les-trois-finalistes-de-son-volet-melodie","status":"publish","type":"post","link":"https:\/\/www.ludwig-van.com\/montreal\/2022\/06\/04\/nouvelle-le-cmim-devoile-les-trois-finalistes-de-son-volet-melodie\/","title":{"rendered":"NOUVELLE\u00a0| Le CMIM d\u00e9voile les trois finalistes de son volet m\u00e9lodie"},"content":{"rendered":"<h3><span style=\"color: #808080;\">Concours musical international de Montr\u00e9al: les demi-finalistes du volet m\u00e9lodie annonc\u00e9s<\/span><\/h3>\n<figure id=\"attachment_71144\" aria-describedby=\"caption-attachment-71144\" style=\"width: 1200px\" class=\"wp-caption alignnone\"><img decoding=\"async\" loading=\"lazy\" class=\"size-full wp-image-71144\" src=\"https:\/\/www.ludwig-van.com\/montreal\/wp-content\/uploads\/sites\/3\/2022\/06\/Meredith-Wohlgemuth-CMIM.jpg\" alt=\"Meredith Wohlgemuth, soprano (\u00c9tats-Unis) fait partie des trois artistes acc\u00e9dant \u00e0 la finale du volet m\u00e9lodie du CMIM qui aura lieu le 5 juin \u00e0 la salle Bourgie. (Photo: courtoisie du CMIM)\" width=\"1200\" height=\"628\" \/><figcaption id=\"caption-attachment-71144\" class=\"wp-caption-text\">Meredith Wohlgemuth, soprano (\u00c9tats-Unis) fait partie des trois artistes acc\u00e9dant \u00e0 la finale du volet m\u00e9lodie du CMIM qui aura lieu le 5 juin \u00e0 la salle Bourgie. (Photo: courtoisie du CMIM)<\/figcaption><\/figure>\n<h3><span style=\"color: #808080;\">La demi-finale du volet m\u00e9lodie du Concours musical international de Montr\u00e9al est maintenant termin\u00e9e. Trois finalistes ont \u00e9t\u00e9 d\u00e9sign\u00e9s vendredi soir par le jury.<\/span><\/h3>\n<p>Il s&rsquo;agit du baryton <strong>Bryan Murray<\/strong> (\u00c9tats-Unis), de la soprano <strong>Harriet Burns<\/strong> (Royaume-Uni) et de la soprano <strong>Meredith Wohlgemuth<\/strong> (\u00c9tats-Unis).<\/p>\n<p>Le jury international du CMIM est compos\u00e9 cette ann\u00e9e de Zarin Mehta (Inde\/\u00c9tats-Unis), Sir Thomas Allen (Royaume-Uni), Robert Holl (Pays-Bas), Hartmut H\u00f6ll (Allemagne), Renaud Loranger (Canada\/Allemagne), Adrianne Pieczonka (Canada), Richard Rodzinski (\u00c9tats-Unis) et Christine Sch\u00e4fer (Allemagne).<\/p>\n<p>Les pianistes officiels, cette ann\u00e9e, sont Martin Dub\u00e9, Olivier Godin, Esther Gonthier, Julien LeBlanc et Jennifer Szeto. De plus, des pianistes collaborateurs, au nombre de 10, sont \u00e9ligibles aux Prix John Newmark de 5000 $ offert par la Fondation de la Famille Lupien.<\/p>\n<p>La <strong>finale du volet m\u00e9lodie<\/strong> aura lieu demain, <strong>dimanche 5 juin, \u00e0 14 h, \u00e0 la salle Bourgie.<\/strong> Voici l&rsquo;orchestre de passage, d\u00e9termin\u00e9 par tirage au sort:<\/p>\n<p>1. Bryan Murray, baryton, baryton (\u00c9tats-Unis)<br \/>\n2. Harriet Burns, soprano (Royaume-Uni)<br \/>\n3. Meredith Wohlgemuth, soprano (\u00c9tats-Unis)<\/p>\n<p>Les concurrents du CMIM se disputent plus de 220 000 $ en prix et bourses cette ann\u00e9e. Le premier prix de chaque cat\u00e9gorie (m\u00e9lodie, aria) est de 30 000 $. Une Bourse de d\u00e9veloppement de carri\u00e8re Joseph-Rouleau de 50 000 $, offerte par la Fondation Azrieli, est \u00e9galement offert.<\/p>\n<h3>Demi-finale et finale du volet aria<\/h3>\n<p>Les autres \u00e9preuves de la demi-finale, pour le volet aria, auront lieu cette semaine, soit lundi 6 et mardi 7 juin, 19 h 30, \u00e0 la Maison symphonique. Les 10 demi-finalistes chanteront avec l&rsquo;<strong>Orchestre symphonique de Montr\u00e9al<\/strong>, sous la direction de <strong>Jacques Lacombe<\/strong>. De ces 10 artistes, cinq passeront en finale.\u00a0 Cette finale aura lieu le 9 juin, 19 h 30, toujours \u00e0 la Maison symphonique avec l&rsquo;<strong>OSM.<\/strong><\/p>\n<p>Les demi-finalistes du volet aria sont Sarah Dufresne (Canada), Lauren Margison (Canada), Vladyslav Buialskyi (Ukraine), Jihoon Son (Cor\u00e9e du sud), Valerie Eickhoff (Allemagne), Bryan Murray (\u00c9tats-Unis), Deepa Johnny (Oman\/Canada), Hugo Laporte (Canada), Simon McIntosh (Canada) et Nils Wanderer (Allemagne).<\/p>\n<p>Toutes les \u00e9preuves sont \u00e9galement webdiffus\u00e9es sur le site du concours.<\/p>\n<h2><em>Inscrivez-vous \u00e0 notre infolettre! La musique classique et l&rsquo;op\u00e9ra en 5 minutes, chaque jour<\/em> \u00a0<span style=\"color: #ff0000;\"><a style=\"color: #ff0000;\" href=\"https:\/\/ludwig-van.us9.list-manage.com\/subscribe?u=4f785cb3f9058f2393ccad035&amp;id=b9b160c032\" target=\"_blank\" rel=\"noopener noreferrer\">ICI\u00a0<\/a><\/span><\/h2>\n","protected":false},"excerpt":{"rendered":"<p>La demi-finale du volet m\u00e9lodie du Concours musical international de Montr\u00e9al est maintenant termin\u00e9e. Trois finalistes ont \u00e9t\u00e9 d\u00e9sign\u00e9s vendredi soir par le jury.<\/p>\n","protected":false},"author":51,"featured_media":71144,"comment_status":"open","ping_status":"open","sticky":false,"template":"","format":"standard","meta":{"om_disable_all_campaigns":false,"jetpack_post_was_ever_published":false},"categories":[42010,10956,10992],"tags":[42007,4839,2542],"yst_prominent_words":[9863,10703,10698,10696,22514,23266,10701,19913,22709,10702,10697,16430,16410],"acf":[],"jetpack_featured_media_url":"https:\/\/www.ludwig-van.com\/montreal\/wp-content\/uploads\/sites\/3\/2022\/06\/Meredith-Wohlgemuth-CMIM.jpg","jetpack_sharing_enabled":true,"jetpack_shortlink":"https:\/\/wp.me\/p9bdYt-ivs","amp_enabled":true,"_links":{"self":[{"href":"https:\/\/www.ludwig-van.com\/montreal\/wp-json\/wp\/v2\/posts\/71142"}],"collection":[{"href":"https:\/\/www.ludwig-van.com\/montreal\/wp-json\/wp\/v2\/posts"}],"about":[{"href":"https:\/\/www.ludwig-van.com\/montreal\/wp-json\/wp\/v2\/types\/post"}],"author":[{"embeddable":true,"href":"https:\/\/www.ludwig-van.com\/montreal\/wp-json\/wp\/v2\/users\/51"}],"replies":[{"embeddable":true,"href":"https:\/\/www.ludwig-van.com\/montreal\/wp-json\/wp\/v2\/comments?post=71142"}],"version-history":[{"count":4,"href":"https:\/\/www.ludwig-van.com\/montreal\/wp-json\/wp\/v2\/posts\/71142\/revisions"}],"predecessor-version":[{"id":71146,"href":"https:\/\/www.ludwig-van.com\/montreal\/wp-json\/wp\/v2\/posts\/71142\/revisions\/71146"}],"wp:featuredmedia":[{"embeddable":true,"href":"https:\/\/www.ludwig-van.com\/montreal\/wp-json\/wp\/v2\/media\/71144"}],"wp:attachment":[{"href":"https:\/\/www.ludwig-van.com\/montreal\/wp-json\/wp\/v2\/media?parent=71142"}],"wp:term":[{"taxonomy":"category","embeddable":true,"href":"https:\/\/www.ludwig-van.com\/montreal\/wp-json\/wp\/v2\/categories?post=71142"},{"taxonomy":"post_tag","embeddable":true,"href":"https:\/\/www.ludwig-van.com\/montreal\/wp-json\/wp\/v2\/tags?post=71142"},{"taxonomy":"yst_prominent_words","embeddable":true,"href":"https:\/\/www.ludwig-van.com\/montreal\/wp-json\/wp\/v2\/yst_prominent_words?post=71142"}],"curies":[{"name":"wp","href":"https:\/\/api.w.org\/{rel}","templated":true}]}}