{"id":71131,"date":"2022-06-03T10:22:26","date_gmt":"2022-06-03T14:22:26","guid":{"rendered":"https:\/\/www.ludwig-van.com\/montreal\/?p=71131"},"modified":"2022-06-03T10:31:40","modified_gmt":"2022-06-03T14:31:40","slug":"actualites-nouvelles-musique-classique-que-vous-devez-connaitre-2","status":"publish","type":"post","link":"https:\/\/www.ludwig-van.com\/montreal\/2022\/06\/03\/actualites-nouvelles-musique-classique-que-vous-devez-connaitre-2\/","title":{"rendered":"ACTUALIT\u00c9S\u00a0| Cinq nouvelles en musique classique que vous devez conna\u00eetre"},"content":{"rendered":"<h3><span style=\"color: #808080;\">L&rsquo;actualit\u00e9 en musique classique &#8211; semaine du 30 mai 2022<\/span><\/h3>\n<figure id=\"attachment_71134\" aria-describedby=\"caption-attachment-71134\" style=\"width: 1200px\" class=\"wp-caption alignnone\"><img decoding=\"async\" loading=\"lazy\" class=\"size-full wp-image-71134\" src=\"https:\/\/www.ludwig-van.com\/montreal\/wp-content\/uploads\/sites\/3\/2022\/06\/Bryan-Cheng-actualites.jpg\" alt=\"Le violoncelliste canadien Bryan Cheng participe \u00e0 la finale du Concours Reine Elisabeth 2022. (Photo: courtoisie)\" width=\"1200\" height=\"628\" \/><figcaption id=\"caption-attachment-71134\" class=\"wp-caption-text\">Le violoncelliste canadien Bryan Cheng participe \u00e0 la finale du Concours Reine Elisabeth 2022. (Photo: courtoisie)<\/figcaption><\/figure>\n<h3><span style=\"color: #999999;\">Une semaine tr\u00e8s mouvement\u00e9e en musique classique se termine. Voici un r\u00e9sum\u00e9 des principales nouvelles. Pour vous assurer de ne rien rater, abonnez-vous \u00e0 notre infolettre en cliquant <a href=\"https:\/\/ludwig-van.us9.list-manage.com\/subscribe?u=4f785cb3f9058f2393ccad035&amp;id=b9b160c032\" target=\"_blank\" rel=\"noopener\"><span style=\"color: #ff0000;\">ICI.\u00a0<\/span><\/a><\/span><\/h3>\n<h3>Bryan Cheng en finale du Concours Reine Elisabeth<\/h3>\n<p>Le violoncelliste canadien <strong>Bryan Cheng<\/strong>, d\u00e9j\u00e0 laur\u00e9at de plusieurs prix dont celui du <strong>Concours OSM<\/strong>, \u00e9tait en <a href=\"https:\/\/concoursreineelisabeth.be\/fr\/concours-details-calendrier-epreuves-seances\/activites\/finale-violoncelle-2022\/\" target=\"_blank\" rel=\"noopener\">finale<\/a> du <strong>Concours Reine Elisabeth<\/strong>, en Belgique, hier. Il interpr\u00e9tait notamment le Concerto no 2 de Dvorak avec l&rsquo;Orchestre philharmonique de Bruxelles, sous la direction de St\u00e9phane Den\u00e8ve. Selon son agente, <strong>Annick-Patricia Carri\u00e8re<\/strong>, de Station Bleue, la prestation s&rsquo;est tr\u00e8s bien pass\u00e9e. Il reste encore quatre candidats \u00e0 entendre en finale, au cours des deux prochains jours, avant que les laur\u00e9ats soient d\u00e9termin\u00e9s par le jury.<\/p>\n<p>&nbsp;<\/p>\n<figure id=\"attachment_59356\" aria-describedby=\"caption-attachment-59356\" style=\"width: 1024px\" class=\"wp-caption aligncenter\"><img decoding=\"async\" loading=\"lazy\" class=\"wp-image-59356 size-full\" src=\"https:\/\/www.ludwig-van.com\/montreal\/wp-content\/uploads\/sites\/3\/2019\/04\/APMusic_headshot-JonathanOldengarm_credit-Tam-Lan-Truong.jpg\" alt=\"Jonathan Oldengarm\" width=\"1024\" height=\"683\" srcset=\"https:\/\/www.ludwig-van.com\/montreal\/wp-content\/uploads\/sites\/3\/2019\/04\/APMusic_headshot-JonathanOldengarm_credit-Tam-Lan-Truong.jpg 1024w, https:\/\/www.ludwig-van.com\/montreal\/wp-content\/uploads\/sites\/3\/2019\/04\/APMusic_headshot-JonathanOldengarm_credit-Tam-Lan-Truong-300x200.jpg 300w, https:\/\/www.ludwig-van.com\/montreal\/wp-content\/uploads\/sites\/3\/2019\/04\/APMusic_headshot-JonathanOldengarm_credit-Tam-Lan-Truong-768x512.jpg 768w\" sizes=\"(max-width: 1024px) 100vw, 1024px\" \/><figcaption id=\"caption-attachment-59356\" class=\"wp-caption-text\">Jonathan Oldengarm. (Photo: Tam Lan Truong)<\/figcaption><\/figure>\n<h3>Jonathan Oldengarm \u00e0 Toronto<\/h3>\n<p>L&rsquo;organiste et directeur musical d&rsquo;<strong>A&amp;P Music<\/strong> (\u00c9glise St.Andrew &amp; St.Paul), <strong>Jonathan Oldengarm<\/strong>, vient d&rsquo;\u00eatre nomm\u00e9 \u00ab\u00a0minister of music\u00a0\u00bb de la Metropolitan United Church, \u00e0 Toronto. Toutes nos f\u00e9licitations!<\/p>\n<p>&nbsp;<\/p>\n<figure id=\"attachment_69880\" aria-describedby=\"caption-attachment-69880\" style=\"width: 720px\" class=\"wp-caption alignnone\"><img decoding=\"async\" loading=\"lazy\" class=\"size-full wp-image-69880\" src=\"https:\/\/www.ludwig-van.com\/montreal\/wp-content\/uploads\/sites\/3\/2022\/02\/image005-1.png\" alt=\"\" width=\"720\" height=\"720\" \/><figcaption id=\"caption-attachment-69880\" class=\"wp-caption-text\">Gauche : \u00c9ric Martel, pr\u00e9sident et chef de la direction de Bombardier; droite : Yannick N\u00e9zet-S\u00e9guin, directeur artistique et chef principal de l\u2019Orchestre M\u00e9tropolitain (Photo fournie par Bombardier)<\/figcaption><\/figure>\n<h3>L&rsquo;OM r\u00e9colte 505 000$<\/h3>\n<p>L&rsquo;<strong>Orchestre M\u00e9tropolitain<\/strong> a recueilli 505 000 $ \u00e0 l&rsquo;occasion de son 6e gala-b\u00e9n\u00e9fice, le 26 mai dernier. L&rsquo;\u00e9v\u00e9nement se d\u00e9roulait au Centre de finition Laurent-Beaudoin, en partenariat avec Bombardier. Il s&rsquo;agit d&rsquo;une somme record pour l&rsquo;OM, qui lui servira \u00e0 poursuivre sa mission.<\/p>\n<p>&nbsp;<\/p>\n<figure id=\"attachment_47333\" aria-describedby=\"caption-attachment-47333\" style=\"width: 1024px\" class=\"wp-caption aligncenter\"><img decoding=\"async\" loading=\"lazy\" class=\"wp-image-47333 size-full\" src=\"https:\/\/www.ludwig-van.com\/montreal\/wp-content\/uploads\/sites\/3\/2017\/09\/boudreau-walter.jpg\" alt=\"Louise Bessette interpr\u00e9tera Les Plan\u00e8tes, de Walter Boudreau, \u00e0 la SAT, en 2018 (Cr\u00e9dit photo: DNV Photographie)\" width=\"1024\" height=\"577\" srcset=\"https:\/\/www.ludwig-van.com\/montreal\/wp-content\/uploads\/sites\/3\/2017\/09\/boudreau-walter.jpg 1024w, https:\/\/www.ludwig-van.com\/montreal\/wp-content\/uploads\/sites\/3\/2017\/09\/boudreau-walter-300x169.jpg 300w, https:\/\/www.ludwig-van.com\/montreal\/wp-content\/uploads\/sites\/3\/2017\/09\/boudreau-walter-768x433.jpg 768w\" sizes=\"(max-width: 1024px) 100vw, 1024px\" \/><figcaption id=\"caption-attachment-47333\" class=\"wp-caption-text\">Louise Bessette interpr\u00e9tera Les Plan\u00e8tes, de Walter Boudreau, \u00e0 la SAT, en 2018 (Cr\u00e9dit photo: DNV Photographie)<\/figcaption><\/figure>\n<h3>Ordre des arts et des lettres et Ordre du Canada<\/h3>\n<p><strong>Walter Boudreau<\/strong> a r\u00e9cemment \u00e9t\u00e9 fait Compagnon de l&rsquo;Ordre des arts et des lettres du CALQ, tandis que le compositeur <strong>alcides lanza<\/strong> a \u00e9t\u00e9 nomm\u00e9 membre de l&rsquo;Ordre du Canada. Toutes nos f\u00e9licitations!<\/p>\n<p>&nbsp;<\/p>\n<figure id=\"attachment_71132\" aria-describedby=\"caption-attachment-71132\" style=\"width: 2048px\" class=\"wp-caption alignnone\"><img decoding=\"async\" loading=\"lazy\" class=\"size-full wp-image-71132\" src=\"https:\/\/www.ludwig-van.com\/montreal\/wp-content\/uploads\/sites\/3\/2022\/06\/Anabelle-Renzo-cr-Yanick-MacDonald.jpg\" alt=\"Annabelle Renzo (Photo: Yanick MacDonald)\" width=\"2048\" height=\"1365\" \/><figcaption id=\"caption-attachment-71132\" class=\"wp-caption-text\">Annabelle Renzo (Photo: Yanick MacDonald)<\/figcaption><\/figure>\n<h3>Annabelle Renzo aux Dragons: on peut voir l&rsquo;\u00e9mission<\/h3>\n<p>La harpiste et fondatrice de <strong>S\u00e9r\u00e9nit\u00e9 sonore<\/strong>, <strong>Annabelle Renzo<\/strong>, \u00e9tait concurrente \u00e0 l&rsquo;\u00e9mission <em>Dans l&rsquo;oeil du Dragon<\/em>, cette semaine. Elle se mesurait \u00e0 des fabricants de spiritueux de l&rsquo;Abitibi-T\u00e9miscamingue (Alpha Tango, qui a re\u00e7u trois offres des investisseurs), \u00e0 une entreprise d&rsquo;art mural imprim\u00e9 \u00e0 la demande (Oleka Canvas), Deep Sight (r\u00e9alit\u00e9 augment\u00e9e), et Petit Montagnard (v\u00eatements de plein-air pour enfants et adultes). C&rsquo;est Deep Sight qui a atteint l&rsquo;objectif le plus \u00e9lev\u00e9 en recevant 250 000$ d&rsquo;un des Dragons contre 5% de leur entreprise. Petit Montagnard a \u00e9galement attir\u00e9 un investisseur pour 150 000$.<\/p>\n<p><strong>Annabelle Renzo<\/strong> proposait aux Dragons d&rsquo;investir 60 000$ en \u00e9change de 15% des parts de son entreprise. Bien que les investisseurs n&rsquo;aient pas mordu \u00e0 son offre, ils ont \u00e9t\u00e9 impressionn\u00e9s par ses produits et ses projets, et lui ont offert leur soutien et leurs conseils. Annabelle Renzo a conclu en disant que c&rsquo;\u00e9tait d\u00e9j\u00e0 une fiert\u00e9 en soi d&rsquo;avoir particip\u00e9 en tant qu&rsquo;entreprise culturelle. On peut visionner l&rsquo;\u00e9mission s<a href=\"https:\/\/ici.radio-canada.ca\/tele\/dans-l-oeil-du-dragon\/site\" target=\"_blank\" rel=\"noopener\">ur le site de Radio-Canada.\u00a0<\/a><\/p>\n<p>Bravo \u00e0 Annabelle pour son audace et sa participation. Parions que son passage aux Dragons lui apportera des r\u00e9sultats et d\u00e9veloppement compl\u00e8tement inattendus.<\/p>\n<p>&nbsp;<\/p>\n<figure id=\"attachment_71133\" aria-describedby=\"caption-attachment-71133\" style=\"width: 901px\" class=\"wp-caption alignnone\"><img decoding=\"async\" loading=\"lazy\" class=\"size-full wp-image-71133\" src=\"https:\/\/www.ludwig-van.com\/montreal\/wp-content\/uploads\/sites\/3\/2022\/06\/Caroline-Louis-Olivier-Godin.jpg\" alt=\"Caroline Louis et Olivier Godin, respectivement directrice g\u00e9n\u00e9rale et directeur artistique de la salle Bourgie, nouvellement nomm\u00e9s. (Photo: Claudine Jacques)\" width=\"901\" height=\"571\" \/><figcaption id=\"caption-attachment-71133\" class=\"wp-caption-text\">Caroline Louis et Olivier Godin, respectivement directrice g\u00e9n\u00e9rale et directeur artistique de la salle Bourgie, nouvellement nomm\u00e9s. (Photo: Claudine Jacques)<\/figcaption><\/figure>\n<h3>La semaine en bref<\/h3>\n<p>La semaine qui se termine a d\u00e9cid\u00e9ment \u00e9t\u00e9 riche en \u00e9v\u00e9nements de toutes sortes. Pour ceux qui auraient rat\u00e9 ces nouvelles, sachez que la <strong>salle Bourgie<\/strong> a maintenant une <a href=\"https:\/\/www.ludwig-van.com\/montreal\/2022\/05\/30\/nouvelle-salle-bourgie-caroline-louis-et-olivier-godin-a-la-direction\/\" target=\"_blank\" rel=\"noopener\">nouvelle directrice g\u00e9n\u00e9rale et un nouveau directeur artistique<\/a> (<strong>Caroline Louis <\/strong>et <strong>Olivier Godin<\/strong>), que <strong>Marc Hervieux<\/strong> deviendra <a href=\"https:\/\/www.ludwig-van.com\/montreal\/2022\/06\/01\/nouvelle-marc-hervieux-nomme-directeur-general-du-conservatoire\/\" target=\"_blank\" rel=\"noopener\">directeur g\u00e9n\u00e9ral du Conservatoire de musique et d&rsquo;art dramatique du Qu\u00e9bec<\/a>, et que <strong>Mathieu Lussier<\/strong> prendra la rel\u00e8ve de Paul Fortin comme nouveau <a href=\"https:\/\/www.ludwig-van.com\/montreal\/2022\/06\/02\/nouvelle-mathieu-lussier-nomme-directeur-artistique-du-domaine-forget-de-charlevoix\/\" target=\"_blank\" rel=\"noopener\">directeur artistique du Domaine Forget de Charlevoix.<\/a><\/p>\n<p>De plus, le <strong>Concours musical international de Montr\u00e9al<\/strong> a annonc\u00e9 hier <a href=\"https:\/\/www.ludwig-van.com\/montreal\/2022\/06\/02\/nouvelle-cinq-chanteurs-canadiens-passent-en-demi-finale-du-cmim\/\" target=\"_blank\" rel=\"noopener\">ses demi-finalistes<\/a>, parmi lesquels ont retrouve cinq artistes canadiens. Les \u00e9preuves de demi-finale commencent ce soir, 19 h 30, \u00e0 la salle Bourgie, pour le volet m\u00e9lodie, et se poursuivront la semaine prochaine avec le volet aria.<\/p>\n<p>Finalement, mentionnons que l&rsquo;<strong>OSM<\/strong> a lanc\u00e9 lundi <a href=\"https:\/\/www.ludwig-van.com\/montreal\/2022\/05\/31\/nouvelle-losm-devoile-une-programmation-2022-2023-emballante\/\" target=\"_blank\" rel=\"noopener\">sa programmation de la saison 2022-2023<\/a>, laquelle comprend une centaine de concert, et annonc\u00e9 une tourn\u00e9e de deux villes aux \u00c9tats-Unis, en plus des tourn\u00e9es en Cor\u00e9e du Sud et en Europe d\u00e9j\u00e0 annonc\u00e9es.<\/p>\n<h2><em>Inscrivez-vous \u00e0 notre infolettre! La musique classique et l&rsquo;op\u00e9ra en 5 minutes, chaque jour<\/em> \u00a0<span style=\"color: #ff0000;\"><a style=\"color: #ff0000;\" href=\"https:\/\/ludwig-van.us9.list-manage.com\/subscribe?u=4f785cb3f9058f2393ccad035&amp;id=b9b160c032\" target=\"_blank\" rel=\"noopener noreferrer\">ICI\u00a0<\/a><\/span><\/h2>\n","protected":false},"excerpt":{"rendered":"<p>Une semaine tr\u00e8s mouvement\u00e9e en musique classique se termine. Voici un r\u00e9sum\u00e9 des principales nouvelles. Pour vous assurer de ne rien rater, abonnez-vous \u00e0 notre infolettre en cliquant ICI.\u00a0<\/p>\n","protected":false},"author":51,"featured_media":71134,"comment_status":"open","ping_status":"open","sticky":false,"template":"","format":"standard","meta":{"om_disable_all_campaigns":false,"jetpack_post_was_ever_published":false},"categories":[42010,10956,10992],"tags":[31125,2542,11137,32641,11968],"yst_prominent_words":[29145,18445,18726,9851,11672,10167,9956],"acf":[],"jetpack_featured_media_url":"https:\/\/www.ludwig-van.com\/montreal\/wp-content\/uploads\/sites\/3\/2022\/06\/Bryan-Cheng-actualites.jpg","jetpack_sharing_enabled":true,"jetpack_shortlink":"https:\/\/wp.me\/p9bdYt-ivh","amp_enabled":true,"_links":{"self":[{"href":"https:\/\/www.ludwig-van.com\/montreal\/wp-json\/wp\/v2\/posts\/71131"}],"collection":[{"href":"https:\/\/www.ludwig-van.com\/montreal\/wp-json\/wp\/v2\/posts"}],"about":[{"href":"https:\/\/www.ludwig-van.com\/montreal\/wp-json\/wp\/v2\/types\/post"}],"author":[{"embeddable":true,"href":"https:\/\/www.ludwig-van.com\/montreal\/wp-json\/wp\/v2\/users\/51"}],"replies":[{"embeddable":true,"href":"https:\/\/www.ludwig-van.com\/montreal\/wp-json\/wp\/v2\/comments?post=71131"}],"version-history":[{"count":6,"href":"https:\/\/www.ludwig-van.com\/montreal\/wp-json\/wp\/v2\/posts\/71131\/revisions"}],"predecessor-version":[{"id":71140,"href":"https:\/\/www.ludwig-van.com\/montreal\/wp-json\/wp\/v2\/posts\/71131\/revisions\/71140"}],"wp:featuredmedia":[{"embeddable":true,"href":"https:\/\/www.ludwig-van.com\/montreal\/wp-json\/wp\/v2\/media\/71134"}],"wp:attachment":[{"href":"https:\/\/www.ludwig-van.com\/montreal\/wp-json\/wp\/v2\/media?parent=71131"}],"wp:term":[{"taxonomy":"category","embeddable":true,"href":"https:\/\/www.ludwig-van.com\/montreal\/wp-json\/wp\/v2\/categories?post=71131"},{"taxonomy":"post_tag","embeddable":true,"href":"https:\/\/www.ludwig-van.com\/montreal\/wp-json\/wp\/v2\/tags?post=71131"},{"taxonomy":"yst_prominent_words","embeddable":true,"href":"https:\/\/www.ludwig-van.com\/montreal\/wp-json\/wp\/v2\/yst_prominent_words?post=71131"}],"curies":[{"name":"wp","href":"https:\/\/api.w.org\/{rel}","templated":true}]}}