{"id":71100,"date":"2022-06-01T09:21:12","date_gmt":"2022-06-01T13:21:12","guid":{"rendered":"https:\/\/www.ludwig-van.com\/montreal\/?p=71100"},"modified":"2022-06-01T17:03:07","modified_gmt":"2022-06-01T21:03:07","slug":"critique-la-neuvieme-a-losm-triomphe-dans-une-maison-symphonique-remplie-a-craquer","status":"publish","type":"post","link":"https:\/\/www.ludwig-van.com\/montreal\/2022\/06\/01\/critique-la-neuvieme-a-losm-triomphe-dans-une-maison-symphonique-remplie-a-craquer\/","title":{"rendered":"CRITIQUE\u00a0| La Neuvi\u00e8me \u00e0 l&rsquo;OSM: triomphe dans une Maison symphonique remplie \u00e0 craquer"},"content":{"rendered":"<h3><span style=\"color: #808080;\">Critique du concert de cl\u00f4ture 2022 de l&rsquo;OSM sous la direction de Rafael Payare.\u00a0<\/span><\/h3>\n<figure id=\"attachment_71103\" aria-describedby=\"caption-attachment-71103\" style=\"width: 1200px\" class=\"wp-caption alignnone\"><img decoding=\"async\" loading=\"lazy\" class=\"size-full wp-image-71103\" src=\"https:\/\/www.ludwig-van.com\/montreal\/wp-content\/uploads\/sites\/3\/2022\/06\/Rafael-Payare-OSM-cr-Antoine-Saito.jpg\" alt=\"Rafael Payare dirigeait l'OSM lors du concert de cl\u00f4ture de la saison 2021-2022, le 31 mai 2022. (Photo: Antoine Saito)\" width=\"1200\" height=\"628\" \/><figcaption id=\"caption-attachment-71103\" class=\"wp-caption-text\">Rafael Payare dirigeait l&rsquo;OSM lors du concert de cl\u00f4ture de la saison 2021-2022, le 31 mai 2022. (Photo: Antoine Saito)<\/figcaption><\/figure>\n<p>Depuis le retour en salle post pand\u00e9mique, je n&rsquo;avais jamais vu la Maison symphonique aussi bien remplie qu&rsquo;hier, alors que l&rsquo;<strong>Orchestre symphonique de Montr\u00e9al<\/strong> pr\u00e9sentait le premier de ses quatre concerts de cl\u00f4ture ayant comme pi\u00e8ce de r\u00e9sistance la Neuvi\u00e8me de Beethoven sous la direction \u00e9nergique que <strong>Rafael Payare<\/strong>. Ce fut un triomphe bien m\u00e9rit\u00e9.<\/p>\n<p>Qu&rsquo;on se le dise: pour \u00eatre convaincu de sortir, le public veut entendre des \u0153uvres qu&rsquo;il aime et conna\u00eet. La preuve, c&rsquo;est que ces quatre repr\u00e9sentations se donnent \u00e0 guichets ferm\u00e9s alors que d&rsquo;autres organismes musicaux, depuis quelques semaines, peinent \u00e0 vendre leurs billets. Bien s\u00fbr, cela ne veut pas dire de ne programmer que des symphonies de Beethoven, mais qu&rsquo;en ces jours d&rsquo;inflation, on y r\u00e9fl\u00e9chit \u00e0 deux fois avant de d\u00e9penser et la prise de risques sur le plan de la programmation ne paie pas toujours. Cela ne veut pas dire non plus de ne pas en prendre, mais qu&rsquo;il faut savoir \u00e9quilibrer le tout.<\/p>\n<p>Avant le concert, la PDG de l&rsquo;OSM, <strong>Madeleine Careau<\/strong> a souhait\u00e9 la bienvenue au public et bonne retraite \u00e0 trois musiciens qui partent apr\u00e8s de nombreuses ann\u00e9es de loyaux services, la violoncelliste <strong>Sylvie Lambert<\/strong>, le clarinettiste <strong>Michael Dumouchel<\/strong> (52 ans \u00e0 l&rsquo;OSM!) et le trompettiste <strong>Jean-Luc Gagnon<\/strong>. On leur souhaite nous aussi du bonheur et surtout la sant\u00e9.<\/p>\n<p>En premi\u00e8re partie du concert, nous avons entendu deux pi\u00e8ces magnifiques, apaisantes et inspirantes mais rarement jou\u00e9es pour ch\u0153ur et orchestre de Brahms, soit <em>N\u00e4nie<\/em>\u00a0et\u00a0<em>Schicksalslied<\/em> [Chant du destin]. En l&rsquo;absence pour maladie d&rsquo;Andrew MeGill, le Ch\u0153ur de l&rsquo;OSM avait \u00e9t\u00e9 pr\u00e9par\u00e9 par Philippe Bourque, directeur artistique du Ch\u0153ur St-Laurent.<\/p>\n<p>&nbsp;<\/p>\n<figure id=\"attachment_71105\" aria-describedby=\"caption-attachment-71105\" style=\"width: 1200px\" class=\"wp-caption alignnone\"><img decoding=\"async\" loading=\"lazy\" class=\"size-full wp-image-71105\" src=\"https:\/\/www.ludwig-van.com\/montreal\/wp-content\/uploads\/sites\/3\/2022\/06\/Ryan-Speedo-Green-cr-Antoine-Saito-1200.jpg\" alt=\"Ryan Speedo Green, basse remarquable, \u00e0 l'OSM, 31 mai 2022. (Photo: Antoine Saito)\" width=\"1200\" height=\"797\" \/><figcaption id=\"caption-attachment-71105\" class=\"wp-caption-text\">Ryan Speedo Green, basse remarquable, \u00e0 l&rsquo;OSM, 31 mai 2022. (Photo: Antoine Saito)<\/figcaption><\/figure>\n<p>La Neuvi\u00e8me de Beethoven selon Rafael Payare est fort bien structur\u00e9e, articul\u00e9e, convaincante, inspir\u00e9e et puissante. <strong>Rafael Payare<\/strong> gesticule \u00e9norm\u00e9ment, mais il communique bien avec les musiciens et son expressivit\u00e9 donne des r\u00e9sultats. Nous sommes travers\u00e9s par une sonorit\u00e9 incroyable dont les vibrations semblent rester en nous et nous habiter m\u00eame apr\u00e8s notre sortie de la Maison symphonique.<\/p>\n<p>Malheureusement, la foule applaudit entre les mouvements.<\/p>\n<p>Du c\u00f4t\u00e9 des ch\u0153urs, la section des sopranos est peut-\u00eatre un peu le point faible. Les quatre solistes sont excellents: <strong>Fr\u00e9d\u00e9ric Antoun<\/strong>, t\u00e9nor, <strong>Karina Gauvin<\/strong>, soprano, <strong>Sophie Harmsen<\/strong>, mezzo-soprano et <strong>Ryan Speedo Green<\/strong>, basse absolument remarquable. Le mouvement final est tout \u00e0 fait renversant.<\/p>\n<p>Est-il besoin de dire que le tout sera conclut par une ovation \u00e0 tout casser, durant laquelle le chef reviendra saluer quatre fois? Le courant, qui passe d\u00e9j\u00e0 entre Payare et ses musiciens, commence \u00e0 se transmettre aussi \u00e0 Montr\u00e9al, et ce n&rsquo;est que le d\u00e9but.<\/p>\n<p>Bien que le nouveau chef de l&rsquo;<strong>OSM<\/strong> soit en poste depuis plusieurs mois, je pense qu&rsquo;il y aura un \u00ab\u00a0avant\u00a0\u00bb et \u00ab\u00a0apr\u00e8s\u00a0\u00bb ce concert de cl\u00f4ture o\u00f9 sans doute, de nombreux curieux, ces gens qui ne vont qu&rsquo;\u00e0 un ou deux concerts par ann\u00e9e, ont \u00e9t\u00e9 attir\u00e9s \u00e0 la fois par Beethoven et par l&rsquo;attrait d&rsquo;un nouveau chef.<\/p>\n<p>Apr\u00e8s une saison que l&rsquo;on pourrait qualifier de rodage, o\u00f9 le public encore oblig\u00e9 de porter un masque a commenc\u00e9 \u00e0 faire connaissance avec le nouveau visage de l&rsquo;OSM, l&rsquo;aventure Payare prend avec ce concert son vrai grand d\u00e9part. La v\u00e9ritable premi\u00e8re saison compl\u00e8te, post-covid, sign\u00e9e par <strong>Rafael Payare<\/strong>, dont <a href=\"https:\/\/www.ludwig-van.com\/montreal\/2022\/05\/31\/nouvelle-losm-devoile-une-programmation-2022-2023-emballante\/\" target=\"_blank\" rel=\"noopener\">l&rsquo;impressionnante programmation de plus de 100 concerts a \u00e9t\u00e9 lanc\u00e9e hier<\/a>, est devant nous, avec trois tourn\u00e9es et le d\u00e9but d&rsquo;un cycle Mahler qui sera inaugur\u00e9 avec la Symphonie no 2 \u00ab\u00a0R\u00e9surrection\u00a0\u00bb en septembre.<\/p>\n<p>Ce concert, et cette programmation, donnent envie d&rsquo;y aller souvent!<\/p>\n<p>Apr\u00e8s deux ans de pand\u00e9mie, une guerre affreuse en Ukraine et des milliers de morts, nous sommes privil\u00e9gi\u00e9s de pouvoir le faire. Cela m\u00e9rite bien une <em>Ode \u00e0 la joie<\/em>.<\/p>\n<h2><em>Inscrivez-vous \u00e0 notre infolettre! La musique classique et l&rsquo;op\u00e9ra en 5 minutes, chaque jour<\/em> \u00a0<span style=\"color: #ff0000;\"><a style=\"color: #ff0000;\" href=\"https:\/\/ludwig-van.us9.list-manage.com\/subscribe?u=4f785cb3f9058f2393ccad035&amp;id=b9b160c032\" target=\"_blank\" rel=\"noopener noreferrer\">ICI\u00a0<\/a><\/span><\/h2>\n","protected":false},"excerpt":{"rendered":"<p>Depuis le retour en salle post pand\u00e9mique, je n&rsquo;avais jamais vu la Maison symphonique aussi bien remplie qu&rsquo;hier, alors que l&rsquo;OSM pr\u00e9sentait le premier de ses quatre concerts de cl\u00f4ture ayant comme pi\u00e8ce de r\u00e9sistance la Neuvi\u00e8me de Beethoven sous la direction \u00e9nergique que Rafael Payare. Ce fut un triomphe bien m\u00e9rit\u00e9.\u00a0<\/p>\n","protected":false},"author":51,"featured_media":71103,"comment_status":"open","ping_status":"open","sticky":false,"template":"","format":"standard","meta":{"om_disable_all_campaigns":false,"jetpack_post_was_ever_published":false},"categories":[42010,10956,52],"tags":[42007,2542,41123],"yst_prominent_words":[22946,14253,7202,21264,10443,9869,41121,33286,11620,17099,20367,33294],"acf":[],"jetpack_featured_media_url":"https:\/\/www.ludwig-van.com\/montreal\/wp-content\/uploads\/sites\/3\/2022\/06\/Rafael-Payare-OSM-cr-Antoine-Saito.jpg","jetpack_sharing_enabled":true,"jetpack_shortlink":"https:\/\/wp.me\/p9bdYt-iuM","amp_enabled":true,"_links":{"self":[{"href":"https:\/\/www.ludwig-van.com\/montreal\/wp-json\/wp\/v2\/posts\/71100"}],"collection":[{"href":"https:\/\/www.ludwig-van.com\/montreal\/wp-json\/wp\/v2\/posts"}],"about":[{"href":"https:\/\/www.ludwig-van.com\/montreal\/wp-json\/wp\/v2\/types\/post"}],"author":[{"embeddable":true,"href":"https:\/\/www.ludwig-van.com\/montreal\/wp-json\/wp\/v2\/users\/51"}],"replies":[{"embeddable":true,"href":"https:\/\/www.ludwig-van.com\/montreal\/wp-json\/wp\/v2\/comments?post=71100"}],"version-history":[{"count":5,"href":"https:\/\/www.ludwig-van.com\/montreal\/wp-json\/wp\/v2\/posts\/71100\/revisions"}],"predecessor-version":[{"id":71107,"href":"https:\/\/www.ludwig-van.com\/montreal\/wp-json\/wp\/v2\/posts\/71100\/revisions\/71107"}],"wp:featuredmedia":[{"embeddable":true,"href":"https:\/\/www.ludwig-van.com\/montreal\/wp-json\/wp\/v2\/media\/71103"}],"wp:attachment":[{"href":"https:\/\/www.ludwig-van.com\/montreal\/wp-json\/wp\/v2\/media?parent=71100"}],"wp:term":[{"taxonomy":"category","embeddable":true,"href":"https:\/\/www.ludwig-van.com\/montreal\/wp-json\/wp\/v2\/categories?post=71100"},{"taxonomy":"post_tag","embeddable":true,"href":"https:\/\/www.ludwig-van.com\/montreal\/wp-json\/wp\/v2\/tags?post=71100"},{"taxonomy":"yst_prominent_words","embeddable":true,"href":"https:\/\/www.ludwig-van.com\/montreal\/wp-json\/wp\/v2\/yst_prominent_words?post=71100"}],"curies":[{"name":"wp","href":"https:\/\/api.w.org\/{rel}","templated":true}]}}