{"id":71079,"date":"2022-05-31T14:16:04","date_gmt":"2022-05-31T18:16:04","guid":{"rendered":"https:\/\/www.ludwig-van.com\/montreal\/?p=71079"},"modified":"2022-06-01T06:23:36","modified_gmt":"2022-06-01T10:23:36","slug":"nouvelle-losm-devoile-une-programmation-2022-2023-emballante","status":"publish","type":"post","link":"https:\/\/www.ludwig-van.com\/montreal\/2022\/05\/31\/nouvelle-losm-devoile-une-programmation-2022-2023-emballante\/","title":{"rendered":"NOUVELLE\u00a0| L&rsquo;OSM d\u00e9voile une programmation 2022-2023 emballante"},"content":{"rendered":"<h3><span style=\"color: #808080;\">Saison 2022-2023 de l&rsquo;OSM: un survol des principaux concerts<\/span><\/h3>\n<figure id=\"attachment_71089\" aria-describedby=\"caption-attachment-71089\" style=\"width: 1200px\" class=\"wp-caption alignnone\"><img decoding=\"async\" loading=\"lazy\" class=\"size-full wp-image-71089\" src=\"https:\/\/www.ludwig-van.com\/montreal\/wp-content\/uploads\/sites\/3\/2022\/05\/Rafael-Payare-nouvelle-courtoisie.jpg\" alt=\"Rafael Payare rencontrait les m\u00e9dias, le 30 mai, pour discuter de la saison 2022-2023 (Photo: courtoisie de l'OSM)\" width=\"1200\" height=\"628\" \/><figcaption id=\"caption-attachment-71089\" class=\"wp-caption-text\">Rafael Payare rencontrait les m\u00e9dias, le 30 mai, pour discuter de la saison 2022-2023 (Photo: courtoisie de l&rsquo;OSM)<\/figcaption><\/figure>\n<p><strong>L&rsquo;Orchestre symphonique de Montr\u00e9al<\/strong> d\u00e9voile aujourd&rsquo;hui la <a href=\"https:\/\/www.osm.ca\/fr\/saison-22-23\/?fbclid=IwAR1b00TaqThE0dV_bEaT05RfKEqWbS3SBLYTwTyAM7duw3zRCAX4D6m-4vw\" target=\"_blank\" rel=\"noopener\">programmation de sa saison 2022-2023<\/a>, la premi\u00e8re \u00e9labor\u00e9e sous la direction de <strong>Rafael Payare<\/strong>. Plus de 100 concerts seront pr\u00e9sent\u00e9s avec une cinquantaine de solistes et de chefs invit\u00e9s. Le concert inaugural aura lieu <a href=\"https:\/\/www.osm.ca\/fr\/concerts\/rafael-payare-dirige-la-symphonie-resurrection-de-mahler\/\" target=\"_blank\" rel=\"noopener\">le 14 septembre, avec la Symphonie no 2 \u00ab\u00a0R\u00e9surrection\u00a0\u00bb<\/a> de Gustav Mahler.<\/p>\n<p>Dans l&rsquo;ensemble, cette saison de \u00ab\u00a0retour \u00e0 la normale\u00a0\u00bb de l&rsquo;OSM est constitu\u00e9e de programmes qui devraient remplir la Maison symphonique, avec des t\u00eates d&rsquo;affiche internationales dont certaines pour la premi\u00e8re fois (<a href=\"https:\/\/www.osm.ca\/fr\/concerts\/barbara-hannigan-et-la-symphonie-fantastique\/\" target=\"_blank\" rel=\"noopener\">Barbara Hannigan<\/a>, <a href=\"https:\/\/www.osm.ca\/fr\/concerts\/rafael-payare-dirige-chostakovitch-ravel-et-liszt\/\" target=\"_blank\" rel=\"noopener\">V\u00edkingur \u00d3lafsson<\/a>, <a href=\"https:\/\/www.osm.ca\/fr\/concerts\/nagano-et-kantorow-de-sibelius-a-tchaikovski\/\" target=\"_blank\" rel=\"noopener\">Alexandre Kantorow<\/a>), des valeurs s\u00fbres (<a href=\"https:\/\/www.osm.ca\/fr\/concerts\/bruce-liu-interprete-le-second-concerto-de-chopin\/\" target=\"_blank\" rel=\"noopener\">Bruce Liu<\/a>, <a href=\"https:\/\/www.osm.ca\/fr\/concerts\/maxim-vengerov-interprete-chostakovitch\/\" target=\"_blank\" rel=\"noopener\">Maxim Vengerov<\/a>, <a href=\"https:\/\/www.osm.ca\/fr\/concerts\/la-cinquieme-symphonie-de-mahler\/\" target=\"_blank\" rel=\"noopener\">Yefim Bronfman<\/a>, <a href=\"https:\/\/www.osm.ca\/fr\/concerts\/charles-richard-hamelin-et-le-concerto-no-2-de-prokofiev\/\" target=\"_blank\" rel=\"noopener\">Charles Richard-Hamelin<\/a>, <a href=\"https:\/\/www.osm.ca\/fr\/concerts\/le-triple-concerto-de-beethoven-aux-couleurs-de-losm\/\" target=\"_blank\" rel=\"noopener\">Angela Hewitt<\/a>, <a href=\"https:\/\/www.osm.ca\/fr\/concerts\/le-concerto-pour-deux-pianos-et-percussions-de-bartok\/\" target=\"_blank\" rel=\"noopener\">Daniil Trifonov<\/a>) ainsi que des \u0153uvres que le public ne se lasse pas d&rsquo;entendre (<a href=\"https:\/\/www.osm.ca\/fr\/concerts\/osmo-vanska-et-la-symphonie-no-5-de-beethoven\/\" target=\"_blank\" rel=\"noopener\">Cinqui\u00e8me de Beethoven<\/a>, <a href=\"https:\/\/www.osm.ca\/fr\/concerts\/barbara-hannigan-et-la-symphonie-fantastique\/\" target=\"_blank\" rel=\"noopener\">Symphonie Fantastique<\/a>, <a href=\"https:\/\/www.osm.ca\/fr\/concerts\/loratorio-de-noel-de-j-s-bach-sous-la-direction-de-leonardo-garcia-alarcon\/\" target=\"_blank\" rel=\"noopener\">Oratorio de No\u00ebl<\/a>, <a href=\"https:\/\/www.osm.ca\/fr\/concerts\/nagano-et-kantorow-de-sibelius-a-tchaikovski\/\" target=\"_blank\" rel=\"noopener\">Concerto pour piano no 2 de Tcha\u00efkovski<\/a>); bref, de quoi vendre des billets et nous faire plaisir alors que l&rsquo;inflation galopante laisse de moins en moins de marge de man\u0153uvre au citoyen ordinaire pour ses sorties culturelles une fois pay\u00e9s le pain et l&rsquo;essence.<\/p>\n<p>\u00ab\u00a0Pour cette saison, j&rsquo;ai voulu int\u00e9grer des \u00e9l\u00e9ments que je souhaite voir appara\u00eetre dans les saisons \u00e0 venir, comme un appel aux autres formes d&rsquo;art, et donner un aper\u00e7u de ce qui s&rsquo;en vient avec l&rsquo;OSM\u00a0\u00bb, a mentionn\u00e9 <strong>Rafael Payare<\/strong> aux m\u00e9dias \u00e0 l&rsquo;occasion d&rsquo;une rencontre, le 30 mai.<\/p>\n<p>Avant d&rsquo;aller plus loin, mentionnons que l&rsquo;OSM effectuera une 58e tourn\u00e9e au printemps 2023, en visitant Carnegie Hall \u00e0 New York, et le Kennedy Center, \u00e0 Washington. Au programme: la Cinqui\u00e8me de Mahler et le Concerto pour piano no 2 de Bart\u00f3k, avec <strong>Yefim Bronfman<\/strong>, sous la direction de <strong>Payare.\u00a0<\/strong><\/p>\n<p>&nbsp;<\/p>\n<figure id=\"attachment_67175\" aria-describedby=\"caption-attachment-67175\" style=\"width: 1200px\" class=\"wp-caption alignnone\"><img decoding=\"async\" loading=\"lazy\" class=\"size-full wp-image-67175\" src=\"https:\/\/www.ludwig-van.com\/montreal\/wp-content\/uploads\/sites\/3\/2021\/07\/Rafael-Payare-cr-Antoine-Saito-1200.jpeg\" alt=\"Rafael Payare, nouveau directeur musical de l'Orchestre symphonique de Montr\u00e9al. (Photo: Antoine Saito)\" width=\"1200\" height=\"800\" \/><figcaption id=\"caption-attachment-67175\" class=\"wp-caption-text\">Rafael Payare, nouveau directeur musical de l&rsquo;Orchestre symphonique de Montr\u00e9al. (Photo: Antoine Saito)<\/figcaption><\/figure>\n<h3>Rafael Payare, un cycle de Mahler et autres<\/h3>\n<p>Cette saison, le nouveau maestro de l&rsquo;OSM dirigera une vingtaine de concerts, dont les deux premiers programmes. Le concert inaugural lancera le tout en grande pompe avec la Symphonie no 2 de Mahler, et au m\u00eame programme, une cr\u00e9ation du compositeur autrichien <strong>Thomas Larcher<\/strong>, commande conjointe avec quatre autres orchestres internationaux. Ce programme sera donn\u00e9 quatre fois, soit les <strong>14, 15, 16 et 16 septembre.<\/strong> <a href=\"https:\/\/www.osm.ca\/fr\/concerts\/rafael-payare-dirige-la-symphonie-resurrection-de-mahler\/\" target=\"_blank\" rel=\"noopener\">D\u00c9TAILS ET BILLETS<\/a><\/p>\n<p><strong>Rafael Payare<\/strong> entreprend d&rsquo;ailleurs cette ann\u00e9e un cycle Mahler qui se poursuivra avec la <a href=\"https:\/\/www.osm.ca\/fr\/concerts\/la-cinquieme-symphonie-de-mahler\/\" target=\"_blank\" rel=\"noopener\">Cinqui\u00e8me<\/a> (laquelle fera \u00e9galement l&rsquo;objet d&rsquo;un enregistrement \u00e0 la fin de l&rsquo;\u00e9t\u00e9) le 9 mars, finalement la Troisi\u00e8me pour cl\u00f4turer la saison les <strong>31 mai, 2 et 3 juin 2023. <\/strong><a href=\"https:\/\/www.osm.ca\/fr\/concerts\/concert-de-cloture-rafael-payare-et-la-troisieme-de-mahler\/\" target=\"_blank\" rel=\"noopener\">D\u00c9TAILS ET BILLETS<\/a><\/p>\n<p>Le second programme de l&rsquo;automne s&rsquo;annonce fort int\u00e9ressant: <strong><em>Le songe d&rsquo;une nuit d&rsquo;\u00e9t\u00e9<\/em><\/strong>, de Mendelssohn, avec des com\u00e9diens qui diront des extraits de la pi\u00e8ce de Shakespeare, dans une adaptation sc\u00e9nique de Catherine Vidal, les <strong>21 et 22 septembre.<\/strong> <a href=\"https:\/\/www.osm.ca\/fr\/concerts\/le-songe-dune-nuit-dete-de-rafael-payare\/\" target=\"_blank\" rel=\"noopener\">D\u00c9TAILS ET BILLETS<\/a><\/p>\n<p>Par ailleurs, <strong>Rafael Payare<\/strong> dirigera aussi deux concerts aux programmes diff\u00e9rents avec le pianiste <strong>V\u00edkingur \u00d3lafsson<\/strong> dans le Concerto de Ravel et le Concerto no 24 de Mozart, compl\u00e9t\u00e9s par la Symphonie no 10 de Chostakovitch, les <strong>12 et 13 octobre<\/strong>. <a href=\"https:\/\/www.osm.ca\/fr\/concerts\/rafael-payare-dirige-chostakovitch-ravel-et-liszt\/\" target=\"_blank\" rel=\"noopener\">D\u00c9TAILS ET BILLETS<\/a><\/p>\n<p>Le chef sera aussi pr\u00e9sent pour un concert qui fera certainement salle comble avec la spectaculaire soprano et cheffe <strong>Barbara Hannigan<\/strong>, qui interpr\u00e9tera <em>Lonely Child<\/em>, de Claude Vivier, le tout dans le m\u00eame programme que la Symphonie fantastique de Berlioz. Une combinaison gagnante, il faut bien le dire! <strong>Les 7, 10 et 11 d\u00e9cembre.<\/strong> <a href=\"https:\/\/www.osm.ca\/fr\/concerts\/barbara-hannigan-et-la-symphonie-fantastique\/\" target=\"_blank\" rel=\"noopener\">D\u00c9TAILS ET BILLETS<\/a><\/p>\n<p>Les <strong>14 et 15 d\u00e9cembre<\/strong>, un concert de chants de No\u00ebl avec le Ch\u0153ur de l&rsquo;OSM et les Petits chanteurs du Mont-Royal saura certainement nous mettre dans l&rsquo;esprit des f\u00eates. <a href=\"https:\/\/www.osm.ca\/fr\/concerts\/chantons-noel-avec-rafael-payare\/\" target=\"_blank\" rel=\"noopener\">D\u00c9TAILS ET BILLETS<\/a><\/p>\n<p>Finalement, <strong>Payare<\/strong> dirigera \u00e9galement le concert <em>De l&rsquo;Andalousie aux plaines du Venezuela<\/em> o\u00f9 l&rsquo;on entendra <em>Don Quixote<\/em>, de Richard Strauss, <em>Melita<\/em>, une cr\u00e9ation d&rsquo;Ana Sokolovic, et <em>Cantata Criolla<\/em>, du compositeur v\u00e9n\u00e9zu\u00e9lien Antonio Est\u00e9vez. <strong>Les 26 et 27 avril. <\/strong><a href=\"https:\/\/www.osm.ca\/fr\/concerts\/rafael-payare-de-landalousie-aux-plaines-du-venezuela\/\" target=\"_blank\" rel=\"noopener\">D\u00c9TAILS ET BILLETS<\/a><\/p>\n<p>&nbsp;<\/p>\n<figure id=\"attachment_63309\" aria-describedby=\"caption-attachment-63309\" style=\"width: 1200px\" class=\"wp-caption aligncenter\"><img decoding=\"async\" loading=\"lazy\" class=\"wp-image-63309 size-full\" src=\"https:\/\/www.ludwig-van.com\/montreal\/wp-content\/uploads\/sites\/3\/2019\/11\/Kent-Nagano-OSM-Antoine-Saito-web.jpg\" alt=\"Kent Nagano, 27 novembre 2019. (Photo: Antoine Saito)\" width=\"1200\" height=\"800\" srcset=\"https:\/\/www.ludwig-van.com\/montreal\/wp-content\/uploads\/sites\/3\/2019\/11\/Kent-Nagano-OSM-Antoine-Saito-web.jpg 1200w, https:\/\/www.ludwig-van.com\/montreal\/wp-content\/uploads\/sites\/3\/2019\/11\/Kent-Nagano-OSM-Antoine-Saito-web-300x200.jpg 300w, https:\/\/www.ludwig-van.com\/montreal\/wp-content\/uploads\/sites\/3\/2019\/11\/Kent-Nagano-OSM-Antoine-Saito-web-768x512.jpg 768w, https:\/\/www.ludwig-van.com\/montreal\/wp-content\/uploads\/sites\/3\/2019\/11\/Kent-Nagano-OSM-Antoine-Saito-web-1024x683.jpg 1024w\" sizes=\"(max-width: 1200px) 100vw, 1200px\" \/><figcaption id=\"caption-attachment-63309\" class=\"wp-caption-text\">Kent Nagano, 27 novembre 2019. (Photo: Antoine Saito)<\/figcaption><\/figure>\n<h3>Kent Nagano et autres chefs invit\u00e9s<\/h3>\n<p><strong>Kent Nagano<\/strong> sera de retour pour diriger deux s\u00e9ries de concerts cette saison. On pourra retrouver le chef \u00e9m\u00e9rite de l&rsquo;OSM dans la Symphonie no 3 de Schubert et la Symphonie no 41 \u00ab\u00a0Jupiter\u00a0\u00bb de Mozart, avec la soprano<strong> Jane Archibald<\/strong> dans <em>Exsultate, Jubilate<\/em>, les <strong>22, 23 et 24 novembre. <\/strong><a href=\"https:\/\/www.osm.ca\/fr\/concerts\/le-retour-de-kent-nagano-avec-mozart-et-schubert\/\" target=\"_blank\" rel=\"noopener\">D\u00c9TAILS ET BILLETS<\/a><\/p>\n<p>En f\u00e9vrier 2023, il dirigera de nouveau l&rsquo;OSM dans la Symphonie no 7 de Sibelius, et le Concerto pour piano no 2 de Tcha\u00efkovski avec le pianiste <strong>Alexandre Kantorow<\/strong>, m\u00e9daill\u00e9 d&rsquo;or du Concours Tcha\u00efkovski en 2019. <strong>Les 22, 25 et 26 f\u00e9vrier 2023<\/strong>. <a href=\"https:\/\/www.osm.ca\/fr\/concerts\/nagano-et-kantorow-de-sibelius-a-tchaikovski\/\" target=\"_blank\" rel=\"noopener\">D\u00c9TAILS ET BILLETS<\/a><\/p>\n<p>Parmi les autres chefs invit\u00e9s de la saison, mentionnons <strong>Osmo V\u00e4nsk\u00e4<\/strong> dans la Symphonie no 5 de Beethoven et le Concerto pour piano no 4, du m\u00eame compositeur, interpr\u00e9t\u00e9 par la laur\u00e9ate du Concours musical international de Montr\u00e9al 2021, <strong>Su Yeon Kim<\/strong>, les <strong>28 et 29 septembre.<\/strong> <a href=\"https:\/\/www.osm.ca\/fr\/concerts\/osmo-vanska-et-la-symphonie-no-5-de-beethoven\/\" target=\"_blank\" rel=\"noopener\">D\u00c9TAILS ET BILLETS<\/a><\/p>\n<p><strong>Leonardo Garc\u00eda Alarc\u00f3n<\/strong> fera ses d\u00e9buts \u00e0 l&rsquo;OSM dans l&rsquo;Oratorio de No\u00ebl de Jean-S\u00e9bastien Bach, les <strong>21 et 22 d\u00e9cembre<\/strong>. <a href=\"https:\/\/www.osm.ca\/fr\/concerts\/loratorio-de-noel-de-j-s-bach-sous-la-direction-de-leonardo-garcia-alarcon\/\" target=\"_blank\" rel=\"noopener\">D\u00c9TAILS ET BILLETS<\/a><\/p>\n<p>Autre programme que l&rsquo;on a h\u00e2te d&rsquo;entendre: le charismatique chef <strong>J\u00e9r\u00e9mie Rhorer<\/strong> sera de retour pour diriger <em>Petrouchka<\/em>, de Stravinsky, le Concerto pour piano en fa majeur de Gershwin avec le virtuose <strong>Jean-Yves Thibaudet<\/strong>, la Suite no 2 <em>Daphnis et Chlo\u00e9<\/em> de Ravel, et une pi\u00e8ce d&rsquo;\u00c9ric Champagne, <em>Vers les astres.<\/em> <strong>Les 28 f\u00e9vrier et 1er mars.<\/strong> <a href=\"https:\/\/www.osm.ca\/fr\/concerts\/le-concerto-pour-piano-de-gershwin\/\" target=\"_blank\" rel=\"noopener\">D\u00c9TAILS ET BILLETS<\/a><\/p>\n<p>Mentionnons \u00e9galement <a href=\"https:\/\/www.osm.ca\/fr\/concerts\/bernard-labadie-et-la-creation-de-haydn\/\" target=\"_blank\" rel=\"noopener\">Bernard Labadie<\/a>, <a href=\"https:\/\/www.osm.ca\/fr\/concerts\/voyage-en-orient-de-scheherazade-a-simorgh\/\" target=\"_blank\" rel=\"noopener\">Tianyi Lu<\/a>, Dalia Stasevska, <a href=\"https:\/\/www.osm.ca\/fr\/concerts\/maxim-vengerov-interprete-chostakovitch\/\" target=\"_blank\" rel=\"noopener\">Laurence Equilbey<\/a>, <a href=\"https:\/\/www.osm.ca\/fr\/concerts\/sorcellerie-et-jedi-une-soiree-avec-john-williams\/\" target=\"_blank\" rel=\"noopener\">Ben Palmer<\/a>, <a href=\"https:\/\/www.osm.ca\/fr\/concerts\/charles-richard-hamelin-et-le-concerto-no-2-de-prokofiev\/\" target=\"_blank\" rel=\"noopener\">John Storg\u00e5rds<\/a>, Hannu Lintu, Nikolaj Szeps-Znaider comme chef et cheffes invit\u00e9(es).<\/p>\n<p>&nbsp;<\/p>\n<figure id=\"attachment_58864\" aria-describedby=\"caption-attachment-58864\" style=\"width: 1024px\" class=\"wp-caption aligncenter\"><img decoding=\"async\" loading=\"lazy\" class=\"wp-image-58864 size-full\" src=\"https:\/\/www.ludwig-van.com\/montreal\/wp-content\/uploads\/sites\/3\/2019\/01\/CMQ-Photos-1944x75-w4Trifonov.jpg\" alt=\"Daniil Trifonov\" width=\"1024\" height=\"395\" srcset=\"https:\/\/www.ludwig-van.com\/montreal\/wp-content\/uploads\/sites\/3\/2019\/01\/CMQ-Photos-1944x75-w4Trifonov.jpg 1024w, https:\/\/www.ludwig-van.com\/montreal\/wp-content\/uploads\/sites\/3\/2019\/01\/CMQ-Photos-1944x75-w4Trifonov-300x116.jpg 300w, https:\/\/www.ludwig-van.com\/montreal\/wp-content\/uploads\/sites\/3\/2019\/01\/CMQ-Photos-1944x75-w4Trifonov-768x296.jpg 768w\" sizes=\"(max-width: 1024px) 100vw, 1024px\" \/><figcaption id=\"caption-attachment-58864\" class=\"wp-caption-text\">Daniil Trifonov, pianiste. (Photo : courtoisie)<\/figcaption><\/figure>\n<h3>Les grands solistes<\/h3>\n<p>Parmi les autres solistes \u00e0 signaler et les \u0153uvres qu&rsquo;ils joueront, retenons :<\/p>\n<ul>\n<li><strong>Maxim Vengerov<\/strong>, Concerto pour violon no 1 de Chostakovitch, <a href=\"https:\/\/www.osm.ca\/fr\/concerts\/maxim-vengerov-interprete-chostakovitch\/\" target=\"_blank\" rel=\"noopener\">18 et 19 janvier 2023<\/a><\/li>\n<li><strong>Yefim Bronfman<\/strong>, Concerto pour piano no 2 de Bartok, <a href=\"https:\/\/www.osm.ca\/fr\/concerts\/la-cinquieme-symphonie-de-mahler\/\" target=\"_blank\" rel=\"noopener\">9 mars 2023<\/a><\/li>\n<li><strong>Sonia Yoncheva<\/strong>, soprano, <em>Quatre derniers lieder<\/em> de R. Strauss, <a href=\"https:\/\/www.osm.ca\/fr\/concerts\/rafael-payare-dirige-une-vie-de-heros\/\" target=\"_blank\" rel=\"noopener\">28 et 30 mars 2023<\/a><\/li>\n<li><strong>Bruce Liu<\/strong>, Concerto pour piano no 2 de Chopin, <a href=\"https:\/\/www.osm.ca\/fr\/concerts\/bruce-liu-interprete-le-second-concerto-de-chopin\/\" target=\"_blank\" rel=\"noopener\">19 et 20 avril 2023<\/a><\/li>\n<li><strong>Charles Richard-Hamelin<\/strong>, Concerto no 2 de Prokofiev, <a href=\"https:\/\/www.osm.ca\/fr\/concerts\/charles-richard-hamelin-et-le-concerto-no-2-de-prokofiev\/\" target=\"_blank\" rel=\"noopener\">10, 11 et 13 mai 2023<\/a><\/li>\n<li><strong>Daniil Trifonov<\/strong> &amp; <strong>Serge Babayan<\/strong>, Concerto pour deux pianos et percussions, <a href=\"https:\/\/www.osm.ca\/fr\/concerts\/le-concerto-pour-deux-pianos-et-percussions-de-bartok\/\" target=\"_blank\" rel=\"noopener\">23 et 24 mai 2023<\/a><\/li>\n<\/ul>\n<h3>S\u00e9ries th\u00e9matiques: concerts \u00e0 signaler<\/h3>\n<ul>\n<li>Pop: sans le cadre de son audacieuse s\u00e9rie pop, l&rsquo;OSM recevra cette ann\u00e9e, de nouveau, les <strong>Cowboys Fringants<\/strong> (<a href=\"https:\/\/www.osm.ca\/fr\/concerts\/les-cowboys-fringants-en-rappel\/\" target=\"_blank\" rel=\"noopener\">28 et 29 novembre<\/a>), <strong>Dominique Fils-Aim\u00e9<\/strong> avec <strong>Elisapie<\/strong>. <a href=\"https:\/\/www.osm.ca\/fr\/concerts\/dominique-fils-aime-trilogie-symphonique\/\" target=\"_blank\" rel=\"noopener\">Les 16 et 17 mai 2023.<\/a><\/li>\n<li>Orgue: trois concerts d&rsquo;orgue seront propos\u00e9e, dont le cin\u00e9-concert <em>Le m\u00e9cano de la g\u00e9n\u00e9rale<\/em>, film-culte du l\u00e9gendaire Buster Keaton, avec improvisation en direct de <strong>James Kennerley<\/strong>. <a href=\"https:\/\/www.osm.ca\/fr\/concerts\/cine-concert-le-mecano-de-la-generale\/\" target=\"_blank\" rel=\"noopener\">Le 23 mars 2023.<\/a><\/li>\n<li>Salle Bourgie: l&rsquo;OSM inaugurera la 8e et ultime saison de l&rsquo;int\u00e9grale des Cantates de Bach de la salle Bourgie, sous la direction de <strong>Rafael Payare<\/strong>, les 24 et 25 septembre 2022. <a href=\"https:\/\/www.osm.ca\/fr\/concerts\/rafael-payare-et-losm-integrale-des-cantates-de-j-s-bach\/\" target=\"_blank\" rel=\"noopener\">BILLETS<\/a><\/li>\n<\/ul>\n<h2><em>Inscrivez-vous \u00e0 notre infolettre! La musique classique et l&rsquo;op\u00e9ra en 5 minutes, chaque jour<\/em> \u00a0<span style=\"color: #ff0000;\"><a style=\"color: #ff0000;\" href=\"https:\/\/ludwig-van.us9.list-manage.com\/subscribe?u=4f785cb3f9058f2393ccad035&amp;id=b9b160c032\" target=\"_blank\" rel=\"noopener noreferrer\">ICI\u00a0<\/a><\/span><\/h2>\n","protected":false},"excerpt":{"rendered":"<p>L&rsquo;Orchestre symphonique de Montr\u00e9al d\u00e9voile aujourd&rsquo;hui la programmation de sa saison 2022-2023, la premi\u00e8re \u00e9labor\u00e9e sous la direction de Rafael Payare. Plus de 100 concerts seront pr\u00e9sent\u00e9s avec une cinquantaine de solistes et de chefs invit\u00e9s. Le concert inaugural aura lieu le 14 septembre, avec la Symphonie no 2 \u00ab\u00a0R\u00e9surrection\u00a0\u00bb de Gustav Mahler.<\/p>\n","protected":false},"author":51,"featured_media":71089,"comment_status":"open","ping_status":"open","sticky":false,"template":"","format":"standard","meta":{"om_disable_all_campaigns":false,"jetpack_post_was_ever_published":false},"categories":[42010,10956,10992],"tags":[42007,2542,41123],"yst_prominent_words":[10143,9906,13122,33388,26052,11092,10058,12692,11620,10056,12688,20367,11819,19794],"acf":[],"jetpack_featured_media_url":"https:\/\/www.ludwig-van.com\/montreal\/wp-content\/uploads\/sites\/3\/2022\/05\/Rafael-Payare-nouvelle-courtoisie.jpg","jetpack_sharing_enabled":true,"jetpack_shortlink":"https:\/\/wp.me\/p9bdYt-iur","amp_enabled":true,"_links":{"self":[{"href":"https:\/\/www.ludwig-van.com\/montreal\/wp-json\/wp\/v2\/posts\/71079"}],"collection":[{"href":"https:\/\/www.ludwig-van.com\/montreal\/wp-json\/wp\/v2\/posts"}],"about":[{"href":"https:\/\/www.ludwig-van.com\/montreal\/wp-json\/wp\/v2\/types\/post"}],"author":[{"embeddable":true,"href":"https:\/\/www.ludwig-van.com\/montreal\/wp-json\/wp\/v2\/users\/51"}],"replies":[{"embeddable":true,"href":"https:\/\/www.ludwig-van.com\/montreal\/wp-json\/wp\/v2\/comments?post=71079"}],"version-history":[{"count":18,"href":"https:\/\/www.ludwig-van.com\/montreal\/wp-json\/wp\/v2\/posts\/71079\/revisions"}],"predecessor-version":[{"id":71098,"href":"https:\/\/www.ludwig-van.com\/montreal\/wp-json\/wp\/v2\/posts\/71079\/revisions\/71098"}],"wp:featuredmedia":[{"embeddable":true,"href":"https:\/\/www.ludwig-van.com\/montreal\/wp-json\/wp\/v2\/media\/71089"}],"wp:attachment":[{"href":"https:\/\/www.ludwig-van.com\/montreal\/wp-json\/wp\/v2\/media?parent=71079"}],"wp:term":[{"taxonomy":"category","embeddable":true,"href":"https:\/\/www.ludwig-van.com\/montreal\/wp-json\/wp\/v2\/categories?post=71079"},{"taxonomy":"post_tag","embeddable":true,"href":"https:\/\/www.ludwig-van.com\/montreal\/wp-json\/wp\/v2\/tags?post=71079"},{"taxonomy":"yst_prominent_words","embeddable":true,"href":"https:\/\/www.ludwig-van.com\/montreal\/wp-json\/wp\/v2\/yst_prominent_words?post=71079"}],"curies":[{"name":"wp","href":"https:\/\/api.w.org\/{rel}","templated":true}]}}