{"id":71016,"date":"2022-05-23T10:30:07","date_gmt":"2022-05-23T14:30:07","guid":{"rendered":"https:\/\/www.ludwig-van.com\/montreal\/?p=71016"},"modified":"2022-05-24T08:31:32","modified_gmt":"2022-05-24T12:31:32","slug":"choix-de-la-redaction-musique-classique-les-concerts-a-decouvrir-cette-semaine-23-au-29-mai","status":"publish","type":"post","link":"https:\/\/www.ludwig-van.com\/montreal\/2022\/05\/23\/choix-de-la-redaction-musique-classique-les-concerts-a-decouvrir-cette-semaine-23-au-29-mai\/","title":{"rendered":"CHOIX DE LA R\u00c9DACTION\u00a0| Musique classique: les concerts \u00e0 d\u00e9couvrir cette semaine &#8211; 23 au 29 mai"},"content":{"rendered":"<h3><span style=\"color: #808080;\">Musique classique \u00e0 Montr\u00e9al et les environs, du 23 au 29 mai 2022<\/span><\/h3>\n<p style=\"text-align: center;\"><img decoding=\"async\" loading=\"lazy\" class=\"alignnone size-full wp-image-71034\" src=\"https:\/\/www.ludwig-van.com\/montreal\/wp-content\/uploads\/sites\/3\/2022\/05\/Choix-23-mai.jpg\" alt=\"\" width=\"1200\" height=\"628\" \/><\/p>\n<h3><span style=\"color: #808080;\">L&rsquo;\u00e9cole ach\u00e8ve, nous ne portons plus de masques, et il reste encore de fabuleux concerts avant les vacances. Le Festival Jeux de chaises bat son plein \u00e0 l&rsquo;\u00c9cole de musique Schulich, et le Festival Classica, qui commence ce vendredi, annonce le d\u00e9but d&rsquo;un \u00e9t\u00e9 riche en d\u00e9couvertes musicales. Aper\u00e7u de la semaine en musique classique avec nos <strong>Choix de la r\u00e9daction, du 23 au 29 mai 2022.<\/strong> Bon concert!<\/span><\/h3>\n<p>&nbsp;<\/p>\n<figure id=\"attachment_71020\" aria-describedby=\"caption-attachment-71020\" style=\"width: 1789px\" class=\"wp-caption alignnone\"><img decoding=\"async\" loading=\"lazy\" class=\"size-full wp-image-71020\" src=\"https:\/\/www.ludwig-van.com\/montreal\/wp-content\/uploads\/sites\/3\/2022\/05\/agora.jpg\" alt=\"L'Orchestre de l'Agora. (Photo: courtoisie)\" width=\"1789\" height=\"747\" \/><figcaption id=\"caption-attachment-71020\" class=\"wp-caption-text\">L&rsquo;Orchestre de l&rsquo;Agora. (Photo: courtoisie)<\/figcaption><\/figure>\n<h3>D\u00e9but du Festival Classica 2022<\/h3>\n<p>Le <strong>Festival Classica<\/strong>, plac\u00e9 cette ann\u00e9e sous le th\u00e8me \u00ab\u00a0<em><strong>De Monteverdi \u00e0 Morricone<\/strong><\/em>\u00ab\u00a0, commence ce vendredi,<strong> 27 mai,<\/strong> et se d\u00e9roulera jusqu&rsquo;au 19 juin avec une belle programmation de 22 concerts. Pour ce premier week-end, quatre concerts sont \u00e0 l&rsquo;affiche:<\/p>\n<ul>\n<li><strong>La Messa di Gloria.<\/strong> L&rsquo;<strong>Orchestre de l\u2019Agora<\/strong> propose une soir\u00e9e somptueuse au c\u0153ur de la lumineuse musique de Mozart et de Puccini! Le concert aura lieu \u00e0 l&rsquo;\u00c9glise Ste-Anne de Varennes avec 32 musiciens de l&rsquo;Orchestre, les solistes invit\u00e9s <strong>Antoine B\u00e9langer<\/strong> (t\u00e9nor), <strong>Antonio Figueroa<\/strong> (t\u00e9nor) et <strong>Hugo Laporte<\/strong> (baryton) ainsi que l\u2019<strong>Ensemble vocal Arts-Qu\u00e9bec<\/strong>, le tout sous la direction du chef <strong>Nicolas Ellis. Le 27 mai, 19h30, \u00c9glise Ste-Anne de Varennes.\u00a0<\/strong><a href=\"https:\/\/festivalclassica.tuxedobillet.com\/main\/messa-di-gloria-de-puccini\/20220527193000\" target=\"_blank\" rel=\"noopener\">D\u00c9TAILS ET BILLETS<\/a><\/li>\n<li><strong>Les larmes de Marie.<\/strong> Les lamentations de Marie devant la d\u00e9pouille du Christ, superbement mises en musique par deux des grands ma\u00eetres de la musique baroque italienne, Antonio Vivaldi et Giovanni Battista Pergolesi, sont pr\u00e9sent\u00e9es par deux grandes voix qu\u00e9b\u00e9coises, <strong>Magali Simard-Gald\u00e8s<\/strong> et <strong>Florence Bourget<\/strong>, soutenues par <strong>Arion Orchestre Baroque<\/strong> et son directeur artistique, <strong>Mathieu Lussier.<\/strong> <strong>Le 28 mai, 19h30, Paroisse catholique de Saint-Lambert.<\/strong> <a href=\"https:\/\/festivalclassica.tuxedobillet.com\/main\/les-larmes-de-marie\/20220528193000\" target=\"_blank\" rel=\"noopener\">D\u00c9TAILS ET BILLETS<\/a><\/li>\n<li><strong>Mozart rencontre Galuppi. Avec Edna Stern, pianiste.<\/strong> C\u00e9l\u00e8bre compositeur v\u00e9nitien, Baldassare Galuppi \u00e9tait consid\u00e9r\u00e9 comme le compositeur d\u2019op\u00e9ra le plus populaire de son temps. Entre 1769 et 1773, Mozart effectua trois voyages en Italie. Le programme de ce concert imagine une rencontre entre le vieux Galuppi et le jeune Mozart. <strong>Le 29 mai, 14 h<\/strong>, Paroisse catholique de Saint-Lambert. <a href=\"https:\/\/festivalclassica.tuxedobillet.com\/main\/mozart-rencontre-galuppi-edna-stern\/20220529140000\" target=\"_blank\" rel=\"noopener\">D\u00c9TAILS ET BILLETS<\/a><\/li>\n<li><strong>Concertos Les quatre nations, avec l&rsquo;Ensemble Caprice.<\/strong> Apr\u00e8s nombre de concertos pour le violon, Vivaldi composa un tr\u00e8s grand nombre de concertos pour fl\u00fbte \u00e0 bec! Contrairement aux c\u00e9l\u00e8bres Quattro Stagioni pour violon, un cycle de concertos pour fl\u00fbte \u00e0 bec a malheureusement \u00e9t\u00e9 perdu. Ce programme propose la premi\u00e8re mondiale de ce cycle reconstruit par <strong>Matthias Maute.<\/strong> Suivons le voyage musical de Vivaldi \u00e0 travers l\u2019Europe (Angleterre, Espagne et France) jusqu\u2019en Asie (Inde)! Avec l\u2019<strong>Ensemble Caprice<\/strong> et les solistes <strong>Matthias Maute<\/strong> (fl\u00fbte \u00e0 bec) et <strong>Sophie Larivi\u00e8re<\/strong> (fl\u00fbte \u00e0 bec et fl\u00fbte traversi\u00e8re). <strong>Le 29 mai, 19h30, \u00c9glise Saint-Beno\u00eet, Mirabel.<\/strong> <a href=\"https:\/\/festivalclassica.tuxedobillet.com\/main\/concertos-les-quatre-nations\/20220529193000\" target=\"_blank\" rel=\"noopener\">D\u00c9TAILS ET BILLETS<\/a><\/li>\n<\/ul>\n<p>&nbsp;<\/p>\n<figure id=\"attachment_71022\" aria-describedby=\"caption-attachment-71022\" style=\"width: 834px\" class=\"wp-caption alignnone\"><img decoding=\"async\" loading=\"lazy\" class=\"size-full wp-image-71022\" src=\"https:\/\/www.ludwig-van.com\/montreal\/wp-content\/uploads\/sites\/3\/2022\/05\/transfiguration.jpg\" alt=\"St\u00e9phane T\u00e9treault, Val\u00e9rie Milot. (Photo: courtoisie)\" width=\"834\" height=\"667\" \/><figcaption id=\"caption-attachment-71022\" class=\"wp-caption-text\">St\u00e9phane T\u00e9treault, Val\u00e9rie Milot. (Photo: courtoisie)<\/figcaption><\/figure>\n<h3>Transfiguration: Val\u00e9rie Milot et St\u00e9phane T\u00e9treault<\/h3>\n<p>Ces deux amis de longue date nous offrent cette semaine la premi\u00e8re mondiale de Transfiguration, un concert-exp\u00e9rience o\u00f9 la musique inspire des projections num\u00e9riques. Val\u00e9rie Milot (harpe) et <strong>St\u00e9phane T\u00e9trault<\/strong> (violoncelle) nous pr\u00e9sentent des \u0153uvres nouvelles compos\u00e9es pour l&rsquo;occasion par Caroline Lizotte, Fran\u00e7ois Valli\u00e8res, Kelly-Marie Murphy, Alexandre Grogg et Marjan Mozetich. Avec l&rsquo;apport de Bernard Riche \u00e0 la batterie. Ce sera aussi le d\u00e9but d&rsquo;une tourn\u00e9e \u00e0 travers le Qu\u00e9bec. <strong>Les 25 et 26 mai, 21 h, salle Bourgie.<\/strong> <a href=\"https:\/\/www.mbam.qc.ca\/fr\/activites\/transfiguration-milottetreault---2-dates-1\/\" target=\"_blank\" rel=\"noopener\">D\u00c9TAILS ET BILLETS<\/a><\/p>\n<p>&nbsp;<\/p>\n<figure id=\"attachment_71024\" aria-describedby=\"caption-attachment-71024\" style=\"width: 1064px\" class=\"wp-caption alignnone\"><img decoding=\"async\" loading=\"lazy\" class=\"size-full wp-image-71024\" src=\"https:\/\/www.ludwig-van.com\/montreal\/wp-content\/uploads\/sites\/3\/2022\/05\/StephaneLemelin1064x728.png\" alt=\"St\u00e9phane Lemelin (Photo: courtoisie de l'\u00c9cole de musique Schulich)\" width=\"1064\" height=\"728\" \/><figcaption id=\"caption-attachment-71024\" class=\"wp-caption-text\">St\u00e9phane Lemelin (Photo: courtoisie de l&rsquo;\u00c9cole de musique Schulich)<\/figcaption><\/figure>\n<h3>Musique de chambre: Jeux de chaises<\/h3>\n<p>Du <strong>20 au 28 mai 2022<\/strong>, la musique de chambre prend d\u2019assaut <strong>l\u2019\u00c9cole de musique Schulich<\/strong>\u00a0dans le cadre du\u00a0<a href=\"https:\/\/www.mcgill.ca\/music\/fr\/channels\/event\/festival-de-musique-de-chambre-jeux-de-chaises-20-mai-au-28-mai-2022\">Festival de musique de chambre Jeux de chaises<\/a>, un \u00e9v\u00e9nement d\u2019envergure tenu tous les deux ans \u00e0 l\u2019\u00c9cole. Pour cette quatri\u00e8me \u00e9dition, Schulich ouvrira ses portes \u00e0 neuf ensembles de musique de chambre compos\u00e9s de professeur\u00b7e\u00b7s et d\u2019\u00e9tudiant\u00b7e\u00b7s de neuf \u00e9coles de musique de partout dans le monde, en plus d\u2019invit\u00e9s sp\u00e9ciaux tels le clarinettiste James Campbell et l\u2019altiste Neal Gripp. Tous les concerts et cours de ma\u00eetre sont\u00a0gratuits, avec\u00a0<a href=\"https:\/\/mcgillmusic.tuxedobillet.com\/\">r\u00e9servation \u00e0 l\u2019avance disponible\u00a0<\/a>pour certains \u00e9v\u00e9nements.<\/p>\n<p><a href=\"https:\/\/www.mcgill.ca\/music\/fr\/channels\/event\/festival-de-musique-de-chambre-jeux-de-chaises-20-mai-au-28-mai-2022\" target=\"_blank\" rel=\"noopener\">VOIR TOUTE LA PROGRAMMATION DU FESTIVAL<\/a><\/p>\n<figure id=\"attachment_71027\" aria-describedby=\"caption-attachment-71027\" style=\"width: 1333px\" class=\"wp-caption alignnone\"><img decoding=\"async\" loading=\"lazy\" class=\"size-full wp-image-71027\" src=\"https:\/\/www.ludwig-van.com\/montreal\/wp-content\/uploads\/sites\/3\/2022\/05\/OSM.jpg\" alt=\"Juraj Val\u010duha, Liza Ferschtman. (Photos: courtoisie de l'OSM)\" width=\"1333\" height=\"607\" \/><figcaption id=\"caption-attachment-71027\" class=\"wp-caption-text\">Juraj Val\u010duha, Liza Ferschtman. (Photos: courtoisie de l&rsquo;OSM)<\/figcaption><\/figure>\n<h3>Brahms et Nielsen \u00e0 l&rsquo;OSM<\/h3>\n<p>Le chef slovaque <strong>Juraj Val\u010duha<\/strong> dirige la Symphonie no 4 de Carl Nielsen, <em>Les Oc\u00e9anides<\/em>, de Sibelius, ainsi que le Concerto pour violon et violoncelle en la mineur, de Brahms. Solistes invit\u00e9s: <strong>Liza Ferschtman<\/strong> (violon) et <strong>Ivan Karizna<\/strong> (violoncelle). <strong>Les 25 et 26 mai, 19h30, Maison symphonique.<\/strong> <a href=\"https:\/\/www.osm.ca\/fr\/concerts\/brahms-et-nielsen-vigueur-virtuosite-vitalite\/\" target=\"_blank\" rel=\"noopener\">D\u00c9TAILS ET BILLETS<\/a><\/p>\n<h3>Musiciens de l&rsquo;OSM \u00e0 Bourgie: romantisme anglais<\/h3>\n<p>Des musiciens de l&rsquo;OSM se r\u00e9unissent \u00e9galement en formation de chambre, cette semaine, pour interpr\u00e9ter le Quatuor \u00e0 cordes en mi mineur, d&rsquo;Elgar, ainsi que le Quintette avec clarinette et cordes de Samuel Coleridge-Taylor. <strong>Le 27 mai, 19h30.<\/strong> <a href=\"https:\/\/www.mbam.qc.ca\/fr\/activites\/musiciens-de-losm-3-romantisme-anglais\/\" target=\"_blank\" rel=\"noopener\">D\u00c9TAILS ET BILLETS<\/a><\/p>\n<p>&nbsp;<\/p>\n<figure id=\"attachment_66705\" aria-describedby=\"caption-attachment-66705\" style=\"width: 640px\" class=\"wp-caption aligncenter\"><img decoding=\"async\" loading=\"lazy\" class=\"size-full wp-image-66705\" src=\"https:\/\/www.ludwig-van.com\/montreal\/wp-content\/uploads\/sites\/3\/2021\/05\/J-F-Rivest.jpg\" alt=\"Jean-Fran\u00e7ois Rivest, chef d'orchestre. (Photo: courtoisie)\" width=\"640\" height=\"426\" \/><figcaption id=\"caption-attachment-66705\" class=\"wp-caption-text\">Jean-Fran\u00e7ois Rivest, chef d&rsquo;orchestre. (Photo: courtoisie)<\/figcaption><\/figure>\n<h3>I Musici et Les Violons du Roy r\u00e9unis<\/h3>\n<p>Deux de nos meilleurs ensembles se retrouvent pour interpr\u00e9ter <em>La Nuit transfigur\u00e9e<\/em>, de Schoenberg (dont le po\u00e8me l&rsquo;ayant inspir\u00e9 sera lu par la com\u00e9dienne <strong>Catherine S\u00e9nard<\/strong>) et des Concerti grossi de Corelli, ainsi que <em>O\u00f9 la nuit<\/em>, une cr\u00e9ation de la compositrice <strong>Stacey Brown<\/strong>, sous la direction de <strong>Jean-Fran\u00e7ois Rivest<\/strong>. <strong>\u00c0 Montr\u00e9al, salle Pierre-Mercure, le 26 mai, 19h30, \u00e0 Qu\u00e9bec, au Diamant, le 28 mai, 19h30.<\/strong> <a href=\"https:\/\/imusici.com\/i-musici-et-les-violons-du-roy\/\" target=\"_blank\" rel=\"noopener\">D\u00c9TAILS ET BILLETS<\/a><\/p>\n<p>&nbsp;<\/p>\n<figure id=\"attachment_71031\" aria-describedby=\"caption-attachment-71031\" style=\"width: 1200px\" class=\"wp-caption alignnone\"><img decoding=\"async\" loading=\"lazy\" class=\"size-full wp-image-71031\" src=\"https:\/\/www.ludwig-van.com\/montreal\/wp-content\/uploads\/sites\/3\/2022\/05\/Jacques-Lacombe-Credit-Bettina-Stoess-1200.jpg\" alt=\"Jacques Lacombe, chef d'orchestre. (Photo: Bettina Stoess)\" width=\"1200\" height=\"800\" \/><figcaption id=\"caption-attachment-71031\" class=\"wp-caption-text\">Jacques Lacombe, chef d&rsquo;orchestre. (Photo: Bettina Stoess)<\/figcaption><\/figure>\n<h3>Eroica: \u00e0 nos h\u00e9ros de la sant\u00e9<\/h3>\n<p><strong>L&rsquo;Orchestre classique de Montr\u00e9al<\/strong> pr\u00e9sente le grand concert <strong>Eroica: \u00e0 nos h\u00e9ros de la sant\u00e9<\/strong>, d\u00e9di\u00e9 aux travailleurs et travailleurs de la sant\u00e9. Pour l&rsquo;occasion, 200 d&rsquo;entre eux sont invit\u00e9s gratuitement au concert. Au programme: la Fantaisie pour piano, solistes, ch\u0153ur et orchestre en do mineur et la Symphonie no 3 de Beethoven. Avec <strong>Jean-Philippe Sylvestre<\/strong> (piano), <strong>Jacqueline Woodley<\/strong> (soprano), <strong>Suzanne Taffot<\/strong> (soprano), <strong>Rose Naggar-Tremblay<\/strong> (contralto) et plusieurs autres artistes invit\u00e9s, sous la direction de Jacques Lacombe. <strong>Le 27 mai, 20 h, Maison symphonique<\/strong>. <a href=\"https:\/\/orchestre.ca\/eroica-a-nos-heros-de-la-sante\/\" target=\"_blank\" rel=\"noopener\">D\u00c9TAILS ET BILLETS<\/a><\/p>\n<h3><\/h3>\n<figure id=\"attachment_68422\" aria-describedby=\"caption-attachment-68422\" style=\"width: 638px\" class=\"wp-caption aligncenter\"><img decoding=\"async\" loading=\"lazy\" class=\"size-full wp-image-68422\" src=\"https:\/\/www.ludwig-van.com\/montreal\/wp-content\/uploads\/sites\/3\/2021\/10\/Francis-choiniere.jpg\" alt=\"Francis Choini\u00e8re, chef de l'OPCM. (Photo: page Facebook de l'artiste)\" width=\"638\" height=\"960\" \/><figcaption id=\"caption-attachment-68422\" class=\"wp-caption-text\">Francis Choini\u00e8re, chef de l&rsquo;OPCM. (Photo: page Facebook de l&rsquo;artiste)<\/figcaption><\/figure>\n<h3>Carmina Burana \u00e0 la Maison symphonique<\/h3>\n<p><strong>L&rsquo;Orchestre Philharmonique et Ch\u0153ur des M\u00e9lomanes<\/strong> (OPCM), sous la direction de <strong>Francis Choini\u00e8re<\/strong>, promet une soir\u00e9e d\u2019\u00e9nergie, de rythme et de passion avec le majestueux <em>Oiseau de feu<\/em>\u00a0de Stravinsky. En seconde partie sera pr\u00e9sent\u00e9\u00a0l&rsquo;incontournable\u00a0<em>Carmina Burana<\/em> de Carl Orff qui rassemble 150 choristes et musiciens sur sc\u00e8ne incluant entre autres la soprano <strong>Aline Kutan,<\/strong> le t\u00e9nor<strong> John Mac Master<\/strong> et le baryton <strong>Peter Barrett.<\/strong> <strong>Le 28 mai, 19h30, Maison symphonique.<\/strong> <a href=\"https:\/\/placedesarts.com\/fr\/evenement\/carmina-burana-0\" target=\"_blank\" rel=\"noopener\">D\u00c9TAILS ET BILLETS<\/a><\/p>\n<h2><em>Inscrivez-vous \u00e0 notre infolettre! La musique classique et l&rsquo;op\u00e9ra en 5 minutes, chaque jour<\/em> \u00a0<span style=\"color: #ff0000;\"><a style=\"color: #ff0000;\" href=\"https:\/\/ludwig-van.us9.list-manage.com\/subscribe?u=4f785cb3f9058f2393ccad035&amp;id=b9b160c032\" target=\"_blank\" rel=\"noopener noreferrer\">ICI\u00a0<\/a><\/span><\/h2>\n","protected":false},"excerpt":{"rendered":"<p>L&rsquo;\u00e9cole ach\u00e8ve, nous ne portons plus de masques, et il reste encore de fabuleux concerts avant les vacances. Le Festival Jeux de chaises bat son plein \u00e0 l&rsquo;\u00c9cole de musique Schulich, et le Festival Classica, qui commence ce vendredi, annonce le d\u00e9but d&rsquo;un \u00e9t\u00e9 riche en d\u00e9couvertes musicales. Aper\u00e7u de la semaine en musique classique avec nos Choix de la r\u00e9daction, du 23 au 29 mai 2022. Bon concert!<\/p>\n","protected":false},"author":51,"featured_media":71034,"comment_status":"open","ping_status":"open","sticky":false,"template":"","format":"standard","meta":{"om_disable_all_campaigns":false,"jetpack_post_was_ever_published":false},"categories":[42010,10956,10994],"tags":[42007,42001,19920,1593,27105,38749,11137,3503],"yst_prominent_words":[38029,17202,26052,10366,17012,10386,10376,12698,38028,31120],"acf":[],"jetpack_featured_media_url":"https:\/\/www.ludwig-van.com\/montreal\/wp-content\/uploads\/sites\/3\/2022\/05\/Choix-23-mai.jpg","jetpack_sharing_enabled":true,"jetpack_shortlink":"https:\/\/wp.me\/p9bdYt-itq","amp_enabled":true,"_links":{"self":[{"href":"https:\/\/www.ludwig-van.com\/montreal\/wp-json\/wp\/v2\/posts\/71016"}],"collection":[{"href":"https:\/\/www.ludwig-van.com\/montreal\/wp-json\/wp\/v2\/posts"}],"about":[{"href":"https:\/\/www.ludwig-van.com\/montreal\/wp-json\/wp\/v2\/types\/post"}],"author":[{"embeddable":true,"href":"https:\/\/www.ludwig-van.com\/montreal\/wp-json\/wp\/v2\/users\/51"}],"replies":[{"embeddable":true,"href":"https:\/\/www.ludwig-van.com\/montreal\/wp-json\/wp\/v2\/comments?post=71016"}],"version-history":[{"count":14,"href":"https:\/\/www.ludwig-van.com\/montreal\/wp-json\/wp\/v2\/posts\/71016\/revisions"}],"predecessor-version":[{"id":71038,"href":"https:\/\/www.ludwig-van.com\/montreal\/wp-json\/wp\/v2\/posts\/71016\/revisions\/71038"}],"wp:featuredmedia":[{"embeddable":true,"href":"https:\/\/www.ludwig-van.com\/montreal\/wp-json\/wp\/v2\/media\/71034"}],"wp:attachment":[{"href":"https:\/\/www.ludwig-van.com\/montreal\/wp-json\/wp\/v2\/media?parent=71016"}],"wp:term":[{"taxonomy":"category","embeddable":true,"href":"https:\/\/www.ludwig-van.com\/montreal\/wp-json\/wp\/v2\/categories?post=71016"},{"taxonomy":"post_tag","embeddable":true,"href":"https:\/\/www.ludwig-van.com\/montreal\/wp-json\/wp\/v2\/tags?post=71016"},{"taxonomy":"yst_prominent_words","embeddable":true,"href":"https:\/\/www.ludwig-van.com\/montreal\/wp-json\/wp\/v2\/yst_prominent_words?post=71016"}],"curies":[{"name":"wp","href":"https:\/\/api.w.org\/{rel}","templated":true}]}}