{"id":70992,"date":"2022-05-18T09:22:05","date_gmt":"2022-05-18T13:22:05","guid":{"rendered":"https:\/\/www.ludwig-van.com\/montreal\/?p=70992"},"modified":"2022-05-18T09:22:05","modified_gmt":"2022-05-18T13:22:05","slug":"actualites-cinq-nouvelles-en-musique-classique-que-vous-devriez-connaitre-2","status":"publish","type":"post","link":"https:\/\/www.ludwig-van.com\/montreal\/2022\/05\/18\/actualites-cinq-nouvelles-en-musique-classique-que-vous-devriez-connaitre-2\/","title":{"rendered":"ACTUALIT\u00c9S | Cinq nouvelles en musique classique que vous devriez conna\u00eetre"},"content":{"rendered":"<p style=\"text-align: center;\"><img decoding=\"async\" loading=\"lazy\" class=\"alignnone size-full wp-image-70999\" src=\"https:\/\/www.ludwig-van.com\/montreal\/wp-content\/uploads\/sites\/3\/2022\/05\/Actualites-18-mai.jpg\" alt=\"\" width=\"1200\" height=\"628\" \/><\/p>\n<p><strong>La musique classique est toujours un feu roulant de nouvelles. Pour ne rien manquer, abonnez-vous \u00e0 notre infolettre quotidienne, hebdomadaire ou mensuelle<\/strong> <a href=\"https:\/\/ludwig-van.us9.list-manage.com\/subscribe?u=4f785cb3f9058f2393ccad035&amp;id=b9b160c032\" target=\"_blank\" rel=\"noopener\">en cliquant ici.<\/a> <strong>Voici cinq nouvelles que vous devriez conna\u00eetre cette semaine.\u00a0<\/strong><\/p>\n<p>&nbsp;<\/p>\n<figure id=\"attachment_65802\" aria-describedby=\"caption-attachment-65802\" style=\"width: 823px\" class=\"wp-caption aligncenter\"><img decoding=\"async\" loading=\"lazy\" class=\"wp-image-65802 size-full\" src=\"https:\/\/www.ludwig-van.com\/montreal\/wp-content\/uploads\/sites\/3\/2021\/02\/Wan-Richard-Hamelin.jpg\" alt=\"\" width=\"823\" height=\"763\" srcset=\"https:\/\/www.ludwig-van.com\/montreal\/wp-content\/uploads\/sites\/3\/2021\/02\/Wan-Richard-Hamelin.jpg 823w, https:\/\/www.ludwig-van.com\/montreal\/wp-content\/uploads\/sites\/3\/2021\/02\/Wan-Richard-Hamelin-300x278.jpg 300w, https:\/\/www.ludwig-van.com\/montreal\/wp-content\/uploads\/sites\/3\/2021\/02\/Wan-Richard-Hamelin-768x712.jpg 768w\" sizes=\"(max-width: 823px) 100vw, 823px\" \/><figcaption id=\"caption-attachment-65802\" class=\"wp-caption-text\">Charles Richard-Hamelin, pianiste, et Andrew Wan, violoniste. (Photo: courtoisie)<\/figcaption><\/figure>\n<h3>Les prix Junos en musique classique cette ann\u00e9e:<\/h3>\n<ul>\n<li>Andrew Wan et Charles Richard-Hamelin (album classique, petits ensembles)<\/li>\n<li>L&rsquo;Harmonie des saisons (album classique, grands ensembles)<\/li>\n<li>Keiko Devaux, composition de l&rsquo;ann\u00e9e<\/li>\n<\/ul>\n<p>Toutes nos f\u00e9licitations aux gagnants!<\/p>\n<p>&nbsp;<\/p>\n<p style=\"text-align: center;\"><img decoding=\"async\" loading=\"lazy\" class=\"alignnone size-full wp-image-69849\" src=\"https:\/\/www.ludwig-van.com\/montreal\/wp-content\/uploads\/sites\/3\/2017\/09\/CMIM_concurrentsVoix2022.jpg\" alt=\"\" width=\"1200\" height=\"356\" \/><\/p>\n<h3>Des nouvelles du CMIM<\/h3>\n<p>Le <strong>Concours musical international de Montr\u00e9al, Voix 2022<\/strong>, se d\u00e9roulera cette ann\u00e9e du 31 mai au 9 juin. L&rsquo;ordre de passage des concurrents a \u00e9t\u00e9 d\u00e9voil\u00e9 r\u00e9cemment, ainsi que le programme de chacun. On peut en savoir plus <a href=\"https:\/\/www.concoursmontreal.ca\/fr\/voix-2022\/horaire\/?ct=t(EMAIL_CAMPAIGN_04_2020_NEWSLETTER_COPY_01)&amp;mc_cid=031978e177&amp;mc_eid=d30ef84895\" target=\"_blank\" rel=\"noopener\">sur le site du CMIM.<\/a> Rappelons que les \u00e9preuves se d\u00e9rouleront \u00e0 la salle Bourgie et \u00e0 la Maison symphonique. <a href=\"https:\/\/www.concoursmontreal.ca\/fr\/voix-2022\/billets\/\" target=\"_blank\" rel=\"noopener\">D\u00c9TAILS ET BILLETS<\/a><\/p>\n<p>&nbsp;<\/p>\n<figure id=\"attachment_70997\" aria-describedby=\"caption-attachment-70997\" style=\"width: 941px\" class=\"wp-caption alignnone\"><img decoding=\"async\" loading=\"lazy\" class=\"wp-image-70997 size-full\" src=\"https:\/\/www.ludwig-van.com\/montreal\/wp-content\/uploads\/sites\/3\/2022\/05\/Isabelle-Demers-cr-Abi-Poe.jpg\" alt=\"\" width=\"941\" height=\"1280\" \/><figcaption id=\"caption-attachment-70997\" class=\"wp-caption-text\">Isabelle Demers, organiste. (Photo: Abi Poe)<\/figcaption><\/figure>\n<h3>Un orgue Casavant restaur\u00e9<\/h3>\n<p>La paroisse Ascension of Our Lord vient d&rsquo;annoncer que l\u2019organiste qu\u00e9b\u00e9coise Isabelle Demers, anciennement titulaire de la chaire d&rsquo;orgue Joyce Bowden \u00e0 l&rsquo;Universit\u00e9 Baylor et r\u00e9cemment nomm\u00e9e professeure agr\u00e9g\u00e9e d&rsquo;orgue \u00e0 l&rsquo;\u00c9cole de musique Schulich de l&rsquo;Universit\u00e9 McGill, donnera le concert inaugural de l&rsquo;instrument nouvellement restaur\u00e9 le dimanche 29 mai prochain, \u00e0 15 h, \u00e0 l\u2019\u00e9glise Ascension of Our Lord, \u00e0 Westmount. Gr\u00e2ce au soutien de ses paroissiens et \u00e0 une importante<br \/>\nsubvention de 176 000 $ re\u00e7ue du Conseil du Patrimoine Religieux du Qu\u00e9bec (CPRQ) en juin 2021, la paroisse de l&rsquo;Ascension of Our Lord a compl\u00e9t\u00e9 les cinq phases de la restauration de son orgue Casavant OPUS 1344. La restauration consistait en le remplacement du Souffleur et des Soufflets, de la Console, la restauration et la r\u00e9paration du R\u00e9cit, du Positif et du Solo et enfin du Grande Orgue et de la P\u00e9dale. En outre, un Contre-Trombone 32&prime; a \u00e9t\u00e9 ajout\u00e9 \u00e0 l&rsquo;instrument. Consid\u00e9r\u00e9 par le comit\u00e9 des orgues du CPRQ comme \u00ab\u00a0de valeur patrimoniale\u00a0\u00bb, le concert inaugural de cet orgue a \u00e9t\u00e9 pr\u00e9sent\u00e9 le 13 janvier 1930 par Lynwood Farnham, n\u00e9 au Qu\u00e9bec.<\/p>\n<p>&nbsp;<\/p>\n<figure id=\"attachment_47161\" aria-describedby=\"caption-attachment-47161\" style=\"width: 1024px\" class=\"wp-caption aligncenter\"><img decoding=\"async\" loading=\"lazy\" class=\"wp-image-47161 size-full\" src=\"https:\/\/www.ludwig-van.com\/montreal\/wp-content\/uploads\/sites\/3\/2017\/09\/ChapelleHistoriqueduBP.jpg\" alt=\"La Chapelle historique du Bon-Pasteur, salle incontournable pour la musique de chambre \u00e0 Montr\u00e9al. (Photo: courtoisie de la Chapelle)\" width=\"1024\" height=\"768\" srcset=\"https:\/\/www.ludwig-van.com\/montreal\/wp-content\/uploads\/sites\/3\/2017\/09\/ChapelleHistoriqueduBP.jpg 1024w, https:\/\/www.ludwig-van.com\/montreal\/wp-content\/uploads\/sites\/3\/2017\/09\/ChapelleHistoriqueduBP-300x225.jpg 300w, https:\/\/www.ludwig-van.com\/montreal\/wp-content\/uploads\/sites\/3\/2017\/09\/ChapelleHistoriqueduBP-768x576.jpg 768w\" sizes=\"(max-width: 1024px) 100vw, 1024px\" \/><figcaption id=\"caption-attachment-47161\" class=\"wp-caption-text\">La Chapelle historique du Bon-Pasteur, salle incontournable pour la musique de chambre \u00e0 Montr\u00e9al. (Photo: courtoisie de la Chapelle)<\/figcaption><\/figure>\n<h3>Des nouvelles du Prix d&rsquo;Europe<\/h3>\n<p>L\u2019Acad\u00e9mie de musique du Qu\u00e9bec annonce la tenue de la 110e \u00e9dition du Concours Prix d\u2019Europe, qui se tiendra du 13 au 17 juin prochain \u00e0 la Chapelle historique du Bon-Pasteur \u00e0 Montr\u00e9al.<\/p>\n<p>Un total de 22 candidats participera \u00e0 l\u2019\u00e9preuve demi-finale : 9 pianistes, 5 violonistes, 2 altistes, 2 violoncellistes, ainsi que 2 sopranos, 1 contralto et 1 t\u00e9nor.<\/p>\n<p>Le jury international sera compos\u00e9 de Mme Monique Pag\u00e9, soprano; M. Vincent Dubois, organiste titulaire du grand orgue de la cath\u00e9drale Notre-Dame de Paris; M. Yegor Dyachkov, violoncelliste; M. Jimmie LeBlanc, compositeur et M. Jean Saulnier, pianiste, Prix d\u2019Europe 1986.<\/p>\n<p>Treize prix seront \u00e0 l\u2019enjeu alors que le laur\u00e9at du Prix d\u2019Europe, se m\u00e9ritera la somme de 50 000$. Ce montant servira \u00e0 d\u00e9frayer les co\u00fbts d\u2019\u00e9tude et de perfectionnement \u00e0 l\u2019\u00e9tranger.<\/p>\n<p>&nbsp;<\/p>\n<figure id=\"attachment_70995\" aria-describedby=\"caption-attachment-70995\" style=\"width: 960px\" class=\"wp-caption alignnone\"><img decoding=\"async\" loading=\"lazy\" class=\"size-full wp-image-70995\" src=\"https:\/\/www.ludwig-van.com\/montreal\/wp-content\/uploads\/sites\/3\/2022\/05\/cmc-quecc81bec-rue-crescent-1.jpg\" alt=\"\" width=\"960\" height=\"1280\" \/><figcaption id=\"caption-attachment-70995\" class=\"wp-caption-text\">Claire Marchand, directrice g\u00e9n\u00e9rale du CMC Qu\u00e9bec, non loin des futurs locaux de l&rsquo;organisme, rue Crescent. (Photo: courtoisie du CMC Qu\u00e9bec)<\/figcaption><\/figure>\n<h3>Le CMC Qu\u00e9bec d\u00e9m\u00e9nage<\/h3>\n<p>Le <strong>Centre de musique canadienne au Qu\u00e9bec<\/strong> sera bient\u00f4t install\u00e9 dans de nouveaux locaux situ\u00e9s sur la rue Crescent, en plein c\u0153ur du centre-ville de Montr\u00e9al. Ce nouvel espace offrira au CMC Qu\u00e9bec une localisation avantageuse au c\u0153ur d\u2019un secteur reconnu pour son dynamisme et sa vie culturelle. L&rsquo;entente sign\u00e9e avec le Mus\u00e9e des beaux-arts de Montr\u00e9al assure l&rsquo;utilisation exclusive des nouveaux locaux par le CMC Qu\u00e9bec pour la prochaine d\u00e9cennie.<\/p>\n<p>Offrant le double de la superficie dont dispose le CMC Qu\u00e9bec actuellement, les nouveaux locaux permettront d\u2019augmenter consid\u00e9rablement l\u2019espace consacr\u00e9 \u00e0 la musicoth\u00e8que et \u00e0 ses quelque 14,000 enregistrements et partitions, dont plus de 8000 manuscrits h\u00e9rit\u00e9s des compositeur.trice.s du Qu\u00e9bec.<\/p>\n<h2><em>Inscrivez-vous \u00e0 notre infolettre! La musique classique et l&rsquo;op\u00e9ra en 5 minutes, chaque jour<\/em> \u00a0<span style=\"color: #ff0000;\"><a style=\"color: #ff0000;\" href=\"https:\/\/ludwig-van.us9.list-manage.com\/subscribe?u=4f785cb3f9058f2393ccad035&amp;id=b9b160c032\" target=\"_blank\" rel=\"noopener noreferrer\">ICI\u00a0<\/a><\/span><\/h2>\n","protected":false},"excerpt":{"rendered":"<p>La musique classique est toujours un feu roulant de nouvelles. Pour ne rien manquer, abonnez-vous \u00e0 notre infolettre quotidienne, hebdomadaire ou mensuelle en cliquant ici. Voici cinq nouvelles que vous devriez conna\u00eetre cette semaine.\u00a0<\/p>\n","protected":false},"author":1,"featured_media":70999,"comment_status":"open","ping_status":"open","sticky":false,"template":"","format":"standard","meta":{"om_disable_all_campaigns":false,"jetpack_post_was_ever_published":false},"categories":[42010,10956,10992],"tags":[42007,4839,1833,9592],"yst_prominent_words":[18360,9952,9806,9792,9966,16344,9799,10167,41903,14774,23559,9838],"acf":[],"jetpack_featured_media_url":"https:\/\/www.ludwig-van.com\/montreal\/wp-content\/uploads\/sites\/3\/2022\/05\/Actualites-18-mai.jpg","jetpack_sharing_enabled":true,"jetpack_shortlink":"https:\/\/wp.me\/p9bdYt-it2","amp_enabled":true,"_links":{"self":[{"href":"https:\/\/www.ludwig-van.com\/montreal\/wp-json\/wp\/v2\/posts\/70992"}],"collection":[{"href":"https:\/\/www.ludwig-van.com\/montreal\/wp-json\/wp\/v2\/posts"}],"about":[{"href":"https:\/\/www.ludwig-van.com\/montreal\/wp-json\/wp\/v2\/types\/post"}],"author":[{"embeddable":true,"href":"https:\/\/www.ludwig-van.com\/montreal\/wp-json\/wp\/v2\/users\/1"}],"replies":[{"embeddable":true,"href":"https:\/\/www.ludwig-van.com\/montreal\/wp-json\/wp\/v2\/comments?post=70992"}],"version-history":[{"count":6,"href":"https:\/\/www.ludwig-van.com\/montreal\/wp-json\/wp\/v2\/posts\/70992\/revisions"}],"predecessor-version":[{"id":71001,"href":"https:\/\/www.ludwig-van.com\/montreal\/wp-json\/wp\/v2\/posts\/70992\/revisions\/71001"}],"wp:featuredmedia":[{"embeddable":true,"href":"https:\/\/www.ludwig-van.com\/montreal\/wp-json\/wp\/v2\/media\/70999"}],"wp:attachment":[{"href":"https:\/\/www.ludwig-van.com\/montreal\/wp-json\/wp\/v2\/media?parent=70992"}],"wp:term":[{"taxonomy":"category","embeddable":true,"href":"https:\/\/www.ludwig-van.com\/montreal\/wp-json\/wp\/v2\/categories?post=70992"},{"taxonomy":"post_tag","embeddable":true,"href":"https:\/\/www.ludwig-van.com\/montreal\/wp-json\/wp\/v2\/tags?post=70992"},{"taxonomy":"yst_prominent_words","embeddable":true,"href":"https:\/\/www.ludwig-van.com\/montreal\/wp-json\/wp\/v2\/yst_prominent_words?post=70992"}],"curies":[{"name":"wp","href":"https:\/\/api.w.org\/{rel}","templated":true}]}}