{"id":70970,"date":"2022-05-16T09:47:02","date_gmt":"2022-05-16T13:47:02","guid":{"rendered":"https:\/\/www.ludwig-van.com\/montreal\/?p=70970"},"modified":"2022-05-18T08:59:11","modified_gmt":"2022-05-18T12:59:11","slug":"choix-de-la-redaction-les-concerts-classiques-de-la-semaine-a-montreal-du-16-au-21-mai","status":"publish","type":"post","link":"https:\/\/www.ludwig-van.com\/montreal\/2022\/05\/16\/choix-de-la-redaction-les-concerts-classiques-de-la-semaine-a-montreal-du-16-au-21-mai\/","title":{"rendered":"CHOIX DE LA R\u00c9DACTION\u00a0| Les concerts classiques de la semaine \u00e0 Montr\u00e9al, du 16 au 21 mai"},"content":{"rendered":"<h3><span style=\"color: #808080;\">Concerts classiques: les Choix de la r\u00e9daction du 16 au 22 mai 2022<\/span><\/h3>\n<p style=\"text-align: center;\"><img decoding=\"async\" loading=\"lazy\" class=\"alignnone size-full wp-image-70977\" src=\"https:\/\/www.ludwig-van.com\/montreal\/wp-content\/uploads\/sites\/3\/2022\/05\/Choix-du-16-mai.jpg\" alt=\"\" width=\"1200\" height=\"628\" \/><\/p>\n<p>La saison 2021-2022 tire \u00e0 sa fin mais de tr\u00e8s beaux \u00e9v\u00e9nements musicaux sont encore au rendez-vous d&rsquo;ici le d\u00e9but officiel de l&rsquo;\u00e9t\u00e9, notamment le tr\u00e8s sp\u00e9cial <strong>Festival Unisson<\/strong> \u00e0 la salle Bourgie. Voici nos <strong>Choix de la r\u00e9daction<\/strong> qui vous pr\u00e9sentent les concerts classiques \u00e0 Montr\u00e9al et aux alentours, <strong>du 16 au 21 mai.<\/strong><\/p>\n<p>&nbsp;<\/p>\n<p style=\"text-align: center;\"><img decoding=\"async\" loading=\"lazy\" class=\"alignnone size-full wp-image-70972\" src=\"https:\/\/www.ludwig-van.com\/montreal\/wp-content\/uploads\/sites\/3\/2022\/05\/fESTIVAL-UNISSON.jpg\" alt=\"\" width=\"832\" height=\"639\" \/><\/p>\n<h3>Le Festival Unisson: du 18 au 22 mai<\/h3>\n<p dir=\"ltr\">Quoi de mieux que la Salle Bourgie, un lieu \u00e0 l\u2019atmosph\u00e8re chaleureuse et intimiste, pour faire l\u2019exp\u00e9rience de la musique seul \u00e0 seul et ainsi sortir des formules de concerts traditionnelles ? Inspir\u00e9 par The Artist is Present de Marina Abramovic et les 1:1 Concerts en Allemagne, le <a href=\"https:\/\/www.festivalunisson.com\/\" target=\"_blank\" rel=\"noopener\" data-saferedirecturl=\"https:\/\/www.google.com\/url?q=https:\/\/www.festivalunisson.com\/&amp;source=gmail&amp;ust=1652788519898000&amp;usg=AOvVaw05hcEBdha2UheUhaq4g_Ep\">Festival Unisson<\/a> propose \u00e0 l\u2019auditeur.trice une exp\u00e9rience immersive in\u00e9dite d&rsquo;une dur\u00e9e de 15 minutes.<\/p>\n<p dir=\"ltr\"><span id=\"m_-7138219797197426742gmail-docs-internal-guid-cc80980b-7fff-b701-bf83-3c69eb2e6f43\">Fond\u00e9 en 2020, en pleine pand\u00e9mie, par Agn\u00e8s Langlois et \u00c9lisabeth Pion, le Festival Unisson, qui met \u00e0 l\u2019avant-plan des artistes \u00e9mergents, en est d\u00e9j\u00e0 \u00e0 sa 3e \u00e9dition. Cet \u00e9v\u00e9nement novateur se d\u00e9roulera cette ann\u00e9e du 18 au 22 mai, de 9 h 45 \u00e0 16 h 45. Les courtes prestations en t\u00eate-\u00e0-t\u00eate se tiendront dans deux lieux myst\u00e8res de la Salle Bourgie : les salles <a href=\"https:\/\/www.mbam.qc.ca\/fr\/activites\/festival-unisson-2\/\" target=\"_blank\" rel=\"noopener\" data-saferedirecturl=\"https:\/\/www.google.com\/url?q=https:\/\/www.mbam.qc.ca\/fr\/activites\/festival-unisson-2\/&amp;source=gmail&amp;ust=1652788519898000&amp;usg=AOvVaw1JxIWXKDSKw3lVGHX8ezRm\">Mirage<\/a> et <a href=\"https:\/\/www.mbam.qc.ca\/fr\/activites\/festival-unisson-1\/\" target=\"_blank\" rel=\"noopener\" data-saferedirecturl=\"https:\/\/www.google.com\/url?q=https:\/\/www.mbam.qc.ca\/fr\/activites\/festival-unisson-1\/&amp;source=gmail&amp;ust=1652788519898000&amp;usg=AOvVaw1s7r8SwiCRwXTnx2h-RRW9\">Aventure<\/a>.<\/span><\/p>\n<p dir=\"ltr\">Le concept ? L\u2019autiteur.trice et l\u2019interpr\u00e8te sont <a href=\"http:\/\/assis.es\/\" target=\"_blank\" rel=\"noopener\" data-saferedirecturl=\"https:\/\/www.google.com\/url?q=http:\/\/assis.es&amp;source=gmail&amp;ust=1652788519898000&amp;usg=AOvVaw3o0EPnSJ8REQJtwWfxZ_Lj\">assis.es<\/a> face \u00e0 face, \u00e0 deux m\u00e8tres de distance : chaque rencontre d\u00e9bute par un regard, les yeux dans les yeux, lors d\u2019une minute de silence. Par la suite, l\u2019interpr\u00e8te propose une s\u00e9lection d\u2019\u0153uvres pour une dur\u00e9e totale de 10 \u00e0 12 minutes. Ce moment musical est suivi d\u2019une autre minute de silence, qui conclut cette exp\u00e9rience profond\u00e9ment humaine. Cette formule, qui replace le spectateur.trice au c\u0153ur de l\u2019exp\u00e9rience de concert, cr\u00e9e un moment magique tant pour le\/la <a href=\"http:\/\/musicien.ne\/\" target=\"_blank\" rel=\"noopener\" data-saferedirecturl=\"https:\/\/www.google.com\/url?q=http:\/\/musicien.ne&amp;source=gmail&amp;ust=1652788519898000&amp;usg=AOvVaw1H3eShN7iJaxkqFRubMks0\">musicien.ne<\/a> que pour l\u2019auditeur.trice. Le suspense reste entier, l\u2019\u00e9merveillement demeure total.<\/p>\n<p dir=\"ltr\">LES ARTISTES<\/p>\n<p dir=\"ltr\">10 musicien.ne.s participent au projet :<\/p>\n<ul>\n<li>Daniel A\u00f1ez, ondes Martenot<\/li>\n<li>Genevi\u00e8ve Ackerman, shakuhachi<\/li>\n<li>Antonin Bourgault, saxophone<\/li>\n<li>Bruno Gauthier-Bellerose, guitare<\/li>\n<li>Sebastian Gonzalez Mora, alto<\/li>\n<li>Jocelyn Lafond, orgue<\/li>\n<li>Agn\u00e8s Langlois, violoncelle<\/li>\n<li>Dominique Poirier, accord\u00e9on<\/li>\n<li>Matthias Soly-Letarte, percussions<\/li>\n<li>Roxanne Sicard, violon<\/li>\n<\/ul>\n<p dir=\"ltr\">5 compositeurs\/trices, d\u00e9veloppant une diversit\u00e9 de discours musicaux, ont chacun.e \u00e9crit, sp\u00e9cifiquement pour le Festival, deux \u0153uvres pour instrument solo inspir\u00e9es par des oeuvres d\u2019art visuel du MBAM :<\/p>\n<ul>\n<li>Genevi\u00e8ve Ackerman<\/li>\n<li>Patrick Gigu\u00e8re<\/li>\n<li>\u00c9milie Girard-Charest<\/li>\n<li>Pierre-Luc Lecours<\/li>\n<li>Corie Rose Soumah<\/li>\n<\/ul>\n<p>Le prix du billet inclut \u00e9galement l\u2019acc\u00e8s au Mus\u00e9e, valide uniquement la journ\u00e9e de la prestation.<\/p>\n<p><a href=\"https:\/\/www.mbam.qc.ca\/fr\/activites\/festival-unisson-2\/\" target=\"_blank\" rel=\"noopener\">D\u00c9TAILS ET BILLETS<\/a><\/p>\n<p>&nbsp;<\/p>\n<figure id=\"attachment_68985\" aria-describedby=\"caption-attachment-68985\" style=\"width: 484px\" class=\"wp-caption aligncenter\"><img decoding=\"async\" loading=\"lazy\" class=\"size-full wp-image-68985\" src=\"https:\/\/www.ludwig-van.com\/montreal\/wp-content\/uploads\/sites\/3\/2021\/12\/Cartes-Blanches-Marie-Begin.jpg\" alt=\"Marie B\u00e9gin, violoniste. (Photo: courtoisie)\" width=\"484\" height=\"427\" \/><figcaption id=\"caption-attachment-68985\" class=\"wp-caption-text\">Marie B\u00e9gin, violoniste. (Photo: courtoisie)<\/figcaption><\/figure>\n<h3>M\u00e9lod\u00eenes<\/h3>\n<p>En guise de cl\u00f4ture de la saison, le quatuor M\u00e9lod\u00eenes, regroupant Marie B\u00e9gin et Abby Walsh au violon, Cynthia Blanchon \u00e0 l\u2019alto, Dominique Beaus\u00e9jour-Ostiguy au violoncelle, avec Tristan Longval-Gagn\u00e9 comme pianiste invit\u00e9, vont jouer ensemble pour la premi\u00e8re fois.<\/p>\n<p>Un moment unique, qui promet de marquer le c\u0153ur et la m\u00e9moire de ceux et celles qui auront le bonheur d\u2019assister \u00e0 ce r\u00e9cital o\u00f9 la musique nous fera voyager en Allemagne.<\/p>\n<p>Franz Schubert, Quatuor \u00e0 cordes no 12, en do mineur, D703 (Quartettsatz)<br \/>\nRobert Schumann, Quintette pour piano et cordes en mi b\u00e9mol majeur, op.44<\/p>\n<p><strong>Le 17 mai, \u00e0 midi, salle Claude-L\u00e9veill\u00e9e de la Place des arts.<\/strong> <a href=\"https:\/\/placedesarts.com\/fr\/evenement\/le-quatuor-m%C3%A9lod%C3%AEnes-avec-tristan-longval-gagn%C3%A9-les-m%C3%A9lod%C3%AEnes\" target=\"_blank\" rel=\"noopener\">D\u00c9TAILS ET BILLETS<\/a><\/p>\n<p>&nbsp;<\/p>\n<p>&nbsp;<\/p>\n<p style=\"text-align: center;\"><img decoding=\"async\" loading=\"lazy\" class=\"alignnone size-full wp-image-67535\" src=\"https:\/\/www.ludwig-van.com\/montreal\/wp-content\/uploads\/sites\/3\/2021\/09\/OCM-Grandes-quebecoises.jpg\" alt=\"\" width=\"550\" height=\"545\" \/><\/p>\n<h3>Grandes Qu\u00e9b\u00e9coises \u00e0 l&rsquo;Orchestre classique de Montr\u00e9al<\/h3>\n<p>La harpiste <strong>Val\u00e9rie Milot<\/strong> et la fl\u00fbtiste <strong>Nadia Labrie<\/strong> pr\u00e9senteront leur compr\u00e9hension nuanc\u00e9e de Mozart dans le Concerto pour fl\u00fbte et harpe, avant de c\u00e9der la place \u00e0 la jeune pianiste <strong>\u00c9lisabeth Pion<\/strong> dans le Concerto pour piano de Haydn. Les s\u0153urs jumelles <strong>Nadia Labrie<\/strong>, fl\u00fbtiste, et <strong>Annie Labrie,<\/strong> guitariste, \u00e9voqueront ensuite le panache latino-am\u00e9ricain dans le Concerto Tradicionuevo du compositeur franco-qu\u00e9b\u00e9cois <strong>Patrick Roux,<\/strong> dirig\u00e9 par <strong>Genevi\u00e8ve Leclair.<\/strong> Une premi\u00e8re mondiale de la compositrice de Yellowknife <strong>Carmen Braden<\/strong>, <em>Elle fait du v\u00e9lo avec un violoncelle sur le dos et un b\u00e9b\u00e9 dans le panier<\/em>, rendra hommage \u00e0 la vie et \u00e0 l\u2019h\u00e9ritage de <strong>Lotte Brott<\/strong> \u00e0 l\u2019occasion de son centenaire. <strong>Le 17 mai, 19 h 30, salle Pierre-Mercure.<\/strong> <a href=\"https:\/\/orchestre.ca\/grandes-quebecoises\/\" target=\"_blank\" rel=\"noopener\">D\u00c9TAILS ET BILLETS<\/a><\/p>\n<p>&nbsp;<\/p>\n<figure id=\"attachment_70921\" aria-describedby=\"caption-attachment-70921\" style=\"width: 1200px\" class=\"wp-caption alignnone\"><img decoding=\"async\" loading=\"lazy\" class=\"size-full wp-image-70921\" src=\"https:\/\/www.ludwig-van.com\/montreal\/wp-content\/uploads\/sites\/3\/2022\/05\/Papageno-Richard-Sveda-\u00a9Yves-Renaud-1200.jpg\" alt=\"La Fl\u00fbte enchant\u00e9e: Papageno (Richard Sveda) \u00a9Yves Renaud-1200\" width=\"1200\" height=\"800\" \/><figcaption id=\"caption-attachment-70921\" class=\"wp-caption-text\">La Fl\u00fbte enchant\u00e9e: Papageno (Richard Sveda) \u00a9Yves Renaud-1200<\/figcaption><\/figure>\n<h3>La Fl\u00fbte enchant\u00e9e<\/h3>\n<p>Au moment d&rsquo;\u00e9crire cette chronique, lundi matin, il restait encore une soixantaine de billets pour la derni\u00e8re repr\u00e9sentation de <em>La Fl\u00fbte enchant\u00e9e<\/em>, de Mozart, dans une production impressionnante \u00e0 l&rsquo;affiche \u00e0 l&rsquo;<strong>Op\u00e9ra de Montr\u00e9al<\/strong>, que notre r\u00e9dactrice en chef a beaucoup appr\u00e9ci\u00e9e. <strong>Le 17 mai, 19 h 30, salle Wilfrid-Pelletier.<\/strong> <a href=\"https:\/\/www.operademontreal.com\/programmation\/la-flute-enchantee-0\" target=\"_blank\" rel=\"noopener\">D\u00c9TAILS ET BILLETS<\/a><\/p>\n<p><a href=\"https:\/\/www.ludwig-van.com\/montreal\/2022\/05\/08\/critique-flute-enchantee-opera-montreal-triomphe\/\" target=\"_blank\" rel=\"noopener\">LIRE LA CRITIQUE.\u00a0<\/a><\/p>\n<p>&nbsp;<\/p>\n<p>&nbsp;<\/p>\n<figure id=\"attachment_67687\" aria-describedby=\"caption-attachment-67687\" style=\"width: 590px\" class=\"wp-caption aligncenter\"><img decoding=\"async\" loading=\"lazy\" class=\"wp-image-67687 size-full\" src=\"https:\/\/www.ludwig-van.com\/montreal\/wp-content\/uploads\/sites\/3\/2021\/09\/Simon-Bertrand-Carnet-de-Voyage.jpg\" alt=\"Simon Bertrand, compositeur. (Photo: courtoisie de la SMCQ)\" width=\"590\" height=\"421\" \/><figcaption id=\"caption-attachment-67687\" class=\"wp-caption-text\">Simon Bertrand, compositeur. (Photo: courtoisie de la SMCQ)<\/figcaption><\/figure>\n<h3>Mozart et Chostakovitch \u00e0 l&rsquo;OSM<\/h3>\n<p>Mozart en visite \u00e0 Paris lors d\u2019une tourn\u00e9e europ\u00e9enne\u2009; Ravel \u00e9bloui par l\u2019effervescence de la vie nord-am\u00e9ricaine\u2009; Chostakovitch assistant au retour des soldats russes en 1945. Dans la joie, la tourmente ou l\u2019espoir, trois \u0153uvres importantes t\u00e9moignent d\u2019une humanit\u00e9 en mouvement, \u00e0 la rencontre de l\u2019autre ou \u00e0 la recherche de soi-m\u00eame. Plus pr\u00e8s de nous, le Qu\u00e9b\u00e9cois <strong>Simon Bertrand<\/strong> propose dans <em>Weltengeist<\/em> une r\u00e9flexion sur un monde immobile et confin\u00e9 avec force expressivit\u00e9 et r\u00e9silience. Sous la direction du chef canadien<strong> Jordan de Souza<\/strong>, ce programme inspirant voit briller l\u2019OSM et le pianiste suisse <strong>Francesco Piemontesi.\u00a0<\/strong><\/p>\n<p>Mozart, Symphonie no 31 en r\u00e9 majeur, K. 297\/300a, \u00ab Paris \u00bb (17 min)<\/p>\n<p>Ravel, Concerto pour piano en sol majeur (23 min)<\/p>\n<p>Simon Bertrand, <em>Weltengeist<\/em> [Esprit du monde] (10 min) \u2013 cr\u00e9ation mondiale, commande de l\u2019OSM<\/p>\n<p>Chostakovitch, Symphonie no 9 en mi b\u00e9mol majeur, op. 70 (27 min)<\/p>\n<p><strong>Le 18 mai, 19 h 30, et le 19 mai, 10 h 30, Maison symphonique.<\/strong> <a href=\"https:\/\/www.osm.ca\/fr\/concerts\/de-mozart-a-chostakovitch-lhumanite-en-mouvement\/\" target=\"_blank\" rel=\"noopener\">D\u00c9TAILS ET BILLETS<\/a><\/p>\n<p>&nbsp;<\/p>\n<p>&nbsp;<\/p>\n<figure id=\"attachment_69537\" aria-describedby=\"caption-attachment-69537\" style=\"width: 898px\" class=\"wp-caption alignnone\"><img decoding=\"async\" loading=\"lazy\" class=\"size-full wp-image-69537\" src=\"https:\/\/www.ludwig-van.com\/montreal\/wp-content\/uploads\/sites\/3\/2022\/02\/Marcel-Proust.jpg\" alt=\"\" width=\"898\" height=\"447\" \/><figcaption id=\"caption-attachment-69537\" class=\"wp-caption-text\">(Photo: courtoisie)<\/figcaption><\/figure>\n<h3>Marcel Proust: la musique retrouv\u00e9e<\/h3>\n<p>Incursion au c\u0153ur de l\u2019univers litt\u00e9raire et musical de Marcel Proust, ce concert de musique de chambre vient souligner le centenaire de la mort de l\u2019auteur et met en lumi\u00e8re la musique de chambre de ses compositeurs favoris : Faur\u00e9, Franck, Hahn, Debussy et Ravel. Ponctuant ce concert, des extraits lus de son \u0153uvre capitale \u00c0 la recherche du temps perdu, consid\u00e9r\u00e9e comme un monument de la litt\u00e9rature du XXe si\u00e8cle, s\u2019amalgament \u00e0 la musique et nous d\u00e9voilent la sensibilit\u00e9 et le g\u00e9nie de l\u2019\u00e9crivain. <strong>Le 19 mai, 19 h 30, Chapelle historique du Bon-Pasteur.<\/strong> <a href=\"https:\/\/www.facebook.com\/events\/210140727979245\" target=\"_blank\" rel=\"noopener\">D\u00c9TAILS ET BILLETS<\/a><\/p>\n<p>&nbsp;<\/p>\n<figure id=\"attachment_62708\" aria-describedby=\"caption-attachment-62708\" style=\"width: 1200px\" class=\"wp-caption aligncenter\"><img decoding=\"async\" loading=\"lazy\" class=\"wp-image-62708 size-full\" src=\"https:\/\/www.ludwig-van.com\/montreal\/wp-content\/uploads\/sites\/3\/2019\/10\/TSNJ_Orgue-de-tribune-Nuit-CREDIT-Fr\u00e9d\u00e9ric-Pichelle.jpg\" alt=\"L'orgue de tribune de l'\u00e9glise Tr\u00e8s-Saint-Nom-de-J\u00e9sus (Photo : Fr\u00e9d\u00e9ric Pichette)\" width=\"1200\" height=\"581\" srcset=\"https:\/\/www.ludwig-van.com\/montreal\/wp-content\/uploads\/sites\/3\/2019\/10\/TSNJ_Orgue-de-tribune-Nuit-CREDIT-Fr\u00e9d\u00e9ric-Pichelle.jpg 1200w, https:\/\/www.ludwig-van.com\/montreal\/wp-content\/uploads\/sites\/3\/2019\/10\/TSNJ_Orgue-de-tribune-Nuit-CREDIT-Fr\u00e9d\u00e9ric-Pichelle-300x145.jpg 300w, https:\/\/www.ludwig-van.com\/montreal\/wp-content\/uploads\/sites\/3\/2019\/10\/TSNJ_Orgue-de-tribune-Nuit-CREDIT-Fr\u00e9d\u00e9ric-Pichelle-768x372.jpg 768w, https:\/\/www.ludwig-van.com\/montreal\/wp-content\/uploads\/sites\/3\/2019\/10\/TSNJ_Orgue-de-tribune-Nuit-CREDIT-Fr\u00e9d\u00e9ric-Pichelle-1024x496.jpg 1024w\" sizes=\"(max-width: 1200px) 100vw, 1200px\" \/><figcaption id=\"caption-attachment-62708\" class=\"wp-caption-text\">L&rsquo;orgue de tribune de l&rsquo;\u00e9glise du Tr\u00e8s-Saint-Nom-de-J\u00e9sus a \u00e9t\u00e9 restaur\u00e9 par Casavant. (Photo : Fr\u00e9d\u00e9ric Pichette)<\/figcaption><\/figure>\n<h3>Des adieux \u00e0 l&rsquo;orgue<\/h3>\n<p><strong>Le dimanche 22 mai, \u00e0 15 heures<\/strong>, Alexander Straus-Fausto, organiste en r\u00e9sidence \u00e0 l\u2019\u00e9glise du Tr\u00e8s-Saint-Nom-de-J\u00e9sus, fera ses adieux \u00e0 Montr\u00e9al par un r\u00e9cital plac\u00e9 sous l\u2019\u00e9gide de la Soci\u00e9t\u00e9 des orgues de Maisonneuve. Il interpr\u00e9tera des \u0153uvres de Strauss, Faur\u00e9, Bach, Dupr\u00e9 et Durufl\u00e9. L\u2019\u00e9glise est situ\u00e9e au 4215 de la rue Adam. L\u2019entr\u00e9e est libre, une contribution volontaire sera appr\u00e9ci\u00e9e. Pour renseignements, pri\u00e8re de communiquer avec Paul Cadrin au 438-381-5048 ou \u00e0 <a href=\"mailto:paulcadrin@otmail.com\">paulcadrin@otmail.com<\/a><\/p>\n<p>&nbsp;<\/p>\n<h2><em>Inscrivez-vous \u00e0 notre infolettre! La musique classique et l&rsquo;op\u00e9ra en 5 minutes, chaque jour<\/em> \u00a0<span style=\"color: #ff0000;\"><a style=\"color: #ff0000;\" href=\"https:\/\/ludwig-van.us9.list-manage.com\/subscribe?u=4f785cb3f9058f2393ccad035&amp;id=b9b160c032\" target=\"_blank\" rel=\"noopener noreferrer\">ICI\u00a0<\/a><\/span><\/h2>\n","protected":false},"excerpt":{"rendered":"<p>La saison tire \u00e0 sa fin mais de beaux \u00e9v\u00e9nements musicaux sont encore au rendez-vous d&rsquo;ici le d\u00e9but officiel de l&rsquo;\u00e9t\u00e9. Voici nos Choix de la r\u00e9daction pour les concerts classiques \u00e0 Montr\u00e9al et aux alentours, du 16 au 21 mai.\u00a0<\/p>\n","protected":false},"author":1,"featured_media":70977,"comment_status":"open","ping_status":"open","sticky":false,"template":"","format":"standard","meta":{"om_disable_all_campaigns":false,"jetpack_post_was_ever_published":false},"categories":[42010,10956,10994,19],"tags":[42007,38749,2542,41949,11137],"yst_prominent_words":[9878,9863,13120,20365,33087,26052,9877,13123,20141,18276,18273,21827,10465,14774,9956],"acf":[],"jetpack_featured_media_url":"https:\/\/www.ludwig-van.com\/montreal\/wp-content\/uploads\/sites\/3\/2022\/05\/Choix-du-16-mai.jpg","jetpack_sharing_enabled":true,"jetpack_shortlink":"https:\/\/wp.me\/p9bdYt-isG","amp_enabled":true,"_links":{"self":[{"href":"https:\/\/www.ludwig-van.com\/montreal\/wp-json\/wp\/v2\/posts\/70970"}],"collection":[{"href":"https:\/\/www.ludwig-van.com\/montreal\/wp-json\/wp\/v2\/posts"}],"about":[{"href":"https:\/\/www.ludwig-van.com\/montreal\/wp-json\/wp\/v2\/types\/post"}],"author":[{"embeddable":true,"href":"https:\/\/www.ludwig-van.com\/montreal\/wp-json\/wp\/v2\/users\/1"}],"replies":[{"embeddable":true,"href":"https:\/\/www.ludwig-van.com\/montreal\/wp-json\/wp\/v2\/comments?post=70970"}],"version-history":[{"count":8,"href":"https:\/\/www.ludwig-van.com\/montreal\/wp-json\/wp\/v2\/posts\/70970\/revisions"}],"predecessor-version":[{"id":70988,"href":"https:\/\/www.ludwig-van.com\/montreal\/wp-json\/wp\/v2\/posts\/70970\/revisions\/70988"}],"wp:featuredmedia":[{"embeddable":true,"href":"https:\/\/www.ludwig-van.com\/montreal\/wp-json\/wp\/v2\/media\/70977"}],"wp:attachment":[{"href":"https:\/\/www.ludwig-van.com\/montreal\/wp-json\/wp\/v2\/media?parent=70970"}],"wp:term":[{"taxonomy":"category","embeddable":true,"href":"https:\/\/www.ludwig-van.com\/montreal\/wp-json\/wp\/v2\/categories?post=70970"},{"taxonomy":"post_tag","embeddable":true,"href":"https:\/\/www.ludwig-van.com\/montreal\/wp-json\/wp\/v2\/tags?post=70970"},{"taxonomy":"yst_prominent_words","embeddable":true,"href":"https:\/\/www.ludwig-van.com\/montreal\/wp-json\/wp\/v2\/yst_prominent_words?post=70970"}],"curies":[{"name":"wp","href":"https:\/\/api.w.org\/{rel}","templated":true}]}}