{"id":70659,"date":"2022-04-19T16:02:35","date_gmt":"2022-04-19T20:02:35","guid":{"rendered":"https:\/\/www.ludwig-van.com\/montreal\/?p=70659"},"modified":"2022-04-19T17:15:02","modified_gmt":"2022-04-19T21:15:02","slug":"nouvelle-losm-annonce-une-tournee-en-coree-du-sud-et-la-programmation-de-sa-viree-classique-2022","status":"publish","type":"post","link":"https:\/\/www.ludwig-van.com\/montreal\/2022\/04\/19\/nouvelle-losm-annonce-une-tournee-en-coree-du-sud-et-la-programmation-de-sa-viree-classique-2022\/","title":{"rendered":"NOUVELLE\u00a0| L&rsquo;OSM annonce une tourn\u00e9e en Cor\u00e9e du Sud et la Vir\u00e9e classique 2022"},"content":{"rendered":"<h2>Vir\u00e9e classique de l&rsquo;OSM: un survol de la programmation 2022<\/h2>\n<figure id=\"attachment_70664\" aria-describedby=\"caption-attachment-70664\" style=\"width: 1200px\" class=\"wp-caption alignnone\"><img decoding=\"async\" loading=\"lazy\" class=\"wp-image-70664 size-full\" src=\"https:\/\/www.ludwig-van.com\/montreal\/wp-content\/uploads\/sites\/3\/2022\/04\/Payare-nouvelle-titre.png\" alt=\"Rafael Payare, chef d'orchestre (Photo: Antoine Saito)\" width=\"1200\" height=\"628\" \/><figcaption id=\"caption-attachment-70664\" class=\"wp-caption-text\">Ce sera la premi\u00e8re saison estivale du chef Rafael Payare avec l&rsquo;OSM. (Photo: Antoine Saito)<\/figcaption><\/figure>\n<p><strong>L&rsquo;Orchestre symphonique de Montr\u00e9al<\/strong> fera une tourn\u00e9e Cor\u00e9e du Sud sous la direction de <strong>Rafael Payare<\/strong> en juillet, et annonce aujourd&rsquo;hui la programmation de la 9e <strong>Vir\u00e9e classique,<\/strong> qui se d\u00e9roulera du 10 au 14 ao\u00fbt, avec 24 concerts.<\/p>\n<p><a href=\"https:\/\/www.osm.ca\/fr\/viree-classique-2022\/\" target=\"_blank\" rel=\"noopener\">VOIR TOUTE LA PROGRAMMATION<\/a> DE LA VIR\u00c9E CLASSIQUE 2022<\/p>\n<p>Pour <strong>Rafael Payare<\/strong>, il s&rsquo;agit d&rsquo;une premi\u00e8re saison estival compl\u00e8te, qui sera marqu\u00e9e par un grand voyage en Asie.\u00a0La tourn\u00e9e de quatre concerts en Cor\u00e9e du Sud aura lieu du 5 au 8 juillet. L&rsquo;OSM visitera S\u00e9oul (deux concerts), Daegu et Tongyeong. Deux solistes l&rsquo;accompagneront, soit la violoniste am\u00e9ricaine <strong>Hilary Hahn<\/strong>, et le pianiste cor\u00e9en <strong>Yekwon Sunwoo<\/strong>. Au programme: la Symphonie no 5 de Mahler, le Concerto no 1 pour violon et le Concerto no 1 pour piano de Prokofiev, ainsi que des \u0153uvres de Ravel, Bartok et Debussy.<\/p>\n<h3>La Nouveau Monde au Parc olympique<\/h3>\n<p>Pour lancer la <strong>Vir\u00e9e classique<\/strong>, le traditionnel grand concert gratuit au Parc olympique, le <strong>10 ao\u00fbt, \u00e0 19 h 30<\/strong>, nous permettra d&rsquo;entendre la Symphonie no 9 <em>Nouveau Monde<\/em> de Dvo\u0159\u00e1k, un chant autochtone, des extraits de <em>West Side Story<\/em> et le Concerto pour trompette du compositeur cubain Paquito D&rsquo;Riveira, entre autres. Les invit\u00e9s seront l&rsquo;autrice <strong>Natasha Kanap\u00e9 Fontaine<\/strong>, le chanteur <strong>Jeremy Dutcher<\/strong>, la soprano <strong>Jeanine de Bique<\/strong> et le trompettiste <strong>Pacho Flores.\u00a0<\/strong><\/p>\n<p>&nbsp;<\/p>\n<figure id=\"attachment_70450\" aria-describedby=\"caption-attachment-70450\" style=\"width: 663px\" class=\"wp-caption aligncenter\"><img decoding=\"async\" loading=\"lazy\" class=\"size-full wp-image-70450\" src=\"https:\/\/www.ludwig-van.com\/montreal\/wp-content\/uploads\/sites\/3\/2022\/03\/Bruce-Liu-DG-FB.jpg\" alt=\"Bruce Liu, pianiste. (Photo: page FB de Deutsche Grammophon)\" width=\"663\" height=\"552\" \/><figcaption id=\"caption-attachment-70450\" class=\"wp-caption-text\">Bruce Liu, pianiste. (Photo: page FB de Deutsche Grammophon)<\/figcaption><\/figure>\n<h3>Vir\u00e9e classique: sous le th\u00e8me des Am\u00e9riques<\/h3>\n<p>La musique, les cultures et les langues des Am\u00e9riques seront \u00e0 l&rsquo;honneur de cette \u00e9dition de la <strong>Vir\u00e9e classique 2022.\u00a0<\/strong><\/p>\n<p>Parmi ces compositeurs des Am\u00e9riques dont on pourra entendre les \u0153uvres, mentionnons Jacques H\u00e9tu, Jean Coulthard, Murray Schaffer, Leonard Bernstein, Heitor Villa-Lobos, Ginastera, Copland, Gershwin, Barber, Florence Price, Philip Glass, Jennifer Higdon, \u00c9ric Champagne et plusieurs autres.<\/p>\n<h3>Artistes invit\u00e9s et porte-parole<\/h3>\n<p>Parmi les nombreux musiciens invit\u00e9s \u00e0 participer \u00e0 la Vir\u00e9e classique de l&rsquo;OSM, mentionnons d&rsquo;abord <strong>Bruce Liu<\/strong>, laur\u00e9at du Concours OSM en 2012 et du <a href=\"https:\/\/www.ludwig-van.com\/montreal\/2021\/10\/20\/nouvelle-xiaoyu-liu-remporte-le-concours-chopin-2021\/\" target=\"_blank\" rel=\"noopener\">Concours Chopin en 2021<\/a>. Il interpr\u00e9tera la <em>Rhapsodie sur un th\u00e8me de Paganini<\/em>, de Rachmaninov, le <strong>samedi 13 ao\u00fbt, 20 h, \u00e0 la Maison symphonique<\/strong>. Mentionnons \u00e9galement la pr\u00e9sence du saxophoniste <strong>Branford Marsalis<\/strong>, du violoniste canadien <strong>James Ehnes<\/strong>, des violoncellistes <strong>Cameron Crozman<\/strong> et <strong>Bryan Cheng<\/strong>, de la violoniste <strong>Tara-Louise Montour<\/strong>, entre autres.<\/p>\n<p>Cette ann\u00e9e, la porte-parole de la saison estivale de l&rsquo;OSM est la com\u00e9dienne <strong>Magalie L\u00e9pine-Blondeau.<\/strong><\/p>\n<h3>Concerts gratuits dans les parcs<\/h3>\n<p>Cet \u00e9t\u00e9, les concerts gratuits de l&rsquo;OSM dans les parcs seront de retour, sous la direction de <strong>Dina Gilbert<\/strong> ou d&rsquo;<strong>Adam Johnson<\/strong>. Ils auront lieu le 26 juillet \u00e0 Brossard et le 19 ao\u00fbt au Parc Angrignon. De plus, des musiciens de l&rsquo;OSM en petites formations donneront seize r\u00e9citals en plein air, entre le 24 ao\u00fbt et le 3 septembre. Les d\u00e9tails de ceux-ci seront communiqu\u00e9s sur le site de l&rsquo;OSM.<\/p>\n<p><a href=\"https:\/\/www.osm.ca\/fr\/viree-classique-2022\/\" target=\"_blank\" rel=\"noopener\">VOIR LA PROGRAMMATION DE LA VIR\u00c9E CLASSIQUE 2022<\/a><\/p>\n<h2><em>Inscrivez-vous \u00e0 notre infolettre! La musique classique et l&rsquo;op\u00e9ra en 5 minutes, chaque jour<\/em> \u00a0<span style=\"color: #ff0000;\"><a style=\"color: #ff0000;\" href=\"https:\/\/ludwig-van.us9.list-manage.com\/subscribe?u=4f785cb3f9058f2393ccad035&amp;id=b9b160c032\" target=\"_blank\" rel=\"noopener noreferrer\">ICI\u00a0<\/a><\/span><\/h2>\n","protected":false},"excerpt":{"rendered":"<p>L&rsquo;Orchestre symphonique de Montr\u00e9al fera une tourn\u00e9e Cor\u00e9e du Sud sous la direction de Rafael Payare en juillet, et annonce aujourd&rsquo;hui la programmation de sa 9e Vir\u00e9e classique, qui se d\u00e9roulera du 10 au 14 ao\u00fbt, avec 24 concerts.<\/p>\n","protected":false},"author":51,"featured_media":70664,"comment_status":"open","ping_status":"open","sticky":false,"template":"","format":"standard","meta":{"om_disable_all_campaigns":false,"jetpack_post_was_ever_published":false},"categories":[42010,10956,10992],"tags":[42007,4485,41123],"yst_prominent_words":[10175,12355,15508,13759,12028,11820,25633,12501,20367,11819,18158,18156,33184],"acf":[],"jetpack_featured_media_url":"https:\/\/www.ludwig-van.com\/montreal\/wp-content\/uploads\/sites\/3\/2022\/04\/Payare-nouvelle-titre.png","jetpack_sharing_enabled":true,"jetpack_shortlink":"https:\/\/wp.me\/p9bdYt-inF","amp_enabled":true,"_links":{"self":[{"href":"https:\/\/www.ludwig-van.com\/montreal\/wp-json\/wp\/v2\/posts\/70659"}],"collection":[{"href":"https:\/\/www.ludwig-van.com\/montreal\/wp-json\/wp\/v2\/posts"}],"about":[{"href":"https:\/\/www.ludwig-van.com\/montreal\/wp-json\/wp\/v2\/types\/post"}],"author":[{"embeddable":true,"href":"https:\/\/www.ludwig-van.com\/montreal\/wp-json\/wp\/v2\/users\/51"}],"replies":[{"embeddable":true,"href":"https:\/\/www.ludwig-van.com\/montreal\/wp-json\/wp\/v2\/comments?post=70659"}],"version-history":[{"count":14,"href":"https:\/\/www.ludwig-van.com\/montreal\/wp-json\/wp\/v2\/posts\/70659\/revisions"}],"predecessor-version":[{"id":70675,"href":"https:\/\/www.ludwig-van.com\/montreal\/wp-json\/wp\/v2\/posts\/70659\/revisions\/70675"}],"wp:featuredmedia":[{"embeddable":true,"href":"https:\/\/www.ludwig-van.com\/montreal\/wp-json\/wp\/v2\/media\/70664"}],"wp:attachment":[{"href":"https:\/\/www.ludwig-van.com\/montreal\/wp-json\/wp\/v2\/media?parent=70659"}],"wp:term":[{"taxonomy":"category","embeddable":true,"href":"https:\/\/www.ludwig-van.com\/montreal\/wp-json\/wp\/v2\/categories?post=70659"},{"taxonomy":"post_tag","embeddable":true,"href":"https:\/\/www.ludwig-van.com\/montreal\/wp-json\/wp\/v2\/tags?post=70659"},{"taxonomy":"yst_prominent_words","embeddable":true,"href":"https:\/\/www.ludwig-van.com\/montreal\/wp-json\/wp\/v2\/yst_prominent_words?post=70659"}],"curies":[{"name":"wp","href":"https:\/\/api.w.org\/{rel}","templated":true}]}}