{"id":69306,"date":"2022-02-04T11:32:31","date_gmt":"2022-02-04T16:32:31","guid":{"rendered":"https:\/\/www.ludwig-van.com\/montreal\/?p=69306"},"modified":"2022-02-04T11:32:31","modified_gmt":"2022-02-04T16:32:31","slug":"nouvelle-lorchestre-metropolitain-lance-la-4e-edition-du-concours-omni","status":"publish","type":"post","link":"https:\/\/www.ludwig-van.com\/montreal\/2022\/02\/04\/nouvelle-lorchestre-metropolitain-lance-la-4e-edition-du-concours-omni\/","title":{"rendered":"NOUVELLE | L&rsquo;Orchestre M\u00e9tropolitain lance la 4e \u00e9dition du Concours OMNI"},"content":{"rendered":"<p>&nbsp;<\/p>\n<figure id=\"attachment_69309\" aria-describedby=\"caption-attachment-69309\" style=\"width: 1200px\" class=\"wp-caption alignnone\"><img decoding=\"async\" loading=\"lazy\" class=\"size-full wp-image-69309\" src=\"https:\/\/www.ludwig-van.com\/montreal\/wp-content\/uploads\/sites\/3\/2022\/02\/OMNI-COVER.jpg\" alt=\"Concours OMNI\" width=\"1200\" height=\"628\" \/><figcaption id=\"caption-attachment-69309\" class=\"wp-caption-text\">La finale du Concours OMNI de l&rsquo;Orchestre M\u00e9tropolitain aura lieu le 11 juin 2022. (Photo: courtoisie)<\/figcaption><\/figure>\n<h3>L&rsquo;Orchestre M\u00e9tropolitain annonce la 4e \u00e9dition de son Concours OMNI pour les jeunes musiciens de 7 \u00e0 17 ans. La premi\u00e8re \u00e9tape du concours aura lieu du 22 au 24 avril.<\/h3>\n<p>Les jeunes musiciens int\u00e9ress\u00e9s \u00e0 participer au concours peuvent d\u00e9j\u00e0 s&rsquo;inscrire et faire parvenir une vid\u00e9o d&rsquo;une prestation musicale de leur choix au plus tard le 21 mars. Le <a href=\"https:\/\/form.jotform.com\/220043454192245\" target=\"_blank\" rel=\"noopener\">formulaire d&rsquo;inscription<\/a> est disponible sur le site de l&rsquo;OM.<\/p>\n<p>Par la suite, 30 finalistes seront s\u00e9lectionn\u00e9s pour participer \u00e0 la finale du concours. Cette finale se d\u00e9roulera le 11 juin \u00e0 la Chapelle historique du Bon-Pasteur (si la situation sanitaire le permet) et sera \u00e9galement diffus\u00e9e en ligne.<\/p>\n<p>Le Concours OMNI vise \u00e0 encourager les jeunes musiciens et mettre en valeur la pratique instrumentale. Il comprend neuf cat\u00e9gories selon les \u00e2ges et les instruments. Trois groupes d&rsquo;\u00e2ges, soit les 7 \u00e0 11 ans, les 12 \u00e0 14 ans et les 15 \u00e0 17 ans, peuvent s&rsquo;inscrire en piano, cordes ou vents.<\/p>\n<p>Cette ann\u00e9e, le concours offrira 17 000 $ en prix au total. Le Grand prix Fran\u00e7ois Schubert de 5000 $ sera offert au laur\u00e9at de la cat\u00e9gorie 15-17 ans. Le Prix Hydro-Qu\u00e9bec de 2000 $ ira au laur\u00e9at des 12-14 ans, et le prix Yannick N\u00e9zet-S\u00e9guin sera offert au laur\u00e9at des 7-11 ans. D&rsquo;autres prix seront offerts aux participants dans chaque groupe d&rsquo;\u00e2ge, incluant le prix Crescendo, \u00e0 la premi\u00e8re \u00e9tape du concours, ainsi qu&rsquo;un prix du public. De plus, des laur\u00e9ats seront invit\u00e9s \u00e0 participer \u00e0 un concert dans le cadre de la saison 2022-2023 de la Chapelle historique du Bon-Pasteur.<\/p>\n<p>Tous <a href=\"https:\/\/orchestremetropolitain.com\/fr\/concours-musical-omni\/\" target=\"_blank\" rel=\"noopener\">les d\u00e9tails<\/a> sur le Concours OMNI sont disponibles sur le site de l&rsquo;OM.<\/p>\n<h2><em>Inscrivez-vous \u00e0 notre infolettre! La musique classique et l&rsquo;op\u00e9ra en 5 minutes, chaque jour<\/em> \u00a0<span style=\"color: #ff0000;\"><a style=\"color: #ff0000;\" href=\"https:\/\/ludwig-van.us9.list-manage.com\/subscribe?u=4f785cb3f9058f2393ccad035&amp;id=b9b160c032\" target=\"_blank\" rel=\"noopener noreferrer\">ICI\u00a0<\/a><\/span><\/h2>\n","protected":false},"excerpt":{"rendered":"<p>L&rsquo;Orchestre M\u00e9tropolitain annonce la 4e \u00e9dition de son Concours OMNI pour les jeunes musiciens de 7 \u00e0 17 ans. La premi\u00e8re \u00e9tape du concours aura lieu du 22 au 24 avril.<\/p>\n","protected":false},"author":51,"featured_media":69309,"comment_status":"open","ping_status":"open","sticky":false,"template":"","format":"standard","meta":{"om_disable_all_campaigns":false,"jetpack_post_was_ever_published":false},"categories":[42010,10956,27334,10992],"tags":[42007,42011,2521,3627],"yst_prominent_words":[16232,30889,12539,30019,10426,9806,9792,10473,30013,9799,10699,9836,28532,23722,9857],"acf":[],"jetpack_featured_media_url":"https:\/\/www.ludwig-van.com\/montreal\/wp-content\/uploads\/sites\/3\/2022\/02\/OMNI-COVER.jpg","jetpack_sharing_enabled":true,"jetpack_shortlink":"https:\/\/wp.me\/p9bdYt-i1Q","amp_enabled":true,"_links":{"self":[{"href":"https:\/\/www.ludwig-van.com\/montreal\/wp-json\/wp\/v2\/posts\/69306"}],"collection":[{"href":"https:\/\/www.ludwig-van.com\/montreal\/wp-json\/wp\/v2\/posts"}],"about":[{"href":"https:\/\/www.ludwig-van.com\/montreal\/wp-json\/wp\/v2\/types\/post"}],"author":[{"embeddable":true,"href":"https:\/\/www.ludwig-van.com\/montreal\/wp-json\/wp\/v2\/users\/51"}],"replies":[{"embeddable":true,"href":"https:\/\/www.ludwig-van.com\/montreal\/wp-json\/wp\/v2\/comments?post=69306"}],"version-history":[{"count":4,"href":"https:\/\/www.ludwig-van.com\/montreal\/wp-json\/wp\/v2\/posts\/69306\/revisions"}],"predecessor-version":[{"id":69311,"href":"https:\/\/www.ludwig-van.com\/montreal\/wp-json\/wp\/v2\/posts\/69306\/revisions\/69311"}],"wp:featuredmedia":[{"embeddable":true,"href":"https:\/\/www.ludwig-van.com\/montreal\/wp-json\/wp\/v2\/media\/69309"}],"wp:attachment":[{"href":"https:\/\/www.ludwig-van.com\/montreal\/wp-json\/wp\/v2\/media?parent=69306"}],"wp:term":[{"taxonomy":"category","embeddable":true,"href":"https:\/\/www.ludwig-van.com\/montreal\/wp-json\/wp\/v2\/categories?post=69306"},{"taxonomy":"post_tag","embeddable":true,"href":"https:\/\/www.ludwig-van.com\/montreal\/wp-json\/wp\/v2\/tags?post=69306"},{"taxonomy":"yst_prominent_words","embeddable":true,"href":"https:\/\/www.ludwig-van.com\/montreal\/wp-json\/wp\/v2\/yst_prominent_words?post=69306"}],"curies":[{"name":"wp","href":"https:\/\/api.w.org\/{rel}","templated":true}]}}