{"id":69290,"date":"2022-02-01T16:42:15","date_gmt":"2022-02-01T21:42:15","guid":{"rendered":"https:\/\/www.ludwig-van.com\/montreal\/?p=69290"},"modified":"2022-02-01T16:43:54","modified_gmt":"2022-02-01T21:43:54","slug":"nouvelle-lopera-de-montreal-reporte-la-creation-de-la-beaute-du-monde-et-en-devoile-un-extrait","status":"publish","type":"post","link":"https:\/\/www.ludwig-van.com\/montreal\/2022\/02\/01\/nouvelle-lopera-de-montreal-reporte-la-creation-de-la-beaute-du-monde-et-en-devoile-un-extrait\/","title":{"rendered":"NOUVELLE | L&rsquo;Op\u00e9ra de Montr\u00e9al reporte la cr\u00e9ation de La beaut\u00e9 du monde (et en d\u00e9voile un extrait)"},"content":{"rendered":"<figure id=\"attachment_69293\" aria-describedby=\"caption-attachment-69293\" style=\"width: 1200px\" class=\"wp-caption alignnone\"><img decoding=\"async\" loading=\"lazy\" class=\"size-full wp-image-69293\" src=\"https:\/\/www.ludwig-van.com\/montreal\/wp-content\/uploads\/sites\/3\/2022\/02\/Sly-cover.jpg\" alt=\"Philippe Sly, baryton-basse. (Photo: courtoisie)\" width=\"1200\" height=\"628\" \/><figcaption id=\"caption-attachment-69293\" class=\"wp-caption-text\">Philippe Sly, baryton-basse. (Photo: courtoisie)<\/figcaption><\/figure>\n<h3>Bien que la r\u00e9ouverture des salles ait \u00e9t\u00e9 autoris\u00e9e par le gouvernement pour le 7 f\u00e9vrier, l&rsquo;Op\u00e9ra de Montr\u00e9al vient d&rsquo;annoncer le report de sa cr\u00e9ation, <em>La beaut\u00e9 du monde<\/em>, qui devait avoir lieu en mars prochain.<\/h3>\n<p>Selon le communiqu\u00e9, malgr\u00e9 la reprise des activit\u00e9s culturelles, \u00ab\u00a0il est impossible pour la compagnie d&rsquo;assurer ad\u00e9quatement la sant\u00e9 et la s\u00e9curit\u00e9 des 225 artistes, artisans et techniciens\u00a0\u00bb impliqu\u00e9s dans cette production qui aurait eu lieu au Th\u00e9\u00e2tre Maisonneuve du 19 mars au 2 avril. Le risque d&rsquo;infection est trop \u00e9lev\u00e9 pour autoriser des conditions de travail s\u00e9curitaires.<\/p>\n<p>La cr\u00e9ation de <em>La beaut\u00e9 du monde<\/em>, un op\u00e9ra de <strong>Julien Bilodeau<\/strong> sur un livret de <strong>Michel Marc Bouchard<\/strong>, aura plut\u00f4t lieu en novembre, dans le cadre de la prochaine saison.<\/p>\n<p>\u00ab Je tiens \u00e0 rassurer notre public : La beaut\u00e9 du monde sera pr\u00e9sent\u00e9e, affirme Patrick Corrigan, directeur g\u00e9n\u00e9ral de la compagnie. Il nous tarde de retrouver la pleine capacit\u00e9 de nos moyens et de pouvoir retourner sur la grande sc\u00e8ne, d\u00e8s que la situation sera jug\u00e9e raisonnablement s\u00e9curitaire pour des productions majeures. \u00bb<\/p>\n<p>C&rsquo;est une seconde annulation\/report \u00e0 survenir en quelques semaines pour l&rsquo;<strong>Op\u00e9ra de Montr\u00e9al<\/strong>, qui a d\u00e9j\u00e0 annul\u00e9 <em>La Traviata<\/em>, production qui aurait \u00e9t\u00e9 pr\u00e9sent\u00e9e ces jours-ci, en temps normal.<\/p>\n<p>Consolation: nous pouvons d\u00e9j\u00e0 d\u00e9couvrir un premier extrait musical de <em><strong>La beaut\u00e9 du monde<\/strong><\/em>, interpr\u00e9t\u00e9 par <strong>Philippe Sly<\/strong>, avec l&rsquo;<strong>Orchestre M\u00e9tropolitain<\/strong>. Tr\u00e8s prometteur!<\/p>\n<p>&nbsp;<\/p>\n<div class=\"jetpack-video-wrapper\">\n<div class=\"embed-vimeo\" style=\"text-align: center;\"><iframe loading=\"lazy\" src=\"https:\/\/player.vimeo.com\/video\/564637765\" width=\"640\" height=\"360\" frameborder=\"0\" webkitallowfullscreen mozallowfullscreen allowfullscreen><\/iframe><\/div>\n<\/div>\n<h2><em>Inscrivez-vous \u00e0 notre infolettre! La musique classique et l&rsquo;op\u00e9ra en 5 minutes, chaque jour<\/em> \u00a0<span style=\"color: #ff0000;\"><a style=\"color: #ff0000;\" href=\"https:\/\/ludwig-van.us9.list-manage.com\/subscribe?u=4f785cb3f9058f2393ccad035&amp;id=b9b160c032\" target=\"_blank\" rel=\"noopener noreferrer\">ICI\u00a0<\/a><\/span><\/h2>\n<p>&nbsp;<\/p>\n","protected":false},"excerpt":{"rendered":"<p>Bien que la r\u00e9ouverture des salles ait \u00e9t\u00e9 autoris\u00e9e par le gouvernement pour le 7 f\u00e9vrier, l&rsquo;Op\u00e9ra de Montr\u00e9al vient d&rsquo;annoncer le report de sa cr\u00e9ation, La beaut\u00e9 du monde, qui devait avoir lieu en mars prochain.<\/p>\n","protected":false},"author":51,"featured_media":69293,"comment_status":"open","ping_status":"open","sticky":false,"template":"","format":"standard","meta":{"om_disable_all_campaigns":false,"jetpack_post_was_ever_published":false},"categories":[42010,10956,10992,43],"tags":[42007,38551,2498,2642],"yst_prominent_words":[16146,18434,26557,10592,10538,10645,16404,10583,7694,6886,11556,15824,27557,8214,19971],"acf":[],"jetpack_featured_media_url":"https:\/\/www.ludwig-van.com\/montreal\/wp-content\/uploads\/sites\/3\/2022\/02\/Sly-cover.jpg","jetpack_sharing_enabled":true,"jetpack_shortlink":"https:\/\/wp.me\/p9bdYt-i1A","amp_enabled":true,"_links":{"self":[{"href":"https:\/\/www.ludwig-van.com\/montreal\/wp-json\/wp\/v2\/posts\/69290"}],"collection":[{"href":"https:\/\/www.ludwig-van.com\/montreal\/wp-json\/wp\/v2\/posts"}],"about":[{"href":"https:\/\/www.ludwig-van.com\/montreal\/wp-json\/wp\/v2\/types\/post"}],"author":[{"embeddable":true,"href":"https:\/\/www.ludwig-van.com\/montreal\/wp-json\/wp\/v2\/users\/51"}],"replies":[{"embeddable":true,"href":"https:\/\/www.ludwig-van.com\/montreal\/wp-json\/wp\/v2\/comments?post=69290"}],"version-history":[{"count":5,"href":"https:\/\/www.ludwig-van.com\/montreal\/wp-json\/wp\/v2\/posts\/69290\/revisions"}],"predecessor-version":[{"id":69297,"href":"https:\/\/www.ludwig-van.com\/montreal\/wp-json\/wp\/v2\/posts\/69290\/revisions\/69297"}],"wp:featuredmedia":[{"embeddable":true,"href":"https:\/\/www.ludwig-van.com\/montreal\/wp-json\/wp\/v2\/media\/69293"}],"wp:attachment":[{"href":"https:\/\/www.ludwig-van.com\/montreal\/wp-json\/wp\/v2\/media?parent=69290"}],"wp:term":[{"taxonomy":"category","embeddable":true,"href":"https:\/\/www.ludwig-van.com\/montreal\/wp-json\/wp\/v2\/categories?post=69290"},{"taxonomy":"post_tag","embeddable":true,"href":"https:\/\/www.ludwig-van.com\/montreal\/wp-json\/wp\/v2\/tags?post=69290"},{"taxonomy":"yst_prominent_words","embeddable":true,"href":"https:\/\/www.ludwig-van.com\/montreal\/wp-json\/wp\/v2\/yst_prominent_words?post=69290"}],"curies":[{"name":"wp","href":"https:\/\/api.w.org\/{rel}","templated":true}]}}