{"id":68304,"date":"2021-10-05T10:56:39","date_gmt":"2021-10-05T14:56:39","guid":{"rendered":"https:\/\/www.ludwig-van.com\/montreal\/?p=68304"},"modified":"2021-10-05T11:08:39","modified_gmt":"2021-10-05T15:08:39","slug":"entretien-alain-trudel-debut-dune-15e-saison-avec-lorchestre-symphonique-de-laval","status":"publish","type":"post","link":"https:\/\/www.ludwig-van.com\/montreal\/2021\/10\/05\/entretien-alain-trudel-debut-dune-15e-saison-avec-lorchestre-symphonique-de-laval\/","title":{"rendered":"ENTRETIEN | Alain Trudel: d\u00e9but d&rsquo;une 15e saison avec l&rsquo;Orchestre symphonique de Laval"},"content":{"rendered":"<figure id=\"attachment_68305\" aria-describedby=\"caption-attachment-68305\" style=\"width: 1200px\" class=\"wp-caption aligncenter\"><img decoding=\"async\" loading=\"lazy\" class=\"size-full wp-image-68305\" src=\"https:\/\/www.ludwig-van.com\/montreal\/wp-content\/uploads\/sites\/3\/2021\/10\/Alain-Trudel-OSL-new-cover.jpg\" alt=\"Alain Trudel f\u00eate cette ann\u00e9e ses 15 ans \u00e0 la t\u00eate de l'OSL. (Photo: courtoisie de l'OSL)\" width=\"1200\" height=\"628\" \/><figcaption id=\"caption-attachment-68305\" class=\"wp-caption-text\">Alain Trudel f\u00eate cette ann\u00e9e ses 15 ans \u00e0 la t\u00eate de l&rsquo;OSL. (Photo: courtoisie de l&rsquo;OSL)<\/figcaption><\/figure>\n<h3><span style=\"color: #999999;\"><strong>Alain Trudel<\/strong> f\u00eate d\u00e9j\u00e0 ses 15 ans \u00e0 la t\u00eate de l&rsquo;<strong>Orchestre symphonique de Laval<\/strong>. Demain, l&rsquo;orchestre lance sa saison 2021-2022 avec le concert Baroque en f\u00eate, \u00e0 la salle Andr\u00e9-Mathieu. Le chef nous parle des concerts \u00e0 venir pour cette premi\u00e8re moiti\u00e9 de saison.<\/span><\/h3>\n<p>\u00ab\u00a0Pour le 10e anniversaire de ma pr\u00e9sence \u00e0 l&rsquo;OSL, on avait beaucoup parl\u00e9 de moi, j&rsquo;avais jou\u00e9 un concerto \u00e9crit pour moi, on m&rsquo;amen\u00e9 un g\u00e2teau, et ainsi de suite, dit <strong>Alain Trudel.<\/strong> Je trouvais que c&rsquo;\u00e9tait trop centr\u00e9 sur moi, alors pour le 15e, ce que je veux, c&rsquo;est de la cr\u00e9ation, des artistes qu\u00e9b\u00e9cois, et mettre nos musiciens \u00e0 l&rsquo;avant-sc\u00e8ne. Je veux leur dire bravo, merci, vous \u00eates fantastiques. Depuis le 10e anniversaire, nous avons fait plusieurs disques et je les pousse beaucoup. Ils ne demandent que \u00e7a! Il y a une confiance qui s&rsquo;\u00e9tablit avec le temps, et ils savent que si je leur propose ces projets, c&rsquo;est parce que je sais qu&rsquo;ils sont capables de relever le d\u00e9fi. \u00bb<\/p>\n<p>&nbsp;<\/p>\n<figure id=\"attachment_54921\" aria-describedby=\"caption-attachment-54921\" style=\"width: 1024px\" class=\"wp-caption aligncenter\"><img decoding=\"async\" loading=\"lazy\" class=\"size-full wp-image-54921\" src=\"https:\/\/www.ludwig-van.com\/montreal\/wp-content\/uploads\/sites\/3\/2018\/06\/Luc-Beause\u0301jour-refaite.jpg\" alt=\"Luc Beaus\u00e9jour\" width=\"1024\" height=\"943\" srcset=\"https:\/\/www.ludwig-van.com\/montreal\/wp-content\/uploads\/sites\/3\/2018\/06\/Luc-Beause\u0301jour-refaite.jpg 1024w, https:\/\/www.ludwig-van.com\/montreal\/wp-content\/uploads\/sites\/3\/2018\/06\/Luc-Beause\u0301jour-refaite-300x276.jpg 300w, https:\/\/www.ludwig-van.com\/montreal\/wp-content\/uploads\/sites\/3\/2018\/06\/Luc-Beause\u0301jour-refaite-768x707.jpg 768w\" sizes=\"(max-width: 1024px) 100vw, 1024px\" \/><figcaption id=\"caption-attachment-54921\" class=\"wp-caption-text\">Luc Beaus\u00e9jour. (Photo : courtoisie)<\/figcaption><\/figure>\n<h2>Baroque en f\u00eate<\/h2>\n<p>Pour le concert Baroque en f\u00eate, demain soir, l&rsquo;OSL a invit\u00e9 <strong>Luc Beaus\u00e9jour<\/strong> \u00e0 jouer de l&rsquo;orgue et du clavecin. Haendel sera \u00e0 l&rsquo;honneur. Au programme: la Water Music, Music for the Royal Fireworks et le Concerto en fa majeur, op.4, no 4.<\/p>\n<p>\u00ab Il y a trois ans, nous avons fait le<em> Messie<\/em> dans une interpr\u00e9tation tr\u00e8s baroque, et Antoine Bareil, notre violon solo, est tr\u00e8s s\u00e9rieux dans cette d\u00e9marche. Nous avons aussi pouss\u00e9 en ce sens quand nous avons \u00e9t\u00e9 invit\u00e9s \u00e0 participer \u00e0 l&rsquo;int\u00e9grale des Cantates de Bach \u00e0 la salle Bourgie. Nous ne sommes pas un ensemble sp\u00e9cialis\u00e9 dans le baroque, mais les ensembles baroques sortent eux-m\u00eames de leur zone de confort et jouent maintenant de la musique romantique. Ce qui se passe, c&rsquo;est que la formation dans les \u00e9coles est tellement bon que les nouveaux membres de notre orchestre qui arrivent ont d\u00e9j\u00e0 une formation pour interpr\u00e9ter le baroque. En invitant un sp\u00e9cialiste comme Luc Beaus\u00e9jour, cela nous pousse encore plus dans cette direction, et il ne jouera pas seulement son concerto, mais jouera dans les autres pi\u00e8ces avec nous. \u00bb<\/p>\n<h2>Concert les 15 ans d&rsquo;Alain<\/h2>\n<p>Le programme du 2 novembre soulignera les 15 ans d&rsquo;Alain Trudel comme directeur artistique de l&rsquo;OSL. On pourra entendre, en premi\u00e8re mondiale, le Concerto pour fl\u00fbte d&rsquo;Airat Ichmouratov, les <em>Danses de Gal\u00e1nta<\/em>, de Kod\u00e1ly, et les <em>M\u00e9tamorphoses symphonique sur un th\u00e8me de Carl Maria von Weber<\/em>, de Hindemith.<\/p>\n<p>\u00ab\u00a0Le Concerto pour fl\u00fbte d&rsquo;<strong>Airat Ichmouratov<\/strong>, cela fait deux ans qu&rsquo;on veut le faire avec <strong>Robert Langevin<\/strong>. On ram\u00e8ne chez nous un artiste qui fait une belle carri\u00e8re \u00e0 l&rsquo;\u00e9tranger, comme fl\u00fbte solo du New York Philharmonic. Le fait que ce soit un concerto d&rsquo;un compositeur d&rsquo;ici, avec un soliste d&rsquo;ici, je suis tr\u00e8s content. Pour le reste du programme, je voulais un v\u00e9hicule pour mettre en valeur toutes les sections de l&rsquo;orchestre. Les M\u00e9tamorphoses symphoniques, en gros, c&rsquo;est un peu un concerto pour orchestre. C&rsquo;est une fa\u00e7on de donner le devant de la sc\u00e8ne \u00e0 tout le monde. J&rsquo;aime beaucoup cette \u0153uvre. Les gens vont repartir en se disant qu&rsquo;ils ont entendu tout le monde.\u00a0\u00bb<\/p>\n<h2>J&rsquo;aime l&rsquo;hiver!<\/h2>\n<p>Le 15 d\u00e9cembre, l&rsquo;OSL pr\u00e9sente J&rsquo;aime l&rsquo;hiver, un tr\u00e8s beau programme autour de la saison froide, qui nous mettra dans l&rsquo;ambiance des f\u00eates avec la <em>Suite folklorique<\/em>, d&rsquo;Andr\u00e9 Jutras, des extraits de <em>Casse-Noisette<\/em>, de Tcha\u00efkovski, et <em>Le Chandail de hockey<\/em>, d&rsquo;Abigail Richardson, sur le conte musical de Roch Carrier, qui sera sur place comme narrateur!<\/p>\n<p>\u00ab J&rsquo;ai fait la cr\u00e9ation du Chandail de hockey, il y a une dizaine d&rsquo;ann\u00e9es et je l&rsquo;ai dirig\u00e9 une quinzaine de fois, et c&rsquo;est vraiment int\u00e9ressant. La narration est amusante car il y a de l&rsquo;action. Il y a une petite partie de hockey devant la sc\u00e8ne. \u00c7a va \u00eatre un concert qui nous ressemble, pas un concert de No\u00ebl g\u00e9n\u00e9rique. \u00bb<\/p>\n<p>En plus de ces trois grands concerts, l&rsquo;OSL poursuivra sa s\u00e9rie des chambristes avec deux r\u00e9citals, soit Autriche chambr\u00e9e de Haydn \u00e0 Mozart, le 23 octobre, et Le trombone baroque, le 27 novembre, \u00e0 l&rsquo;\u00e9glise Saint-Maurice de Duvernay.<\/p>\n<p>Pour d&rsquo;autres d\u00e9tails sur la premi\u00e8re moiti\u00e9 de la saison 2021-2022 de l&rsquo;<strong>Orchestre symphonique de Laval,<\/strong> ou pour acheter des billets, <a href=\"https:\/\/www.osl.ca\/saison-automne-2021\" target=\"_blank\" rel=\"noopener\">visitez leur site web.\u00a0<\/a><\/p>\n<h2><em>Inscrivez-vous \u00e0 notre infolettre! La musique classique et l&rsquo;op\u00e9ra en 5 minutes, chaque jour<\/em> \u00a0<span style=\"color: #ff0000;\"><a style=\"color: #ff0000;\" href=\"https:\/\/ludwig-van.us9.list-manage.com\/subscribe?u=4f785cb3f9058f2393ccad035&amp;id=b9b160c032\" target=\"_blank\" rel=\"noopener noreferrer\">ICI\u00a0<\/a><\/span><\/h2>\n","protected":false},"excerpt":{"rendered":"<p>Alain Trudel f\u00eate d\u00e9j\u00e0 ses 15 ans \u00e0 la t\u00eate de l&rsquo;Orchestre symphonique de Laval. Demain, l&rsquo;orchestre lance sa saison 2021-2022 avec le concert Baroque en f\u00eate, \u00e0 la salle Andr\u00e9-Mathieu. Le chef nous parle des concerts \u00e0 venir pour cette premi\u00e8re moiti\u00e9 de saison.<\/p>\n","protected":false},"author":51,"featured_media":68305,"comment_status":"open","ping_status":"open","sticky":false,"template":"","format":"standard","meta":{"om_disable_all_campaigns":false,"jetpack_post_was_ever_published":false},"categories":[41122,10956,10998],"tags":[41124,7376,5986,13571],"yst_prominent_words":[21874,8651,10248,13795,11111,28160,14774,10717],"acf":[],"jetpack_featured_media_url":"https:\/\/www.ludwig-van.com\/montreal\/wp-content\/uploads\/sites\/3\/2021\/10\/Alain-Trudel-OSL-new-cover.jpg","jetpack_sharing_enabled":true,"jetpack_shortlink":"https:\/\/wp.me\/p9bdYt-hLG","amp_enabled":true,"_links":{"self":[{"href":"https:\/\/www.ludwig-van.com\/montreal\/wp-json\/wp\/v2\/posts\/68304"}],"collection":[{"href":"https:\/\/www.ludwig-van.com\/montreal\/wp-json\/wp\/v2\/posts"}],"about":[{"href":"https:\/\/www.ludwig-van.com\/montreal\/wp-json\/wp\/v2\/types\/post"}],"author":[{"embeddable":true,"href":"https:\/\/www.ludwig-van.com\/montreal\/wp-json\/wp\/v2\/users\/51"}],"replies":[{"embeddable":true,"href":"https:\/\/www.ludwig-van.com\/montreal\/wp-json\/wp\/v2\/comments?post=68304"}],"version-history":[{"count":6,"href":"https:\/\/www.ludwig-van.com\/montreal\/wp-json\/wp\/v2\/posts\/68304\/revisions"}],"predecessor-version":[{"id":68311,"href":"https:\/\/www.ludwig-van.com\/montreal\/wp-json\/wp\/v2\/posts\/68304\/revisions\/68311"}],"wp:featuredmedia":[{"embeddable":true,"href":"https:\/\/www.ludwig-van.com\/montreal\/wp-json\/wp\/v2\/media\/68305"}],"wp:attachment":[{"href":"https:\/\/www.ludwig-van.com\/montreal\/wp-json\/wp\/v2\/media?parent=68304"}],"wp:term":[{"taxonomy":"category","embeddable":true,"href":"https:\/\/www.ludwig-van.com\/montreal\/wp-json\/wp\/v2\/categories?post=68304"},{"taxonomy":"post_tag","embeddable":true,"href":"https:\/\/www.ludwig-van.com\/montreal\/wp-json\/wp\/v2\/tags?post=68304"},{"taxonomy":"yst_prominent_words","embeddable":true,"href":"https:\/\/www.ludwig-van.com\/montreal\/wp-json\/wp\/v2\/yst_prominent_words?post=68304"}],"curies":[{"name":"wp","href":"https:\/\/api.w.org\/{rel}","templated":true}]}}