{"id":67418,"date":"2021-08-18T19:00:23","date_gmt":"2021-08-18T23:00:23","guid":{"rendered":"https:\/\/www.ludwig-van.com\/montreal\/?p=67418"},"modified":"2021-08-18T19:06:20","modified_gmt":"2021-08-18T23:06:20","slug":"entrevue-prix-michael-measures-2021","status":"publish","type":"post","link":"https:\/\/www.ludwig-van.com\/montreal\/2021\/08\/18\/entrevue-prix-michael-measures-2021\/","title":{"rendered":"ENTREVUE | Une rencontre avec les laur\u00e9ats du prix Michael-Measures 2021"},"content":{"rendered":"<h3><strong style=\"color: #999999;\">David Liam Roberts et Robert\u00a0Conquer remportent le prix Michael-Measures\u00a02021.<\/strong><\/h3>\n<figure id=\"attachment_67420\" aria-describedby=\"caption-attachment-67420\" style=\"width: 1200px\" class=\"wp-caption aligncenter\"><img decoding=\"async\" loading=\"lazy\" class=\"size-full wp-image-67420\" src=\"https:\/\/www.ludwig-van.com\/montreal\/wp-content\/uploads\/sites\/3\/2021\/08\/ENTREVUE-NYO-Canada-feature-image-1.jpg\" alt=\"David Liam Roberts (Photo: Simeon Rusnak); Robert Conquer (Photo: Shayne Gray)\" width=\"1200\" height=\"628\" \/><figcaption id=\"caption-attachment-67420\" class=\"wp-caption-text\">David Liam Roberts (Photo: Simeon Rusnak); Robert Conquer (Photo: Shayne Gray)<\/figcaption><\/figure>\n<p>Les laur\u00e9ats des prix <strong>Michael-Measures 2021<\/strong> du Conseil des arts du Canada ont \u00e9t\u00e9 annonc\u00e9s. <strong>David Liam Roberts<\/strong> a remport\u00e9 le premier prix (25 000 $) et le deuxi\u00e8me prix est d\u00e9cern\u00e9 \u00e0 <strong>Robert Conquer<\/strong> (15 000 $).<\/p>\n<p>Le prix Michael-Measures vise \u00e0 reconna\u00eetre de jeunes musiciens canadiens prometteurs, de 16 \u00e0 34 ans, inscrits au programme de formation estivale de l\u2019<strong>Orchestre national des jeunes du Canada<\/strong>, commandit\u00e9 cette ann\u00e9e par la Fondation RBC. Le prix Michael-Measures a \u00e9t\u00e9 lanc\u00e9 en 2011 et compte, parmi ses laur\u00e9ats pass\u00e9s, le violoniste <strong>Blake Pouliot<\/strong> (2013) et le violoncelliste <strong>Daniel Hass<\/strong> (2016).<\/p>\n<p>Nous nous sommes entretenus avec le violoncelliste <strong>David Liam Roberts<\/strong> et avec le tromboniste <strong>Robert Conquer<\/strong> pour leur poser quelques questions au sujet du concours et de leur carri\u00e8re. Tous les deux se sentent tout \u00e0 fait \u00e0 l\u2019aise sur le podium : M. Roberts a remport\u00e9 la deuxi\u00e8me place du prix Michael-Measures l\u2019an dernier avec un tout autre jury, alors que M. Conquer a remport\u00e9 le premier prix du concours 2020 de l\u2019OSM dans la cat\u00e9gorie des cuivres.<\/p>\n<p><strong>Vous participez au programme estival de formation de NYO depuis 2019. Parlez-nous de la fa\u00e7on dont l\u2019exp\u00e9rience a chang\u00e9 pendant la pand\u00e9mie de la COVID. Avez-vous trouv\u00e9 qu\u2019il s\u2019agissait d\u2019un bon moyen de garder le contact avec d\u2019autres jeunes musiciens?<\/strong><\/p>\n<p><strong>RC<\/strong> : Les particularit\u00e9s de l\u2019exp\u00e9rience de NYO Canada ont chang\u00e9, mais la qualit\u00e9 de l\u2019exp\u00e9rience, dans son ensemble, est demeur\u00e9e la m\u00eame, toujours sup\u00e9rieure, comme avant le d\u00e9but de la pand\u00e9mie de la COVID. Bien que les r\u00e9p\u00e9titions en orchestre aient \u00e9t\u00e9 remplac\u00e9es par de nouveaux s\u00e9minaires, je dirais que l\u2019exp\u00e9rience ne s\u2019est nullement amoindrie \u2013 simplement qu\u2019elle a chang\u00e9. Les s\u00e9ances pr\u00e9sent\u00e9es par NYO Canada ont \u00e9t\u00e9 tr\u00e8s enrichissantes et me donnent h\u00e2te de voir ce que pourra faire et ce que fera le monde de la musique \u00e0 partir de maintenant.<\/p>\n<p>Reprendre contact avec d\u2019autres jeunes musiciens canadiens pendant la pand\u00e9mie a \u00e9t\u00e9 une exp\u00e9rience pr\u00e9cieuse pour moi, surtout que j\u2019ai pass\u00e9 la majorit\u00e9 de mon ann\u00e9e aux \u00e9tudes aux \u00c9tats-Unis L\u2019occasion de rencontrer de jeunes musiciens canadiens, de les entendre et d\u2019apprendre \u00e0 leurs c\u00f4t\u00e9s constitue une grande source d\u2019inspiration. Les liens forg\u00e9s me font me sentir chez moi, m\u00eame si je suis au loin.<\/p>\n<p><strong>DLR<\/strong> : Bien s\u00fbr, il n\u2019existe rien de mieux que de jouer en orchestre, en personne, mais je crois que NYO Canada a fait un excellent travail en programmant les s\u00e9ances en ligne en 2020 et 2021. NYO a offert aux membres de l\u2019orchestre des cours particuliers et des cours de ma\u00eetre pour plusieurs instruments, ainsi que des ateliers pr\u00e9sent\u00e9s par des conf\u00e9renciers invit\u00e9s sur toute une gamme de sujets d\u2019importance, comme le marketing num\u00e9rique et la sant\u00e9 mentale.<\/p>\n<p>De plus, il a \u00e9t\u00e9 si agr\u00e9able de se rassembler en groupe pour les ateliers en ligne et ainsi d\u2019avoir l\u2019impression de faire partie d\u2019une collectivit\u00e9, d\u2019un orchestre. J\u2019ai quand m\u00eame bien h\u00e2te que nous nous rassemblions en personne, en orchestre.<\/p>\n<p>&nbsp;<\/p>\n<div class=\"jetpack-video-wrapper\"><span class=\"embed-youtube\" style=\"text-align:center; display: block;\"><iframe loading=\"lazy\" class=\"youtube-player\" width=\"640\" height=\"360\" src=\"https:\/\/www.youtube.com\/embed\/EOBdv3pTexA?version=3&#038;rel=1&#038;showsearch=0&#038;showinfo=1&#038;iv_load_policy=1&#038;fs=1&#038;hl=fr-FR&#038;autohide=2&#038;wmode=transparent\" allowfullscreen=\"true\" style=\"border:0;\" sandbox=\"allow-scripts allow-same-origin allow-popups allow-presentation\"><\/iframe><\/span><\/div>\n<p>&nbsp;<\/p>\n<p><strong>Comment s\u2019est d\u00e9roul\u00e9e votre exp\u00e9rience d\u2019audition virtuelle pour le concours du prix Michael-Measures? Comment vous \u00eates-vous pr\u00e9par\u00e9s? Avez-vous fait les choses diff\u00e9remment que si les auditions s\u2019\u00e9taient d\u00e9roul\u00e9es en personne?<\/strong><\/p>\n<p><strong>RC<\/strong> : La pr\u00e9paration en vue de l\u2019audition pour le prix Michael-Measures 2021 a \u00e9t\u00e9 une exp\u00e9rience unique en son genre, pour une ann\u00e9e qui l\u2019a \u00e9t\u00e9 tout autant!<\/p>\n<p>Sur papier, l\u2019exp\u00e9rience n\u2019\u00e9tait pas particuli\u00e8rement diff\u00e9rente de celles que j\u2019ai v\u00e9cues auparavant pour ce prix : nous devions enregistrer plusieurs pi\u00e8ces mettant en valeur notre aptitude \u00e0 jouer de la musique de diff\u00e9rentes p\u00e9riodes.<\/p>\n<p>Mais \u00e0 cause de la pand\u00e9mie, de nombreux d\u00e9fis se sont dress\u00e9s : trouver un lieu pour l\u2019enregistrement malgr\u00e9 les restrictions, r\u00e9p\u00e9ter en toute s\u00e9curit\u00e9 avec un pianiste avant l\u2019enregistrement, et plus encore. Pour ces d\u00e9fis particuliers, je tiens \u00e0 mentionner ceux et celles qui m\u2019ont appuy\u00e9 dans tout le processus. La St Andrews United Church de Toronto a \u00e9t\u00e9 extraordinaire et m\u2019a fourni de l\u2019espace o\u00f9 r\u00e9p\u00e9ter et enregistrer en respectant les lignes directrices provinciales, et l\u2019incroyable pianiste Victor Cheng a su m\u2019inspirer constamment avec son professionnalisme, sa patience et sa musicalit\u00e9.<\/p>\n<p><strong>DLR<\/strong> : Le prix Michael-Measures est en fait toujours d\u00e9cern\u00e9 en fonction d\u2019une demande et d\u2019une audition en ligne, m\u00eame sans pand\u00e9mie.<\/p>\n<p>Ainsi, faire la demande pour le prix MM de cette ann\u00e9e n\u2019a \u00e9t\u00e9 aucunement diff\u00e9rent! Je note toutefois l\u2019impossibilit\u00e9 de jouer un concerto en soliste avec NYO pendant l\u2019\u00e9t\u00e9.<\/p>\n<p>Dans la m\u00eame veine, comment vous \u00eates-vous adapt\u00e9s \u00e0 la pand\u00e9mie de la COVID dans l\u2019ensemble?<\/p>\n<p><strong>RC<\/strong> : Sur le plan musical, je me suis adapt\u00e9 \u00e0 la pand\u00e9mie de la COVID en profitant pleinement de cette p\u00e9riode pour r\u00e9p\u00e9ter et enregistrer autant que possible. Bien que des difficult\u00e9s se soient r\u00e9v\u00e9l\u00e9es de temps \u00e0 autre, j\u2019ai tent\u00e9 de garder l\u2019\u0153il sur mes objectifs en me concentrant sur ma musique, ma sant\u00e9 mentale, mes relations avec les autres, mes \u00e9tudes et mon travail.<\/p>\n<p><strong>DLR<\/strong> : J\u2019ai l\u2019impression que mon retour dans ma ville natale de Winnipeg \u00e0 cause de la pand\u00e9mie m\u2019a vraiment fait consid\u00e9rer les Prairies comme mon \u00ab chez-moi \u00bb. Aussi, c\u2019est pendant la pand\u00e9mie que je me suis pench\u00e9 davantage sur mon patrimoine de M\u00e9tis de la rivi\u00e8re Rouge, et cet apprentissage s\u2019est concr\u00e9tis\u00e9 en une croissance personnelle. J\u2019ai l\u2019impression d\u2019avoir d\u00e9couvert une importante partie de mon identit\u00e9, ce que j\u2019ai trouv\u00e9 tr\u00e8s humanisant.<\/p>\n<p>Je suis \u00e9galement reconnaissant d\u2019avoir pu me produire pendant presque toute la pand\u00e9mie, surtout par le biais de concerts enregistr\u00e9s. \u00c0 l\u2019automne 2020, alors que la Nouvelle-\u00c9cosse ne comptait presque aucun cas et que les concerts en personnes \u00e9taient redevenus possibles, je me suis produit dans un r\u00e9cital pr\u00e9sent\u00e9 par Cecilia Concerts \u00e0 Halifax avec ma partenaire-duettiste, LaLa Lee. Jusqu\u2019ici en 2121, j\u2019ai jou\u00e9 dans le cadre de concerts enregistr\u00e9s \u00e0 Winnipeg et pr\u00e9sent\u00e9s par Virtuosi Concerts et le Women\u2019s Musical Club de Winnipeg. J\u2019ai de plus fait une apparition de soliste avec le Winnipeg Symphony Orchestra sous la direction du maestro Daniel Raiskin.<\/p>\n<p>Le fait d\u2019avoir pu me produire en concert pendant la pand\u00e9mie, m\u00eame s\u2019il ne s\u2019agissait que d\u2019enregistrements, a rendu les 18 derniers mois beaucoup plus agr\u00e9ables.<\/p>\n<p><strong>Qu\u2019avez-vous tir\u00e9 du programme de formation estival NYO Canada et du concours pour le prix? Si vous pouviez tout r\u00e9sumer en quelques mots, que diriez-vous que vous avez tir\u00e9 de cette exp\u00e9rience?<\/strong><\/p>\n<p><strong>RC<\/strong> : Pendant NYO Canada en version virtuelle, nos horaires se sont remplis d\u2019excellents s\u00e9minaires accessibles, des pr\u00e9sentations pertinentes et pr\u00e9cieuses pour les musiciens du 21e si\u00e8cle, comme les ateliers \u00ab Audio Capture and Postproduction \u00bb de Denis Martin. Ce type de programme, en plus des cours habituels, des le\u00e7ons et du mentorat des fantastiques enseignants et enseignantes de NYO, a donn\u00e9 une impression de normalit\u00e9 pendant cette p\u00e9riode si aberrante.<\/p>\n<p>&nbsp;<\/p>\n<blockquote><p>Le concours pour le prix Michael-Measures m\u2019a rendu encore plus sensible \u00e0 ceux et celles qui m\u2019appuient et qui appuient ma carri\u00e8re. Sans leur aide, rien de cela n\u2019aurait pu se produire. &#8211; Robert Conquer<\/p><\/blockquote>\n<p>&nbsp;<\/p>\n<p><strong>DLR<\/strong> : Ma participation \u00e0 NYO en 2019 a \u00e9t\u00e9 l\u2019une des exp\u00e9riences les plus transformatrices de toute ma vie. Je n\u2019oublierai jamais la sensation de jouer la Symphonie no 5 de Mahler et la Suite <em>Rom\u00e9o et Juliette<\/em> de Prokofiev et d\u2019avoir l\u2019impression que chaque membre de l\u2019orchestre (mes amis, mes pairs) ressent et exprime les m\u00eames \u00e9motions que moi, que nous sommes r\u00e9ellement unis, d\u2019une fa\u00e7on riche et diversifi\u00e9e. Cet \u00e9t\u00e9, je suis tomb\u00e9 amoureux de la musique orchestrale et de la fa\u00e7on dont elle devient si \u00e9mouvante lorsque le chef d\u2019orchestre et les musiciens et musiciennes sont tous profond\u00e9ment inspir\u00e9s par la musique et engag\u00e9s \u00e0 son \u00e9gard.<\/p>\n<p>NYO m\u2019a \u00e9galement donn\u00e9 une exp\u00e9rience sans prix de leadership au sein d\u2019un orchestre. C\u2019est un r\u00f4le que j\u2019aspire \u00e0 jouer dans un orchestre professionnel \u00e0 l\u2019avenir.<\/p>\n<p><strong>Vous attendez-vous \u00e0 ce que cette victoire stimule votre carri\u00e8re au cours des mois qui viennent, alors que recommencent les concerts en personne?<\/strong><\/p>\n<p><strong>RC<\/strong> : Je m\u2019attends \u00e0 ce que cette victoire aide \u00e0 stimuler ma carri\u00e8re de nombreuses fa\u00e7ons, notamment \u00e0 cause de la publicit\u00e9 accrue, d\u2019occasions accrues de me produire, et de la bourse m\u00eame. J\u2019utiliserai ce financement pour faire avancer mon \u00e9ducation et ma croissance musicales, et il sera utile pour les co\u00fbts associ\u00e9s aux d\u00e9placements en vue de passer des auditions orchestrales lorsque celles-ci reprendront.<\/p>\n<p><strong>DLR<\/strong> : Je l\u2019esp\u00e8re! Mon r\u00eave est de me produire r\u00e9guli\u00e8rement au Canada et \u00e0 l\u2019\u00e9tranger, et je crois que le prix Michael-Measures est maintenant largement reconnu comme un prix prestigieux. Il suffit de regarder le calibre des gagnants pr\u00e9c\u00e9dents, des gens que j\u2019admire depuis des ann\u00e9es!<\/p>\n<p>Ayant obtenu une bonne part de succ\u00e8s dans les concours musicaux r\u00e9cemment (et nous vous en f\u00e9licitons!), auriez-vous des conseils \u00e0 prodiguer \u00e0 ceux et celles qui envisagent d\u2019y participer \u00e0 l\u2019avenir?<\/p>\n<p><strong>RC<\/strong> : Merci beaucoup! J\u2019ai vraiment l\u2019impression qu\u2019une grande partie de mon succ\u00e8s de la derni\u00e8re ann\u00e9e est venue de mon \u00e9tape de pr\u00e9paration : jouer ma musique pour autant de gens que possible. Il est toujours avantageux de recueillir toute une gamme d\u2019impressions et d\u2019approches vari\u00e9es. Apr\u00e8s avoir accumul\u00e9 une tonne d\u2019impressions des autres, il devient possible de choisir celles qui fonctionnent le mieux pour vous. Cette approche a \u00e9galement port\u00e9 ses fruits pour moi \u00e0 titre de joueur de trombone : r\u00e9p\u00e9ter chaque pi\u00e8ce m\u2019a aid\u00e9 \u00e0 renforcer mon endurance, ce qui est n\u00e9cessaire pour enregistrer en toute confiance des pi\u00e8ces plus difficiles, comme le Concerto pour trompette de Tomasi.<\/p>\n<p>&nbsp;<\/p>\n<blockquote><p>Il y a une chose qui me revient toujours \u00e0 l\u2019esprit : n\u2019aie pas peur de montrer ta personnalit\u00e9. Montre qui tu es en tant qu\u2019artiste et pr\u00e9sente-toi de fa\u00e7on authentique et honn\u00eate. &#8211; David Liam Roberts<\/p><\/blockquote>\n<p>&nbsp;<\/p>\n<p><strong>Alors que vous commencez \u00e0 pr\u00e9senter de nouveaux concerts en personne, comment vous sentez-vous sur sc\u00e8ne, devant un public, apr\u00e8s tant de temps?<\/strong><\/p>\n<p><strong>RC<\/strong> : R\u00e9cemment, j\u2019ai fait partie d\u2019un ch\u0153ur de trombones en plein air avec la section des trombones du Weston Silver Band, devant un public, et j\u2019\u00e9tais tellement emball\u00e9! Me produire devant un public \u00e9tait une exp\u00e9rience \u00e0 la fois si famili\u00e8re et si exaltante! Et puis je n\u2019avais pas ressenti ce plaisir depuis bien plus d\u2019un an. J\u2019ai h\u00e2te de me produire avec d\u2019autres et devant d\u2019autres au cours des mois qui viennent!<\/p>\n<p><strong>DLR<\/strong> : C\u2019est exaltant! Gagner ma vie sur sc\u00e8ne, c\u2019est mon r\u00eave, ma passion. Pendant le r\u00e9cital de Cecilia Concerts \u00e0 Halifax en novembre dernier, mon premier concert en personne depuis f\u00e9vrier 2020, l\u2019enthousiasme de tous les gens pr\u00e9sents dans la salle \u00e9tait manifeste. Tout le monde avait faim de musique en personne et l\u2019on ressentait l\u2019affection sinc\u00e8re que chacun portait \u00e0 la musique et la satisfaction qu\u2019elle apportait. L\u2019une des exp\u00e9riences artistiques les plus puissantes que j\u2019aie v\u00e9cu.<\/p>\n<p><strong>\u00c0 titre de musiciens, qu\u2019est-ce qui vous inspire?<\/strong><\/p>\n<p><strong>RC<\/strong> : Je tire mon inspiration personnelle des diff\u00e9rents musiciens et musiciennes que je rencontre au Canada et aux \u00c9tats-Unis. Leur v\u00e9cu, leur personnalit\u00e9, leur jeu, leur \u00e9thique du travail et leur minutie m\u2019inspirent constamment.<\/p>\n<p>Mon inspiration professionnelle me vient de grands trombonistes et solistes d\u2019orchestre des quatre coins du monde, comme Joseph Alessi, J\u00f6rgen van Rijen, et mes enseignants Nitzan Haroz et Matthew Vaughn qui r\u00e9ussissent \u00e0 \u00e9quilibrer une carri\u00e8re orchestrale bien remplie et des carri\u00e8res gratifiantes de solistes, de musiciens de chambre et d\u2019enseignants.<\/p>\n<p><strong>DLR<\/strong> : Forger des liens avec les gens en discutant, ressentir un lien \u00e9motif avec les gens \u2013 il n\u2019y a rien de tel. Je cherche \u00e0 cr\u00e9er un lien semblable avec chaque membre du public devant moi, chaque fois que je me produis.<\/p>\n<p>Regarder d\u2019autres artistes cr\u00e9er leur propre musique authentique qui vient du c\u0153ur. En tant que musicien, l\u2019honn\u00eatet\u00e9 et l\u2019authenticit\u00e9 sont plus importantes que tout pour moi.<\/p>\n<p>Tous mes enseignants et mentors ont form\u00e9 la personne que je suis devenue, particuli\u00e8rement mes professeurs bien-aim\u00e9s \u00e0 l\u2019\u00c9cole Glenn Gould, Hans J\u00f8rgen Jensen et Andr\u00e9s D\u00edaz, qui m\u2019ont toujours inspir\u00e9 \u00e0 atteindre de plus hauts sommets.<\/p>\n<p>Vos prochaines \u00e9tapes? Avez-vous d\u2019autres concours ou grands projets en perspective?<\/p>\n<p><strong>RC<\/strong> : Je suis emball\u00e9 de retourner bient\u00f4t \u00e0 Philadelphie pour commencer ma quatri\u00e8me ann\u00e9e \u00e0 Curtis! Et en regardant encore plus loin, j\u2019ai bien h\u00e2te de me produire avec l\u2019OCNA et l\u2019OSM pendant les saisons 2021\/2022. J\u2019attends aussi avec impatience mon r\u00e9cital de remise des dipl\u00f4mes au printemps!<\/p>\n<p><strong>DLR<\/strong> : Le 18 septembre, je me produirai dans le cadre de la premi\u00e8re ronde du concours Eckhardt-Gramatt\u00e9.<\/p>\n<p>De plus, j\u2019ai plusieurs concerts emballants en perspective pour les quelques prochaines saisons, mais je n\u2019ai pas la permission d\u2019en parler pour l\u2019instant!<\/p>\n","protected":false},"excerpt":{"rendered":"<p>Les laur\u00e9ats des prix Michael-Measures 2021 du Conseil des arts du Canada ont \u00e9t\u00e9 annonc\u00e9s. David Liam Roberts a remport\u00e9 le premier prix (25 000 $) et le deuxi\u00e8me prix est d\u00e9cern\u00e9 \u00e0 Robert Conquer (15 000 $).<\/p>\n","protected":false},"author":64,"featured_media":67420,"comment_status":"open","ping_status":"open","sticky":false,"template":"","format":"standard","meta":{"om_disable_all_campaigns":false,"jetpack_post_was_ever_published":false},"categories":[41122,27334,10998],"tags":[41124,15361,41999,39862,39861,41998],"yst_prominent_words":[10699,33098,9857,39843,40903],"acf":[],"jetpack_featured_media_url":"https:\/\/www.ludwig-van.com\/montreal\/wp-content\/uploads\/sites\/3\/2021\/08\/ENTREVUE-NYO-Canada-feature-image-1.jpg","jetpack_sharing_enabled":true,"jetpack_shortlink":"https:\/\/wp.me\/p9bdYt-hxo","amp_enabled":true,"_links":{"self":[{"href":"https:\/\/www.ludwig-van.com\/montreal\/wp-json\/wp\/v2\/posts\/67418"}],"collection":[{"href":"https:\/\/www.ludwig-van.com\/montreal\/wp-json\/wp\/v2\/posts"}],"about":[{"href":"https:\/\/www.ludwig-van.com\/montreal\/wp-json\/wp\/v2\/types\/post"}],"author":[{"embeddable":true,"href":"https:\/\/www.ludwig-van.com\/montreal\/wp-json\/wp\/v2\/users\/64"}],"replies":[{"embeddable":true,"href":"https:\/\/www.ludwig-van.com\/montreal\/wp-json\/wp\/v2\/comments?post=67418"}],"version-history":[{"count":4,"href":"https:\/\/www.ludwig-van.com\/montreal\/wp-json\/wp\/v2\/posts\/67418\/revisions"}],"predecessor-version":[{"id":67425,"href":"https:\/\/www.ludwig-van.com\/montreal\/wp-json\/wp\/v2\/posts\/67418\/revisions\/67425"}],"wp:featuredmedia":[{"embeddable":true,"href":"https:\/\/www.ludwig-van.com\/montreal\/wp-json\/wp\/v2\/media\/67420"}],"wp:attachment":[{"href":"https:\/\/www.ludwig-van.com\/montreal\/wp-json\/wp\/v2\/media?parent=67418"}],"wp:term":[{"taxonomy":"category","embeddable":true,"href":"https:\/\/www.ludwig-van.com\/montreal\/wp-json\/wp\/v2\/categories?post=67418"},{"taxonomy":"post_tag","embeddable":true,"href":"https:\/\/www.ludwig-van.com\/montreal\/wp-json\/wp\/v2\/tags?post=67418"},{"taxonomy":"yst_prominent_words","embeddable":true,"href":"https:\/\/www.ludwig-van.com\/montreal\/wp-json\/wp\/v2\/yst_prominent_words?post=67418"}],"curies":[{"name":"wp","href":"https:\/\/api.w.org\/{rel}","templated":true}]}}