{"id":67364,"date":"2021-08-05T14:31:20","date_gmt":"2021-08-05T18:31:20","guid":{"rendered":"https:\/\/www.ludwig-van.com\/montreal\/?p=67364"},"modified":"2021-08-05T14:31:20","modified_gmt":"2021-08-05T18:31:20","slug":"nouvelle-kent-nagano-lancera-nouveau-livre-coffret-souligner-70-ans","status":"publish","type":"post","link":"https:\/\/www.ludwig-van.com\/montreal\/2021\/08\/05\/nouvelle-kent-nagano-lancera-nouveau-livre-coffret-souligner-70-ans\/","title":{"rendered":"NOUVELLE | Kent Nagano lancera un nouveau livre et un coffret pour souligner ses 70 ans"},"content":{"rendered":"<p style=\"text-align: center;\"><img decoding=\"async\" loading=\"lazy\" class=\"aligncenter size-full wp-image-67365\" src=\"https:\/\/www.ludwig-van.com\/montreal\/wp-content\/uploads\/sites\/3\/2021\/08\/Nagano-cover.jpg\" alt=\"\" width=\"1200\" height=\"628\" \/><\/p>\n<p>&nbsp;<\/p>\n<h3><span style=\"color: #999999;\"><strong>Kent Nagano<\/strong> aura 70 ans le 22 novembre prochain. Pour souligner cet important anniversaire, il lancera un coffret de trois CD d&rsquo;oeuvres d&rsquo;Olivier Messiaen, ainsi qu&rsquo;un nouveau livre, intitul\u00e9 <em>10 lessons of my life<\/em>.\u00a0<\/span><\/h3>\n<p>Dans celui-ci, on pourra lire le r\u00e9cit de 10 rencontres qui ont marqu\u00e9 le chef d&rsquo;orchestre, avec des artistes renomm\u00e9s et autres personnalit\u00e9s, incluant Bj\u00f6rk, Frank Zappa, Leonard Bernstein, Pierre Boulez et le r\u00e9cipiendaire du Nobel de physique, Donald Glaser.<\/p>\n<p>&nbsp;<\/p>\n<p>&nbsp;<\/p>\n<p>&nbsp;<\/p>\n<p style=\"text-align: center;\"><img decoding=\"async\" loading=\"lazy\" class=\"aligncenter wp-image-67366\" src=\"https:\/\/www.ludwig-van.com\/montreal\/wp-content\/uploads\/sites\/3\/2021\/08\/Nagano-livre-cover.jpg\" alt=\"\" width=\"600\" height=\"956\" \/><\/p>\n<p>Le livre a \u00e9t\u00e9 \u00e9crit en collaboration avec <strong>Inge Kloepfer<\/strong>, la collaboratrice avec qui il avait \u00e9galement sign\u00e9 son premier livre, traduit en fran\u00e7ais sous le titre \u00ab\u00a0Sonnez, merveilles\u00a0\u00bb (Les \u00e9ditions du Bor\u00e9al, 2015) qui racontait \u00e9galement des rencontres, en alternances avec des chapitres de r\u00e9flexion sur les compositeurs et la musique. Cette premi\u00e8re version de <strong><em>10 lessons of my life<\/em><\/strong> sera publi\u00e9e en allemand par Berlin Verlag et lanc\u00e9e le 30 septembre. On peut esp\u00e9rer que des traduction en anglais et en fran\u00e7ais suivront, comme ce fut le cas pour son premier livre, qui \u00e9tait fort int\u00e9ressant.<\/p>\n<p>&nbsp;<\/p>\n<p style=\"text-align: center;\"><img decoding=\"async\" loading=\"lazy\" class=\"aligncenter wp-image-67368\" src=\"https:\/\/www.ludwig-van.com\/montreal\/wp-content\/uploads\/sites\/3\/2021\/08\/coffret-Nagano.jpg\" alt=\"\" width=\"600\" height=\"596\" \/><\/p>\n<h2>Coffret-anniversaire de Kent Nagano<\/h2>\n<p>Le coffret de 3 CD, pour sa part, sera sous \u00e9tiquette BR Klassik et disponible le 4 octobre. On sait qu&rsquo;Olivier Messiaen, que le chef d&rsquo;orchestre a bien connu personnellement, fut important dans son parcours musical. On y trouvera notamment <em>Po\u00e8mes pour Mi<\/em>, <em>Chronochromie<\/em> et <em>La Transfiguration de Notre Seigneur J\u00e9sus-Christ<\/em>, enregistr\u00e9s en concert avec l&rsquo;Orchestre symphonique et le Ch\u0153ur de la Radio bavaroise.<\/p>\n<p>Comme l&rsquo;<strong>Orchestre symphonique de Montr\u00e9al<\/strong> n&rsquo;a pas encore annonc\u00e9 sa saison officielle 2021-2022, nous ne savons pas encore si <strong>Kent Nagano,<\/strong> qui demeure tr\u00e8s actif en Europe et principalement \u00e0 Hambourg, en Allemagne,\u00a0viendra diriger des concerts comme chef invit\u00e9, ou chef \u00e9m\u00e9rite, son <a href=\"https:\/\/www.ludwig-van.com\/montreal\/2021\/02\/25\/nouvelle-kent-nagano-a-montreal-trois-concerts-losm-nomme-chef-emerite\/\" target=\"_blank\" rel=\"noopener\">nouveau titre attribu\u00e9<\/a> en f\u00e9vrier dernier. En attendant d&rsquo;en savoir plus, croisons-nous les doigts!<\/p>\n<h2><em>Inscrivez-vous \u00e0 notre infolettre! La musique classique et l&rsquo;op\u00e9ra en 5 minutes, chaque jour<\/em> \u00a0<span style=\"color: #ff0000;\"><a style=\"color: #ff0000;\" href=\"https:\/\/ludwig-van.us9.list-manage.com\/subscribe?u=4f785cb3f9058f2393ccad035&amp;id=b9b160c032\" target=\"_blank\" rel=\"noopener noreferrer\">ICI\u00a0<\/a><\/span><\/h2>\n<p><strong>\u00a0<\/strong><\/p>\n","protected":false},"excerpt":{"rendered":"<p>Kent Nagano aura 70 ans le 22 novembre prochain. Pour souligner cet important anniversaire, il lancera un coffret de trois CD d&rsquo;oeuvres d&rsquo;Olivier Messiaen, ainsi qu&rsquo;un nouveau livre, intitul\u00e9 10 lessons of my life.\u00a0<\/p>\n","protected":false},"author":51,"featured_media":67365,"comment_status":"open","ping_status":"open","sticky":false,"template":"","format":"standard","meta":{"om_disable_all_campaigns":false,"jetpack_post_was_ever_published":false},"categories":[41122,10956,10992],"tags":[41124,1858,4485,2542],"yst_prominent_words":[11964,10006,10330,38217,39915,10441,10436,11218,25011,10440,34720],"acf":[],"jetpack_featured_media_url":"https:\/\/www.ludwig-van.com\/montreal\/wp-content\/uploads\/sites\/3\/2021\/08\/Nagano-cover.jpg","jetpack_sharing_enabled":true,"jetpack_shortlink":"https:\/\/wp.me\/p9bdYt-hww","amp_enabled":true,"_links":{"self":[{"href":"https:\/\/www.ludwig-van.com\/montreal\/wp-json\/wp\/v2\/posts\/67364"}],"collection":[{"href":"https:\/\/www.ludwig-van.com\/montreal\/wp-json\/wp\/v2\/posts"}],"about":[{"href":"https:\/\/www.ludwig-van.com\/montreal\/wp-json\/wp\/v2\/types\/post"}],"author":[{"embeddable":true,"href":"https:\/\/www.ludwig-van.com\/montreal\/wp-json\/wp\/v2\/users\/51"}],"replies":[{"embeddable":true,"href":"https:\/\/www.ludwig-van.com\/montreal\/wp-json\/wp\/v2\/comments?post=67364"}],"version-history":[{"count":1,"href":"https:\/\/www.ludwig-van.com\/montreal\/wp-json\/wp\/v2\/posts\/67364\/revisions"}],"predecessor-version":[{"id":67369,"href":"https:\/\/www.ludwig-van.com\/montreal\/wp-json\/wp\/v2\/posts\/67364\/revisions\/67369"}],"wp:featuredmedia":[{"embeddable":true,"href":"https:\/\/www.ludwig-van.com\/montreal\/wp-json\/wp\/v2\/media\/67365"}],"wp:attachment":[{"href":"https:\/\/www.ludwig-van.com\/montreal\/wp-json\/wp\/v2\/media?parent=67364"}],"wp:term":[{"taxonomy":"category","embeddable":true,"href":"https:\/\/www.ludwig-van.com\/montreal\/wp-json\/wp\/v2\/categories?post=67364"},{"taxonomy":"post_tag","embeddable":true,"href":"https:\/\/www.ludwig-van.com\/montreal\/wp-json\/wp\/v2\/tags?post=67364"},{"taxonomy":"yst_prominent_words","embeddable":true,"href":"https:\/\/www.ludwig-van.com\/montreal\/wp-json\/wp\/v2\/yst_prominent_words?post=67364"}],"curies":[{"name":"wp","href":"https:\/\/api.w.org\/{rel}","templated":true}]}}