{"id":67341,"date":"2021-08-04T10:42:39","date_gmt":"2021-08-04T14:42:39","guid":{"rendered":"https:\/\/www.ludwig-van.com\/montreal\/?p=67341"},"modified":"2021-08-04T10:42:39","modified_gmt":"2021-08-04T14:42:39","slug":"actualites-cinq-nouvelles-en-musique-classique-que-vous-devriez-connaitre-aujourdhui","status":"publish","type":"post","link":"https:\/\/www.ludwig-van.com\/montreal\/2021\/08\/04\/actualites-cinq-nouvelles-en-musique-classique-que-vous-devriez-connaitre-aujourdhui\/","title":{"rendered":"ACTUALIT\u00c9S | Cinq nouvelles en musique classique que vous devriez conna\u00eetre aujourd&rsquo;hui"},"content":{"rendered":"<p style=\"text-align: center;\"><img decoding=\"async\" loading=\"lazy\" class=\"aligncenter size-full wp-image-67346\" src=\"https:\/\/www.ludwig-van.com\/montreal\/wp-content\/uploads\/sites\/3\/2021\/08\/actualites-4-aout.jpg\" alt=\"\" width=\"1200\" height=\"628\" \/><\/p>\n<h3><span style=\"color: #808080;\">D\u00e9j\u00e0 le mois d&rsquo;ao\u00fbt! Pendant que l&rsquo;on profite encore de l&rsquo;\u00e9t\u00e9 en essayant de ne pas trop penser \u00e0 ce qui nous attend dans quelques semaines, l&rsquo;actualit\u00e9 musicale se poursuit. Voici quelques nouvelles r\u00e9centes en musique classique.\u00a0<\/span><\/h3>\n<p>&nbsp;<\/p>\n<figure id=\"attachment_67343\" aria-describedby=\"caption-attachment-67343\" style=\"width: 349px\" class=\"wp-caption aligncenter\"><img decoding=\"async\" loading=\"lazy\" class=\"size-full wp-image-67343\" src=\"https:\/\/www.ludwig-van.com\/montreal\/wp-content\/uploads\/sites\/3\/2021\/08\/MCM-short.jpg\" alt=\"\" width=\"349\" height=\"334\" \/><figcaption id=\"caption-attachment-67343\" class=\"wp-caption-text\">Marie-Claude Matton. (Photo: courtoisie)<\/figcaption><\/figure>\n<h2>Marie-Claude Matton chez Canimex<\/h2>\n<p><strong>Marie-Claude Matton,<\/strong> qui a \u00e9t\u00e9 directrice du <strong>Concours de musique du Canada<\/strong> pendant six ans et que nous avons eu le plaisir d&rsquo;interviewer \u00e0 plusieurs reprises, a annonc\u00e9 cette semaine qu&rsquo;elle quitterait ses fonctions actuelle \u00e0 la fin de septembre pour devenir directrice de la collection d\u2019instruments et des relations avec le milieu musical de Canimex, aupr\u00e8s de son pr\u00e9sident M. <strong>Roger Dubois.<\/strong> Un nouveau poste qui sera certainement int\u00e9ressant, avec toutes les activit\u00e9s musicales et caritatives auxquelles Canimex contribue, incluant d&rsquo;ailleurs le Concours de musique du Canada, auquel s&rsquo;\u00e9tait d&rsquo;ailleurs greff\u00e9 le nom de son commanditaire principal pour en faire le Concours de musique du Canada Canimex. Toutes nos f\u00e9licitations \u00e0 <strong>Marie-Claude Matton<\/strong> et on lui souhaite le succ\u00e8s dans ses nouvelles fonctions.<\/p>\n<p>&nbsp;<\/p>\n<figure id=\"attachment_64779\" aria-describedby=\"caption-attachment-64779\" style=\"width: 1200px\" class=\"wp-caption aligncenter\"><img decoding=\"async\" loading=\"lazy\" class=\"size-full wp-image-64779\" src=\"https:\/\/www.ludwig-van.com\/montreal\/wp-content\/uploads\/sites\/3\/2020\/07\/Quatuor-Cobalt.jpg\" alt=\"Quelques membres du Quatuor Cobalt. (Photo: Guillaume Villeneuve)\" width=\"1200\" height=\"801\" srcset=\"https:\/\/www.ludwig-van.com\/montreal\/wp-content\/uploads\/sites\/3\/2020\/07\/Quatuor-Cobalt.jpg 1200w, https:\/\/www.ludwig-van.com\/montreal\/wp-content\/uploads\/sites\/3\/2020\/07\/Quatuor-Cobalt-300x200.jpg 300w, https:\/\/www.ludwig-van.com\/montreal\/wp-content\/uploads\/sites\/3\/2020\/07\/Quatuor-Cobalt-1024x684.jpg 1024w, https:\/\/www.ludwig-van.com\/montreal\/wp-content\/uploads\/sites\/3\/2020\/07\/Quatuor-Cobalt-768x513.jpg 768w\" sizes=\"(max-width: 1200px) 100vw, 1200px\" \/><figcaption id=\"caption-attachment-64779\" class=\"wp-caption-text\">Quelques membres du Quatuor Cobalt. (Photo: Guillaume Villeneuve)<\/figcaption><\/figure>\n<h2>Les ruelles vertes sont de retour<\/h2>\n<p>Le Quatuor Cobalt annonce la deuxi\u00e8me \u00e9dition de la s\u00e9rie de concerts de musique de chambre Les ruelles musicales. Encore cette ann\u00e9e, du 3 au 12 ao\u00fbt, l\u2019ensemble offrira des concerts spontan\u00e9s dans divers arrondissements du Grand Montr\u00e9al, permettant aux r\u00e9sidentes et r\u00e9sidents un acc\u00e8s privil\u00e9gi\u00e9 \u00e0 des spectacles musicaux professionnels, directement de leur domicile ou bien dans un parc. <a href=\"https:\/\/www.quatuorcobalt.com\/ruelles-musicales\" target=\"_blank\" rel=\"noopener\">\u00a0D\u00c9TAILS<\/a><\/p>\n<p>&nbsp;<\/p>\n<figure id=\"attachment_54939\" aria-describedby=\"caption-attachment-54939\" style=\"width: 1024px\" class=\"wp-caption aligncenter\"><img decoding=\"async\" loading=\"lazy\" class=\"size-full wp-image-54939\" src=\"https:\/\/www.ludwig-van.com\/montreal\/wp-content\/uploads\/sites\/3\/2018\/06\/OSM-Antoine-Saito-refaite.jpg\" alt=\"\" width=\"1024\" height=\"683\" srcset=\"https:\/\/www.ludwig-van.com\/montreal\/wp-content\/uploads\/sites\/3\/2018\/06\/OSM-Antoine-Saito-refaite.jpg 1024w, https:\/\/www.ludwig-van.com\/montreal\/wp-content\/uploads\/sites\/3\/2018\/06\/OSM-Antoine-Saito-refaite-300x200.jpg 300w, https:\/\/www.ludwig-van.com\/montreal\/wp-content\/uploads\/sites\/3\/2018\/06\/OSM-Antoine-Saito-refaite-768x512.jpg 768w\" sizes=\"(max-width: 1024px) 100vw, 1024px\" \/><figcaption id=\"caption-attachment-54939\" class=\"wp-caption-text\">L&rsquo;Orchestre symphonique de Montr\u00e9al \u00e0 la Maison symphonique. (Photo: Antoine Saito)<\/figcaption><\/figure>\n<h2>L&rsquo;OSM recrute des musiciens<\/h2>\n<p><strong>L&rsquo;Orchestre symphonique de Montr\u00e9al<\/strong> a annonc\u00e9 des auditions cet automne pour six postes: violoncelle 2e assistant; trompette associ\u00e9\/3e trompette; piccolo solo et fl\u00fbte de section; contrebasse, associ\u00e9; cor solo, et 3e cor. Pour plus de d\u00e9tails, on peut consulter <a href=\"https:\/\/www.osm.ca\/fr\/joignez-vous-losm\/?fbclid=IwAR3gOmODWHBb4TVRCl1eEuTPTYcxLMZMQ07NyW1_i1j0BlxkzY6tObVFk4E#1470755705697-adc8b119-45ed\" target=\"_blank\" rel=\"noopener\">le site web de l&rsquo;OSM.\u00a0<\/a><\/p>\n<p>&nbsp;<\/p>\n<figure id=\"attachment_61299\" aria-describedby=\"caption-attachment-61299\" style=\"width: 1200px\" class=\"wp-caption aligncenter\"><img decoding=\"async\" loading=\"lazy\" class=\"size-full wp-image-61299\" src=\"https:\/\/www.ludwig-van.com\/montreal\/wp-content\/uploads\/sites\/3\/2019\/09\/Mathieu-Gaudet-semi-profil_redimensionn\u00e9e.jpg\" alt=\"\" width=\"1200\" height=\"800\" srcset=\"https:\/\/www.ludwig-van.com\/montreal\/wp-content\/uploads\/sites\/3\/2019\/09\/Mathieu-Gaudet-semi-profil_redimensionn\u00e9e.jpg 1200w, https:\/\/www.ludwig-van.com\/montreal\/wp-content\/uploads\/sites\/3\/2019\/09\/Mathieu-Gaudet-semi-profil_redimensionn\u00e9e-300x200.jpg 300w, https:\/\/www.ludwig-van.com\/montreal\/wp-content\/uploads\/sites\/3\/2019\/09\/Mathieu-Gaudet-semi-profil_redimensionn\u00e9e-768x512.jpg 768w, https:\/\/www.ludwig-van.com\/montreal\/wp-content\/uploads\/sites\/3\/2019\/09\/Mathieu-Gaudet-semi-profil_redimensionn\u00e9e-1024x683.jpg 1024w\" sizes=\"(max-width: 1200px) 100vw, 1200px\" \/><figcaption id=\"caption-attachment-61299\" class=\"wp-caption-text\">Le pianiste Mathieu Gaudet (Photo : Fran\u00e7ois Desjardins)<\/figcaption><\/figure>\n<h2>Les Concerts champ\u00eatres \u00e0 Abercorn de retour, avec Mathieu Gaudet<\/h2>\n<p>Mathieu Gaudet sera le principal artiste invit\u00e9 des Concerts champ\u00eatre \u00e0 Abercorn, dont la 8e \u00e9dition aura lieu cette ann\u00e9e du 27 au 29 ao\u00fbt. Le pianiste donnera trois concerts en trois jours, dont un avec le violoncelliste Cameron Crozman. <a href=\"http:\/\/concerts-abercorn.com\/\" target=\"_blank\" rel=\"noopener\">D\u00c9TAILS<\/a><\/p>\n<p>&nbsp;<\/p>\n<p style=\"text-align: center;\"><img decoding=\"async\" loading=\"lazy\" class=\"aligncenter size-full wp-image-67344\" src=\"https:\/\/www.ludwig-van.com\/montreal\/wp-content\/uploads\/sites\/3\/2021\/08\/Opera-dans-les-parcs-600.jpg\" alt=\"\" width=\"600\" height=\"849\" \/><\/p>\n<h2>Op\u00e9ras dans les parcs \u00e0 Qu\u00e9bec<\/h2>\n<p>Temp\u00eates et passions est de retour cet \u00e9t\u00e9, avec le spectacle Op\u00e9ras dans les parcs, qui met en vedette plusieurs chanteurs lyriques, dont le baryton Hugo Laporte. \u00c0 compter du 6 ao\u00fbt. <a href=\"http:\/\/www.tempetesetpassions.com\/\" target=\"_blank\" rel=\"noopener\">D\u00c9TAILS<\/a><\/p>\n<h2><em>Inscrivez-vous \u00e0 notre infolettre! La musique classique et l&rsquo;op\u00e9ra en 5 minutes, chaque jour<\/em> \u00a0<span style=\"color: #ff0000;\"><a style=\"color: #ff0000;\" href=\"https:\/\/ludwig-van.us9.list-manage.com\/subscribe?u=4f785cb3f9058f2393ccad035&amp;id=b9b160c032\" target=\"_blank\" rel=\"noopener noreferrer\">ICI\u00a0<\/a><\/span><\/h2>\n","protected":false},"excerpt":{"rendered":"<p>D\u00e9j\u00e0 le mois d&rsquo;ao\u00fbt! Pendant que l&rsquo;on profite encore de l&rsquo;\u00e9t\u00e9 en essayant de ne pas trop penser \u00e0 ce qui nous attend dans quelques semaines, l&rsquo;actualit\u00e9 musicale se poursuit. Voici quelques nouvelles r\u00e9centes sur la musique classique.\u00a0<\/p>\n","protected":false},"author":51,"featured_media":67346,"comment_status":"open","ping_status":"open","sticky":false,"template":"","format":"standard","meta":{"om_disable_all_campaigns":false,"jetpack_post_was_ever_published":false},"categories":[41122,10956,10992],"tags":[41124,14630,4485],"yst_prominent_words":[7070,20763,8858,10473,10471,10469,14167,9808,11092,15109,13800,28113,9811,10167,10470,8757,39059,9870],"acf":[],"jetpack_featured_media_url":"https:\/\/www.ludwig-van.com\/montreal\/wp-content\/uploads\/sites\/3\/2021\/08\/actualites-4-aout.jpg","jetpack_sharing_enabled":true,"jetpack_shortlink":"https:\/\/wp.me\/p9bdYt-hw9","amp_enabled":true,"_links":{"self":[{"href":"https:\/\/www.ludwig-van.com\/montreal\/wp-json\/wp\/v2\/posts\/67341"}],"collection":[{"href":"https:\/\/www.ludwig-van.com\/montreal\/wp-json\/wp\/v2\/posts"}],"about":[{"href":"https:\/\/www.ludwig-van.com\/montreal\/wp-json\/wp\/v2\/types\/post"}],"author":[{"embeddable":true,"href":"https:\/\/www.ludwig-van.com\/montreal\/wp-json\/wp\/v2\/users\/51"}],"replies":[{"embeddable":true,"href":"https:\/\/www.ludwig-van.com\/montreal\/wp-json\/wp\/v2\/comments?post=67341"}],"version-history":[{"count":4,"href":"https:\/\/www.ludwig-van.com\/montreal\/wp-json\/wp\/v2\/posts\/67341\/revisions"}],"predecessor-version":[{"id":67348,"href":"https:\/\/www.ludwig-van.com\/montreal\/wp-json\/wp\/v2\/posts\/67341\/revisions\/67348"}],"wp:featuredmedia":[{"embeddable":true,"href":"https:\/\/www.ludwig-van.com\/montreal\/wp-json\/wp\/v2\/media\/67346"}],"wp:attachment":[{"href":"https:\/\/www.ludwig-van.com\/montreal\/wp-json\/wp\/v2\/media?parent=67341"}],"wp:term":[{"taxonomy":"category","embeddable":true,"href":"https:\/\/www.ludwig-van.com\/montreal\/wp-json\/wp\/v2\/categories?post=67341"},{"taxonomy":"post_tag","embeddable":true,"href":"https:\/\/www.ludwig-van.com\/montreal\/wp-json\/wp\/v2\/tags?post=67341"},{"taxonomy":"yst_prominent_words","embeddable":true,"href":"https:\/\/www.ludwig-van.com\/montreal\/wp-json\/wp\/v2\/yst_prominent_words?post=67341"}],"curies":[{"name":"wp","href":"https:\/\/api.w.org\/{rel}","templated":true}]}}