{"id":67282,"date":"2021-07-27T12:28:44","date_gmt":"2021-07-27T16:28:44","guid":{"rendered":"https:\/\/www.ludwig-van.com\/montreal\/?p=67282"},"modified":"2021-07-27T12:58:40","modified_gmt":"2021-07-27T16:58:40","slug":"actualites-cinq-nouvelles-musique-classique-devriez-connaitre-cette-semaine","status":"publish","type":"post","link":"https:\/\/www.ludwig-van.com\/montreal\/2021\/07\/27\/actualites-cinq-nouvelles-musique-classique-devriez-connaitre-cette-semaine\/","title":{"rendered":"ACTUALIT\u00c9S | Cinq nouvelles en musique classique que vous devriez conna\u00eetre cette semaine"},"content":{"rendered":"<p>&nbsp;<\/p>\n<p style=\"text-align: center;\"><img decoding=\"async\" loading=\"lazy\" class=\"aligncenter size-full wp-image-67293\" src=\"https:\/\/www.ludwig-van.com\/montreal\/wp-content\/uploads\/sites\/3\/2021\/07\/Actualites-27-juillet-2021-2.jpg\" alt=\"\" width=\"1200\" height=\"628\" \/><\/p>\n<h3><span style=\"color: #999999;\">L&rsquo;\u00e9t\u00e9 va bon train et malgr\u00e9 les vacances, le monde de la musique classique continue de bourdonner! Voici un r\u00e9sum\u00e9 des plus r\u00e9centes actualit\u00e9s en musique classique.\u00a0<\/span><\/h3>\n<p>&nbsp;<\/p>\n<p style=\"text-align: center;\"><img decoding=\"async\" loading=\"lazy\" class=\"aligncenter size-full wp-image-67284\" src=\"https:\/\/www.ludwig-van.com\/montreal\/wp-content\/uploads\/sites\/3\/2021\/07\/Critical-Mass-MAIN-WIDE.jpg\" alt=\"\" width=\"1200\" height=\"675\" \/><\/p>\n<h2>Ludwig Van a un nouveau balado<\/h2>\n<p><em><strong>Critical Mass<\/strong> <\/em>est le nouveau balado (ou podcast, si vous pr\u00e9f\u00e9rez le terme anglais) de nos coll\u00e8gues \u00e0 Toronto. Il r\u00e9unit les critiques culturelles Paula Citron, Holly Harris et Michael Vincent, \u00e9diteur de Ludwig Van, pour des discussions sur ce qui se passe en musique classique: id\u00e9es, tendances, innovation et succ\u00e8s (ou \u00e9checs) des artistes d&rsquo;ici. Le premier \u00e9pisode de <em><strong>Critical Mass<\/strong><\/em> est disponible <a href=\"https:\/\/www.ludwig-van.com\/toronto\/podcast\/1-re-opening-arts-pandemic-shook-arts-journalism-vaccine-passports\/\" target=\"_blank\" rel=\"noopener\">sur le site de Ludwig van Toronto<\/a>, ainsi que sur Spotify et Apple Podcasts. Pour plus de d\u00e9tails, lisez <a href=\"https:\/\/www.ludwig-van.com\/toronto\/2021\/07\/23\/scoop-critical-mass-podcast-ludwig-van\/\" target=\"_blank\" rel=\"noopener\">cet article sur Ludwig van Toronto<\/a>. Bonne \u00e9coute!<\/p>\n<p>&nbsp;<\/p>\n<figure id=\"attachment_59722\" aria-describedby=\"caption-attachment-59722\" style=\"width: 1024px\" class=\"wp-caption aligncenter\"><img decoding=\"async\" loading=\"lazy\" class=\"size-full wp-image-59722\" src=\"https:\/\/www.ludwig-van.com\/montreal\/wp-content\/uploads\/sites\/3\/2019\/05\/Amphithe\u00e2tre-Fernand-Lindsay-Lanaudiere-WEB-Pure-Perception.jpg\" alt=\"\" width=\"1024\" height=\"682\" srcset=\"https:\/\/www.ludwig-van.com\/montreal\/wp-content\/uploads\/sites\/3\/2019\/05\/Amphithe\u00e2tre-Fernand-Lindsay-Lanaudiere-WEB-Pure-Perception.jpg 1024w, https:\/\/www.ludwig-van.com\/montreal\/wp-content\/uploads\/sites\/3\/2019\/05\/Amphithe\u00e2tre-Fernand-Lindsay-Lanaudiere-WEB-Pure-Perception-300x200.jpg 300w, https:\/\/www.ludwig-van.com\/montreal\/wp-content\/uploads\/sites\/3\/2019\/05\/Amphithe\u00e2tre-Fernand-Lindsay-Lanaudiere-WEB-Pure-Perception-768x512.jpg 768w\" sizes=\"(max-width: 1024px) 100vw, 1024px\" \/><figcaption id=\"caption-attachment-59722\" class=\"wp-caption-text\">L&rsquo;amphith\u00e9\u00e2tre Fernand-Lindsay du Festival de Lanaudi\u00e8re recevra cet \u00e9t\u00e9 de nombreux artistes d&rsquo;ici et d&rsquo;ailleurs. (Photo: Pure Perception)<\/figcaption><\/figure>\n<h2>Le gouvernement augmente la jauge de spectateurs<\/h2>\n<p>Hier, le gouvernement du Qu\u00e9bec annon\u00e7ait de nouveaux assouplissements aux restrictions sanitaires en ce qui concerne le nombre de spectateurs autoris\u00e9s aux \u00e9v\u00e9nements int\u00e9rieurs et ext\u00e9rieurs. \u00c0 partir du dimanche 1er ao\u00fbt, le nombre de personnes autoris\u00e9es \u00e0 assister \u00e0 un \u00e9v\u00e9nement ext\u00e9rieur passera de 5000 \u00e0 15 000 en ce qui concerne les grands \u00e9v\u00e9nements ext\u00e9rieurs sans places assign\u00e9es, comme les Francos ou le Festival de Jazz de Montr\u00e9al. Les grands amphith\u00e9\u00e2tres pourront accueillir jusqu&rsquo;\u00e0 7500 personnes, en sections de 500, et les salles de concerts ou les th\u00e9\u00e2tres, avec places assign\u00e9es, pourront passer \u00e0 250 spectateurs. Pour le moment, on ignore encore si le Festival de Lanaudi\u00e8re, qui accueille jusqu&rsquo;ici 1500 spectateurs \u00e0 l&rsquo;Amphith\u00e9\u00e2tre Fernand-Lindsay, profitera de cet assouplissement pour lib\u00e9rer des places additionnelles pour les concerts \u00e0 venir.<\/p>\n<p>&nbsp;<\/p>\n<figure id=\"attachment_62726\" aria-describedby=\"caption-attachment-62726\" style=\"width: 1024px\" class=\"wp-caption aligncenter\"><img decoding=\"async\" loading=\"lazy\" class=\"size-full wp-image-62726\" src=\"https:\/\/www.ludwig-van.com\/montreal\/wp-content\/uploads\/sites\/3\/2018\/04\/Salle-concert-scene.jpg\" alt=\"Salle de concert d'Orford Musique (Photo : courtoisie)\" width=\"1024\" height=\"683\" srcset=\"https:\/\/www.ludwig-van.com\/montreal\/wp-content\/uploads\/sites\/3\/2018\/04\/Salle-concert-scene.jpg 1024w, https:\/\/www.ludwig-van.com\/montreal\/wp-content\/uploads\/sites\/3\/2018\/04\/Salle-concert-scene-300x200.jpg 300w, https:\/\/www.ludwig-van.com\/montreal\/wp-content\/uploads\/sites\/3\/2018\/04\/Salle-concert-scene-768x512.jpg 768w\" sizes=\"(max-width: 1024px) 100vw, 1024px\" \/><figcaption id=\"caption-attachment-62726\" class=\"wp-caption-text\">Salle de concert d&rsquo;Orford Musique (Photo : courtoisie)<\/figcaption><\/figure>\n<h2>Le Prix Orford Musique annonce ses demi-finalistes<\/h2>\n<p>La 5e \u00e9dition du <strong>Prix Orford Musique<\/strong>, qui se d\u00e9roulera du 9 au 14 ao\u00fbt, vient de d\u00e9voiler les noms de ses neufs demi-finalistes. Il s&rsquo;agit de Jessica Yuma (piano), Brian Yoon (violoncelle), Joshua Wong (piano), No\u00ebl Wan (harpe), Vincent Vu (piano), Isabella D&rsquo;Eloize Perron (violon), Leland Ko (violoncelle), Kevin Ahfat (violoncelle), et Julia Mirzoev (violon). Les demi-finales auront lieu les 9, 10 et 11 ao\u00fbt, 19h30, \u00e0 la salle Gilles-Lefebvre.<\/p>\n<p>&nbsp;<\/p>\n<p>&nbsp;<\/p>\n<figure id=\"attachment_67290\" aria-describedby=\"caption-attachment-67290\" style=\"width: 960px\" class=\"wp-caption aligncenter\"><img decoding=\"async\" loading=\"lazy\" class=\"size-full wp-image-67290\" src=\"https:\/\/www.ludwig-van.com\/montreal\/wp-content\/uploads\/sites\/3\/2021\/07\/Minis-operas-sante.jpg\" alt=\"\" width=\"960\" height=\"720\" \/><figcaption id=\"caption-attachment-67290\" class=\"wp-caption-text\">Fredericka Petit-Homme, soprano, est l&rsquo;une des artistes qui participent \u00e0 l&rsquo;initiative des Mini-op\u00e9ras Sant\u00e9. (Photo: Facebook)<\/figcaption><\/figure>\n<h2>100 000 $ pour des mini-op\u00e9ras \u00ab\u00a0sant\u00e9\u00a0\u00bb<\/h2>\n<p>Gr\u00e2ce \u00e0 une subvention de 100 000$ du Gouvernement du Qu\u00e9bec (Secr\u00e9tariat \u00e0 la r\u00e9gion m\u00e9tropolitaine), M\u00e9c\u00e9nat Musica a lanc\u00e9 cet \u00e9t\u00e9 les Mini-Op\u00e9ras Sant\u00e9, pr\u00e9sent\u00e9s un peu partout. \u00ab\u00a0Suite \u00e0 l\u2019appel \u00e0 projets \u00ab Pour une m\u00e9tropole dynamique et bienveillante \u00bb, l&rsquo;initiative M\u00e9c\u00e9nat Musica Mini-Op\u00e9ras Sant\u00e9 est le seul projet musical retenu parmi les r\u00e9cipiendaires de cette subvention\u00a0\u00bb, mentionne Mathias Maute.\u00a0De la musique \u00ab porte-\u00e0-porte \u00bb pour la sant\u00e9 mentale et sociale sera livr\u00e9e dans des quartiers d\u00e9favoris\u00e9s de 50 municipalit\u00e9s de 5 secteurs de la r\u00e9gion m\u00e9tropolitaine de Montr\u00e9al au cours de l\u2019\u00e9t\u00e9. Cette initiative est dans la m\u00eame veine que les Mini-concerts sant\u00e9 de 2020, imagin\u00e9s dans le cadre de la pand\u00e9mie de COVID-19, et qui ont remport\u00e9 le Prix Opus de l&rsquo;\u00e9v\u00e9nement de l&rsquo;ann\u00e9e du Conseil qu\u00e9b\u00e9cois de la musique.<\/p>\n<p>&nbsp;<\/p>\n<figure id=\"attachment_67283\" aria-describedby=\"caption-attachment-67283\" style=\"width: 1200px\" class=\"wp-caption aligncenter\"><img decoding=\"async\" loading=\"lazy\" class=\"size-full wp-image-67283\" src=\"https:\/\/www.ludwig-van.com\/montreal\/wp-content\/uploads\/sites\/3\/2021\/07\/Elisabeth-Pion-cr-Olivia-Da-Costa.jpg\" alt=\"Elisabeth Pion, pianiste. (Photo: Olivia Da Costa Photo)\" width=\"1200\" height=\"835\" \/><figcaption id=\"caption-attachment-67283\" class=\"wp-caption-text\">Elisabeth Pion, pianiste. (Photo: Olivia Da Costa Photo)<\/figcaption><\/figure>\n<h2>Les honneurs pour Elisabeth Pion et le De Beauvoir Piano Trio<\/h2>\n<p>La pianiste qu\u00e9b\u00e9coise <strong>Elisabeth Pion<\/strong> a fait ses d\u00e9buts \u00e0 Wigmore Hall le 19 juillet dernier. Ce r\u00e9cital, prix du Guildhall Wigmore Prize, devait avoir lieu en juin 2020, avait \u00e9t\u00e9 report\u00e9 \u00e0 cause de la pand\u00e9mie. D&rsquo;autre part, le <a href=\"https:\/\/www.elisabethpiano.com\/francais\/de-beauvoir-piano+trio.html\" target=\"_blank\" rel=\"noopener\">De Beauvoir Piano Trio<\/a>, compos\u00e9 d&rsquo;<strong>Elisabeth Pion<\/strong> de la violoniste <strong>En Yuan Khong<\/strong> et de la violoncelliste <strong>Charlotte Kaslin<\/strong>, a remport\u00e9 dimanche dernier le 2\u00e8me prix de la Virtuoso &amp; Belcanto Chamber Competition \u00e0 Lucca en Italie. Toutes nos f\u00e9licitations!<\/p>\n<h2><em>Inscrivez-vous \u00e0 notre infolettre! La musique classique et l&rsquo;op\u00e9ra en 5 minutes, chaque jour<\/em> \u00a0<span style=\"color: #ff0000;\"><a style=\"color: #ff0000;\" href=\"https:\/\/ludwig-van.us9.list-manage.com\/subscribe?u=4f785cb3f9058f2393ccad035&amp;id=b9b160c032\" target=\"_blank\" rel=\"noopener noreferrer\">ICI\u00a0<\/a><\/span><\/h2>\n","protected":false},"excerpt":{"rendered":"<p>L&rsquo;\u00e9t\u00e9 va bon train et malgr\u00e9 les vacances, le monde de la musique classique continue de bourdonner! Voici un r\u00e9sum\u00e9 des plus r\u00e9centes actualit\u00e9s en musique classique.\u00a0<\/p>\n","protected":false},"author":51,"featured_media":67293,"comment_status":"open","ping_status":"open","sticky":false,"template":"","format":"standard","meta":{"om_disable_all_campaigns":false,"jetpack_post_was_ever_published":false},"categories":[41122,10956,39],"tags":[41124,15897,24269,40019],"yst_prominent_words":[20264,15883,38491,37076,9788,26116,23815,9811,10167,21689,21948,22105,21719,26117],"acf":[],"jetpack_featured_media_url":"https:\/\/www.ludwig-van.com\/montreal\/wp-content\/uploads\/sites\/3\/2021\/07\/Actualites-27-juillet-2021-2.jpg","jetpack_sharing_enabled":true,"jetpack_shortlink":"https:\/\/wp.me\/p9bdYt-hvc","amp_enabled":true,"_links":{"self":[{"href":"https:\/\/www.ludwig-van.com\/montreal\/wp-json\/wp\/v2\/posts\/67282"}],"collection":[{"href":"https:\/\/www.ludwig-van.com\/montreal\/wp-json\/wp\/v2\/posts"}],"about":[{"href":"https:\/\/www.ludwig-van.com\/montreal\/wp-json\/wp\/v2\/types\/post"}],"author":[{"embeddable":true,"href":"https:\/\/www.ludwig-van.com\/montreal\/wp-json\/wp\/v2\/users\/51"}],"replies":[{"embeddable":true,"href":"https:\/\/www.ludwig-van.com\/montreal\/wp-json\/wp\/v2\/comments?post=67282"}],"version-history":[{"count":9,"href":"https:\/\/www.ludwig-van.com\/montreal\/wp-json\/wp\/v2\/posts\/67282\/revisions"}],"predecessor-version":[{"id":67296,"href":"https:\/\/www.ludwig-van.com\/montreal\/wp-json\/wp\/v2\/posts\/67282\/revisions\/67296"}],"wp:featuredmedia":[{"embeddable":true,"href":"https:\/\/www.ludwig-van.com\/montreal\/wp-json\/wp\/v2\/media\/67293"}],"wp:attachment":[{"href":"https:\/\/www.ludwig-van.com\/montreal\/wp-json\/wp\/v2\/media?parent=67282"}],"wp:term":[{"taxonomy":"category","embeddable":true,"href":"https:\/\/www.ludwig-van.com\/montreal\/wp-json\/wp\/v2\/categories?post=67282"},{"taxonomy":"post_tag","embeddable":true,"href":"https:\/\/www.ludwig-van.com\/montreal\/wp-json\/wp\/v2\/tags?post=67282"},{"taxonomy":"yst_prominent_words","embeddable":true,"href":"https:\/\/www.ludwig-van.com\/montreal\/wp-json\/wp\/v2\/yst_prominent_words?post=67282"}],"curies":[{"name":"wp","href":"https:\/\/api.w.org\/{rel}","templated":true}]}}