{"id":67229,"date":"2021-07-21T11:07:02","date_gmt":"2021-07-21T15:07:02","guid":{"rendered":"https:\/\/www.ludwig-van.com\/montreal\/?p=67229"},"modified":"2021-07-21T11:07:02","modified_gmt":"2021-07-21T15:07:02","slug":"nouvelle-ecoute-musicale-en-hausse-au-canada-pandemie-selon-etude","status":"publish","type":"post","link":"https:\/\/www.ludwig-van.com\/montreal\/2021\/07\/21\/nouvelle-ecoute-musicale-en-hausse-au-canada-pandemie-selon-etude\/","title":{"rendered":"NOUVELLE | L&rsquo;\u00e9coute musicale en hausse au Canada depuis le d\u00e9but de la pand\u00e9mie, selon une \u00e9tude"},"content":{"rendered":"<p style=\"text-align: center;\"><img decoding=\"async\" loading=\"lazy\" class=\"aligncenter size-full wp-image-67234\" src=\"https:\/\/www.ludwig-van.com\/montreal\/wp-content\/uploads\/sites\/3\/2021\/07\/SONDAGE-mrc.jpg\" alt=\"\" width=\"1200\" height=\"628\" \/><\/p>\n<p>Une <a href=\"https:\/\/static.billboard.com\/files\/2021\/07\/MRCData_MIDYEAR_2021_Canada_FINAL-1626123390.pdf\" target=\"_blank\" rel=\"noopener\">r\u00e9cente \u00e9tude<\/a> de MRC Data, en collaboration avec le <em>Billboard Magazine<\/em>, pr\u00e9sente un portrait de l&rsquo;industrie musicale canadienne et globale des six premiers mois de 2021, et constate que l&rsquo;\u00e9coute musicale est en hausse. Les chiffres sont compar\u00e9s aux r\u00e9sultats des six premiers mois de 2020, alors que la pand\u00e9mie a commenc\u00e9 \u00e0 faire des ravages sur le milieu de la musique et des arts vivants.<\/p>\n<p>La bonne nouvelle, c&rsquo;est que dans l&rsquo;ensemble, la consommation de musique au Canada est en hausse de 10,6 % d&rsquo;un ann\u00e9e \u00e0 l&rsquo;autre, et que les r\u00e9sultats surpassent m\u00eame ceux d&rsquo;avant la COVID-19.<\/p>\n<p>On peut lire, dans le rapport:<\/p>\n<p>&nbsp;<\/p>\n<blockquote><p>Les consommateurs s&rsquo;accrochent \u00e0 l&rsquo;optimisme musical pour s&rsquo;aider \u00e0 traverser les \u00e9preuves d&rsquo;une ann\u00e9e stressante, alors que 55% des r\u00e9pondants \u00e9coutant de la musique ont dit \u00e9couter de la musique \u00ab\u00a0entra\u00eenante et joyeuse\u00a0\u00bb, en avril, mentionnant qu&rsquo;il s&rsquo;agit de la chose la plus importante que l&rsquo;industrie musicale peut leur offrir durant la pand\u00e9mie de COVID-19 &#8211; le rapport MRC de mi-ann\u00e9e pour le Canada<\/p><\/blockquote>\n<p>&nbsp;<\/p>\n<p>Aux \u00c9tats-Unis, 37% des consommateurs disent passer plus de temps \u00e0 \u00e9couter de la musique au quotidien, alors que les choses reviennent \u00e0 la normale. On anticipe que la demande pour la musique <em>live<\/em> sera \u00e9lev\u00e9e.<\/p>\n<ul>\n<li>59% des r\u00e9pondants au sondage disent qu&rsquo;ils s&rsquo;ennuient de socialiser et de rencontrer des gens lors d&rsquo;\u00e9v\u00e9nements musicaux<\/li>\n<li>38% des gens qui vont \u00e0 des concerts se disaient pr\u00eats \u00e0 assister \u00e0 un \u00e9v\u00e9nement dans un d\u00e9lai d&rsquo;un mois ou moins suivant la disponibilit\u00e9 de la vaccination au public<\/li>\n<\/ul>\n<h3><strong>Un album de l&rsquo;OSM en t\u00eate du palmar\u00e8s<\/strong><\/h3>\n<p>On ne sera certes pas \u00e9tonn\u00e9 d&rsquo;apprendre que le populaire chanteur RnB <strong>The Weeknd<\/strong> est en t\u00eate des ventes lorsqu&rsquo;on combine l&rsquo;\u00e9coute en <em>streaming<\/em> et les albums. Toutefois, l&rsquo;album qui se retrouve en t\u00eate des ventes d\u00e9fie les tendances: il s&rsquo;agit de l&rsquo;album <em>Histoires Sans Paroles<\/em>, de l&rsquo;<strong>Orchestre symphonique de Montr\u00e9al<\/strong>, avec les pi\u00e8ces du groupe Harmonium. Ce nouvel enregistrement, dirig\u00e9 par <strong>Simon Leclerc<\/strong>, qui a aussi sign\u00e9 l&rsquo;adaptation symphonique, a atteint les 25 000 copies vendues, alors qu&rsquo;il n&rsquo;est disponible que sur le site d\u00e9di\u00e9 d&rsquo;Harmonium!<\/p>\n<p>&nbsp;<\/p>\n<div class=\"jetpack-video-wrapper\"><span class=\"embed-youtube\" style=\"text-align:center; display: block;\"><iframe loading=\"lazy\" class=\"youtube-player\" width=\"640\" height=\"360\" src=\"https:\/\/www.youtube.com\/embed\/vvqqPjnUViU?version=3&#038;rel=1&#038;showsearch=0&#038;showinfo=1&#038;iv_load_policy=1&#038;fs=1&#038;hl=fr-FR&#038;autohide=2&#038;wmode=transparent\" allowfullscreen=\"true\" style=\"border:0;\" sandbox=\"allow-scripts allow-same-origin allow-popups allow-presentation\"><\/iframe><\/span><\/div>\n<p>Mentionnons \u00e9galement que l&rsquo;album <em>Immersion<\/em>, d&rsquo;<strong>Ang\u00e8le Dubeau<\/strong>, se classe en 4e position des ventes num\u00e9riques, avec 7000 copies.<\/p>\n<p>D&rsquo;autres donn\u00e9es pour le Canada:<\/p>\n<ul>\n<li>La consommation totale d&rsquo;album est en hausse de 10,6%<\/li>\n<li>Les pi\u00e8ces en streaming sur demande sont en hausse de 11,4%<\/li>\n<li>La consommation totale de musique en format num\u00e9rique en hausse de 10,9%<\/li>\n<li>La vente d&rsquo;albums physiques en hausse de 5%<\/li>\n<li>La hausse d&rsquo;albums vinyl en hausse de 53%, mais repr\u00e9sente une tr\u00e8s petite part du march\u00e9<\/li>\n<\/ul>\n<p>Les \u00e9v\u00e9nements en <em>livestreaming<\/em> sont encore pr\u00e9sents, mais les chiffres ont baiss\u00e9 consid\u00e9rablement depuis que les salles de spectacles ont recommenc\u00e9 \u00e0 ouvrir leurs portes en Am\u00e9rique du Nord. L&rsquo;avenir semble \u00e9voluer vers un m\u00e9lange de concerts en salles et d&rsquo;\u00e9coute en ligne.<\/p>\n<p>Du c\u00f4t\u00e9 de la musique classique, les choses sont un peu diff\u00e9rentes:<\/p>\n<ul>\n<li>Les vid\u00e9os \u00e0 la demande ont augment\u00e9 de 1,1%<\/li>\n<li>L&rsquo;audio \u00e0 la demande: augmentation de 73,5%<\/li>\n<li>La vente de pi\u00e8ces en format num\u00e9rique: augmentation de 1,8%<\/li>\n<li>La vente d&rsquo;albums num\u00e9riques, augmentation de 8,5%<\/li>\n<li>La vente d&rsquo;albums physiques a augment\u00e9 de 13,1%<\/li>\n<\/ul>\n<p>Quoiqu&rsquo;il en soit, m\u00eame si les fa\u00e7ons de l&rsquo;\u00e9couter \u00e9voluent, les Canadiens ont plus que jamais besoin de musique!<\/p>\n<p>Cet article est une traduction et une version condens\u00e9e d&rsquo;un article publi\u00e9 la semaine derni\u00e8re sur Ludwig van Toronto. <a href=\"https:\/\/www.ludwig-van.com\/toronto\/2021\/07\/14\/report-new-study-shows-canadian-music-consumption-soaring-amid-covid-19\/\" target=\"_blank\" rel=\"noopener\">LIRE L&rsquo;ORIGINAL EN ANGLAIS.\u00a0<\/a><\/p>\n<h2><em>Inscrivez-vous \u00e0 notre infolettre! La musique classique et l&rsquo;op\u00e9ra en 5 minutes, chaque jour<\/em> \u00a0<span style=\"color: #ff0000;\"><a style=\"color: #ff0000;\" href=\"https:\/\/ludwig-van.us9.list-manage.com\/subscribe?u=4f785cb3f9058f2393ccad035&amp;id=b9b160c032\" target=\"_blank\" rel=\"noopener noreferrer\">ICI\u00a0<\/a><\/span><\/h2>\n","protected":false},"excerpt":{"rendered":"<p>Une r\u00e9cente \u00e9tude de MRC Data, en collaboration avec le Billboard Magazine, pr\u00e9sente un portrait de l&rsquo;industrie musicale canadienne et globale des six premiers mois de 2021, et constate que l&rsquo;\u00e9coute musicale est \u00e0 la hausse.<\/p>\n","protected":false},"author":64,"featured_media":67234,"comment_status":"open","ping_status":"open","sticky":false,"template":"","format":"standard","meta":{"om_disable_all_campaigns":false,"jetpack_post_was_ever_published":false},"categories":[41122,10956,10992],"tags":[41124,38551,4485,2542],"yst_prominent_words":[16417,7070,38812,11215,10476,9811,10167,22834,18164,24796],"acf":[],"jetpack_featured_media_url":"https:\/\/www.ludwig-van.com\/montreal\/wp-content\/uploads\/sites\/3\/2021\/07\/SONDAGE-mrc.jpg","jetpack_sharing_enabled":true,"jetpack_shortlink":"https:\/\/wp.me\/p9bdYt-hul","amp_enabled":true,"_links":{"self":[{"href":"https:\/\/www.ludwig-van.com\/montreal\/wp-json\/wp\/v2\/posts\/67229"}],"collection":[{"href":"https:\/\/www.ludwig-van.com\/montreal\/wp-json\/wp\/v2\/posts"}],"about":[{"href":"https:\/\/www.ludwig-van.com\/montreal\/wp-json\/wp\/v2\/types\/post"}],"author":[{"embeddable":true,"href":"https:\/\/www.ludwig-van.com\/montreal\/wp-json\/wp\/v2\/users\/64"}],"replies":[{"embeddable":true,"href":"https:\/\/www.ludwig-van.com\/montreal\/wp-json\/wp\/v2\/comments?post=67229"}],"version-history":[{"count":5,"href":"https:\/\/www.ludwig-van.com\/montreal\/wp-json\/wp\/v2\/posts\/67229\/revisions"}],"predecessor-version":[{"id":67236,"href":"https:\/\/www.ludwig-van.com\/montreal\/wp-json\/wp\/v2\/posts\/67229\/revisions\/67236"}],"wp:featuredmedia":[{"embeddable":true,"href":"https:\/\/www.ludwig-van.com\/montreal\/wp-json\/wp\/v2\/media\/67234"}],"wp:attachment":[{"href":"https:\/\/www.ludwig-van.com\/montreal\/wp-json\/wp\/v2\/media?parent=67229"}],"wp:term":[{"taxonomy":"category","embeddable":true,"href":"https:\/\/www.ludwig-van.com\/montreal\/wp-json\/wp\/v2\/categories?post=67229"},{"taxonomy":"post_tag","embeddable":true,"href":"https:\/\/www.ludwig-van.com\/montreal\/wp-json\/wp\/v2\/tags?post=67229"},{"taxonomy":"yst_prominent_words","embeddable":true,"href":"https:\/\/www.ludwig-van.com\/montreal\/wp-json\/wp\/v2\/yst_prominent_words?post=67229"}],"curies":[{"name":"wp","href":"https:\/\/api.w.org\/{rel}","templated":true}]}}