{"id":67188,"date":"2021-07-12T16:42:21","date_gmt":"2021-07-12T20:42:21","guid":{"rendered":"https:\/\/www.ludwig-van.com\/montreal\/?p=67188"},"modified":"2021-07-12T16:42:21","modified_gmt":"2021-07-12T20:42:21","slug":"nouvelle-melanie-leonard-nommee-directrice-musicale-de-symphonie-nouveau-brunswick","status":"publish","type":"post","link":"https:\/\/www.ludwig-van.com\/montreal\/2021\/07\/12\/nouvelle-melanie-leonard-nommee-directrice-musicale-de-symphonie-nouveau-brunswick\/","title":{"rendered":"NOUVELLE  | M\u00e9lanie L\u00e9onard nomm\u00e9e directrice musicale de Symphonie Nouveau-Brunswick"},"content":{"rendered":"<figure id=\"attachment_67189\" aria-describedby=\"caption-attachment-67189\" style=\"width: 1200px\" class=\"wp-caption aligncenter\"><img decoding=\"async\" loading=\"lazy\" class=\"size-full wp-image-67189\" src=\"https:\/\/www.ludwig-van.com\/montreal\/wp-content\/uploads\/sites\/3\/2021\/07\/Melanie-Leonard-cover.jpg\" alt=\"M\u00e9lanie L\u00e9onard, cheffe d'orchestre. (Photo : Westmount Photography, Robert Provencher)\" width=\"1200\" height=\"628\" \/><figcaption id=\"caption-attachment-67189\" class=\"wp-caption-text\">M\u00e9lanie L\u00e9onard, cheffe d&rsquo;orchestre. (Photo : Westmount Photography, Robert Provencher)<\/figcaption><\/figure>\n<p>La cheffe d&rsquo;orchestre qu\u00e9b\u00e9coise <strong>M\u00e9lanie L\u00e9onard<\/strong> vient d&rsquo;annoncer sa nomination \u00e0 titre de directrice musicale de <strong>Symphonie Nouveau-Brunswick<\/strong>.<\/p>\n<p>Selon la direction de <strong>Symphonie Nouveau-Brunswick<\/strong>, le processus de s\u00e9lection approfondi s&rsquo;est \u00e9tal\u00e9 sur pr\u00e8s de trois ans. La Qu\u00e9b\u00e9coise s&rsquo;est d\u00e9marqu\u00e9e d&rsquo;un grand nombre de candidats dans le cadre de ce processus entrepris en 2018, alors que plus de 50 candidatures provenant du Canada, des \u00c9tats-Unis et de l&rsquo;Europe ont \u00e9t\u00e9 soumises.<\/p>\n<p>\u00ab M\u00e9lanie est dou\u00e9e d\u2019un m\u00e9lange exceptionnel d\u2019exp\u00e9rience et de vision qui permettra \u00e0 Symphonie Nouveau-Brunswick d\u2019atteindre un niveau sup\u00e9rieur \u00bb, d\u00e9clare Reid Parker, le pr\u00e9sident de SNB. \u00ab Nous savons qu\u2019elle poss\u00e8de les ressources n\u00e9cessaires pour nous aider \u00e0 devenir un acteur majeur sur la sc\u00e8ne orchestrale au Canada. \u00bb<\/p>\n<p>Elle commencera \u00e0 travailler avec l\u2019orchestre cet automne. Il s&rsquo;agit de l\u2019unique orchestre int\u00e9gralement professionnel de la province, que <strong>M\u00e9lanie L\u00e9onard<\/strong> avait d\u00e9j\u00e0 dirig\u00e9 comme chef orchestre invit\u00e9e en 2018.<\/p>\n<p>\u00ab J\u2019ai une foule d\u2019id\u00e9es et j\u2019ai h\u00e2te de promouvoir l\u2019excellence artistique de Symphonie Nouveau-Brunswick et de contribuer \u00e0 la richesse de sa vision, d\u00e9clare <strong>M\u00e9lanie L\u00e9onard<\/strong>, par voie de communiqu\u00e9. Je suis inspir\u00e9e par l\u2019id\u00e9e de participer \u00e0 notre avenir en explorant de nouveaux horizons, tout en respectant les traditions de l\u2019orchestre. \u00bb<\/p>\n<p><strong>M\u00e9lanie L\u00e9onard<\/strong> a dirig\u00e9 plusieurs grands orchestres symphoniques \u00e0 travers le Canada, dont le Toronto Symphony Orchestra, l\u2019Orchestre du Centre national des Arts, l\u2019Orchestre M\u00e9tropolitain, la Calgary Philharmonic Orchestra, l\u2019Edmonton Symphony Orchestra, la Winnipeg Symphony Orchestra et Les Violons du Roy. Elle est actuellement directrice musicale de l\u2019Orchestre symphonique de Sudbury et elle a \u00e9t\u00e9 chef d\u2019orchestre en r\u00e9sidence puis associ\u00e9e avec le Calgary Philharmonic Orchestra.<\/p>\n<p>Toutes nos f\u00e9licitations \u00e0 <strong>M\u00e9lanie L\u00e9onard.<\/strong><\/p>\n<h2><em>Inscrivez-vous \u00e0 notre infolettre! La musique classique et l&rsquo;op\u00e9ra en 5 minutes, chaque jour<\/em> \u00a0<span style=\"color: #ff0000;\"><a style=\"color: #ff0000;\" href=\"https:\/\/ludwig-van.us9.list-manage.com\/subscribe?u=4f785cb3f9058f2393ccad035&amp;id=b9b160c032\" target=\"_blank\" rel=\"noopener noreferrer\">ICI\u00a0<\/a><\/span><\/h2>\n","protected":false},"excerpt":{"rendered":"<p>La cheffe d&rsquo;orchestre qu\u00e9b\u00e9coise M\u00e9lanie L\u00e9onard vient d&rsquo;annoncer sa nomination \u00e0 titre de directrice musicale de Symphonie Nouveau Brunswick.\u00a0<\/p>\n","protected":false},"author":51,"featured_media":67189,"comment_status":"open","ping_status":"open","sticky":false,"template":"","format":"standard","meta":{"om_disable_all_campaigns":false,"jetpack_post_was_ever_published":false},"categories":[41122,10956,10992],"tags":[41124,41982,41983],"yst_prominent_words":[10479,7538,7070,34615,34631,10444,28614,9813,9106,19447,19450,6613,6981,16676,10109,6637,6826],"acf":[],"jetpack_featured_media_url":"https:\/\/www.ludwig-van.com\/montreal\/wp-content\/uploads\/sites\/3\/2021\/07\/Melanie-Leonard-cover.jpg","jetpack_sharing_enabled":true,"jetpack_shortlink":"https:\/\/wp.me\/p9bdYt-htG","amp_enabled":true,"_links":{"self":[{"href":"https:\/\/www.ludwig-van.com\/montreal\/wp-json\/wp\/v2\/posts\/67188"}],"collection":[{"href":"https:\/\/www.ludwig-van.com\/montreal\/wp-json\/wp\/v2\/posts"}],"about":[{"href":"https:\/\/www.ludwig-van.com\/montreal\/wp-json\/wp\/v2\/types\/post"}],"author":[{"embeddable":true,"href":"https:\/\/www.ludwig-van.com\/montreal\/wp-json\/wp\/v2\/users\/51"}],"replies":[{"embeddable":true,"href":"https:\/\/www.ludwig-van.com\/montreal\/wp-json\/wp\/v2\/comments?post=67188"}],"version-history":[{"count":3,"href":"https:\/\/www.ludwig-van.com\/montreal\/wp-json\/wp\/v2\/posts\/67188\/revisions"}],"predecessor-version":[{"id":67192,"href":"https:\/\/www.ludwig-van.com\/montreal\/wp-json\/wp\/v2\/posts\/67188\/revisions\/67192"}],"wp:featuredmedia":[{"embeddable":true,"href":"https:\/\/www.ludwig-van.com\/montreal\/wp-json\/wp\/v2\/media\/67189"}],"wp:attachment":[{"href":"https:\/\/www.ludwig-van.com\/montreal\/wp-json\/wp\/v2\/media?parent=67188"}],"wp:term":[{"taxonomy":"category","embeddable":true,"href":"https:\/\/www.ludwig-van.com\/montreal\/wp-json\/wp\/v2\/categories?post=67188"},{"taxonomy":"post_tag","embeddable":true,"href":"https:\/\/www.ludwig-van.com\/montreal\/wp-json\/wp\/v2\/tags?post=67188"},{"taxonomy":"yst_prominent_words","embeddable":true,"href":"https:\/\/www.ludwig-van.com\/montreal\/wp-json\/wp\/v2\/yst_prominent_words?post=67188"}],"curies":[{"name":"wp","href":"https:\/\/api.w.org\/{rel}","templated":true}]}}